{"id":15789,"date":"2025-02-03T15:13:30","date_gmt":"2025-02-03T20:13:30","guid":{"rendered":"https:\/\/contrastes.com.co\/digital\/?p=15789"},"modified":"2025-02-03T18:58:17","modified_gmt":"2025-02-03T23:58:17","slug":"bando-y-coronacion-de-daniela-munoz-mostro-la-tierra-de-maravilla-que-es-soledad","status":"publish","type":"post","link":"https:\/\/contrastes.com.co\/digital\/bando-y-coronacion-de-daniela-munoz-mostro-la-tierra-de-maravilla-que-es-soledad\/","title":{"rendered":"Bando y Coronaci\u00f3n de Daniela Mu\u00f1oz, mostr\u00f3 la \u201cTierra de Maravilla\u201d que es Soledad"},"content":{"rendered":"<blockquote><p><strong>262 artistas en escena ratificaron la fortaleza cultural del municipio, a trav\u00e9s de la m\u00fasica, danza y tradici\u00f3n\u00a0El Bando y Coronaci\u00f3n de la reina Daniela Mu\u00f1oz, fue un espect\u00e1culo con entrada libre, al cual tuvieron acceso los solede\u00f1os completamente gratis.<\/strong><\/p><\/blockquote>\n<p>Soledad, febrero 2 de 2025<\/p>\n<p>Un gran espect\u00e1culo disfrutaron este s\u00e1bado, los asistentes a la Plaza Principal de Soledad, durante la lectura del Bando y Coronaci\u00f3n de la reina del Carnaval, Daniela Mu\u00f1oz Iglesias, quien junto a m\u00e1s de 262 artistas en escena, dio vida al show central denominado Tierra de Maravillas, un espect\u00e1culo que este a\u00f1o rindi\u00f3 homenaje a los monumentos m\u00e1s emblem\u00e1ticos del municipio, a trav\u00e9s de la cumbia, merecumb\u00e9, mapal\u00e9, bullerengue, letan\u00edas y d\u00e9cimas, convirtiendose en un acto de salvaguarda patrimonial, destacando la riqueza cultural y la historia que encierran las esculturas y monumentos de Soledad.<\/p>\n<p>Con una presentaci\u00f3n art\u00edstica de lujo llena de folclor, color y con el esp\u00edritu alegre de su gente, que estuvo acompa\u00f1ada de la Orquesta de Pacho Gal\u00e1n Big Band, se reafirm\u00f3, porque Soledad es el emporio cultural de la regi\u00f3n Caribe.<\/p>\n<div id='gallery-1' class='gallery galleryid-15789 gallery-columns-1 gallery-size-large'><figure class='gallery-item'>\n\t\t\t<div class='gallery-icon landscape'>\n\t\t\t\t<a href='https:\/\/contrastes.com.co\/digital\/bando-y-coronacion-de-daniela-munoz-mostro-la-tierra-de-maravilla-que-es-soledad\/whatsapp-image-2025-02-03-at-1-49-56-pm-3\/'><img loading=\"lazy\" decoding=\"async\" width=\"640\" height=\"386\" src=\"https:\/\/contrastes.com.co\/digital\/wp-content\/uploads\/2025\/02\/WhatsApp-Image-2025-02-03-at-1.49.56-PM-3-1024x618.jpeg\" class=\"attachment-large size-large\" alt=\"\" srcset=\"https:\/\/contrastes.com.co\/digital\/wp-content\/uploads\/2025\/02\/WhatsApp-Image-2025-02-03-at-1.49.56-PM-3-1024x618.jpeg 1024w, https:\/\/contrastes.com.co\/digital\/wp-content\/uploads\/2025\/02\/WhatsApp-Image-2025-02-03-at-1.49.56-PM-3-300x181.jpeg 300w, https:\/\/contrastes.com.co\/digital\/wp-content\/uploads\/2025\/02\/WhatsApp-Image-2025-02-03-at-1.49.56-PM-3-768x463.jpeg 768w, https:\/\/contrastes.com.co\/digital\/wp-content\/uploads\/2025\/02\/WhatsApp-Image-2025-02-03-at-1.49.56-PM-3-1536x926.jpeg 1536w, https:\/\/contrastes.com.co\/digital\/wp-content\/uploads\/2025\/02\/WhatsApp-Image-2025-02-03-at-1.49.56-PM-3.jpeg 1600w\" sizes=\"auto, (max-width: 640px) 100vw, 640px\" \/><\/a>\n\t\t\t<\/div><\/figure><figure class='gallery-item'>\n\t\t\t<div class='gallery-icon landscape'>\n\t\t\t\t<a href='https:\/\/contrastes.com.co\/digital\/bando-y-coronacion-de-daniela-munoz-mostro-la-tierra-de-maravilla-que-es-soledad\/whatsapp-image-2025-02-03-at-1-49-55-pm-2\/'><img loading=\"lazy\" decoding=\"async\" width=\"640\" height=\"427\" src=\"https:\/\/contrastes.com.co\/digital\/wp-content\/uploads\/2025\/02\/WhatsApp-Image-2025-02-03-at-1.49.55-PM-2-1024x683.jpeg\" class=\"attachment-large size-large\" alt=\"\" srcset=\"https:\/\/contrastes.com.co\/digital\/wp-content\/uploads\/2025\/02\/WhatsApp-Image-2025-02-03-at-1.49.55-PM-2-1024x683.jpeg 1024w, https:\/\/contrastes.com.co\/digital\/wp-content\/uploads\/2025\/02\/WhatsApp-Image-2025-02-03-at-1.49.55-PM-2-300x200.jpeg 300w, https:\/\/contrastes.com.co\/digital\/wp-content\/uploads\/2025\/02\/WhatsApp-Image-2025-02-03-at-1.49.55-PM-2-768x512.jpeg 768w, https:\/\/contrastes.com.co\/digital\/wp-content\/uploads\/2025\/02\/WhatsApp-Image-2025-02-03-at-1.49.55-PM-2-1536x1024.jpeg 1536w, https:\/\/contrastes.com.co\/digital\/wp-content\/uploads\/2025\/02\/WhatsApp-Image-2025-02-03-at-1.49.55-PM-2.jpeg 1599w\" sizes=\"auto, (max-width: 640px) 100vw, 640px\" \/><\/a>\n\t\t\t<\/div><\/figure><figure class='gallery-item'>\n\t\t\t<div class='gallery-icon landscape'>\n\t\t\t\t<a href='https:\/\/contrastes.com.co\/digital\/bando-y-coronacion-de-daniela-munoz-mostro-la-tierra-de-maravilla-que-es-soledad\/whatsapp-image-2025-02-03-at-1-49-55-pm-3\/'><img loading=\"lazy\" decoding=\"async\" width=\"640\" height=\"427\" src=\"https:\/\/contrastes.com.co\/digital\/wp-content\/uploads\/2025\/02\/WhatsApp-Image-2025-02-03-at-1.49.55-PM-3-1024x683.jpeg\" class=\"attachment-large size-large\" alt=\"\" srcset=\"https:\/\/contrastes.com.co\/digital\/wp-content\/uploads\/2025\/02\/WhatsApp-Image-2025-02-03-at-1.49.55-PM-3-1024x683.jpeg 1024w, https:\/\/contrastes.com.co\/digital\/wp-content\/uploads\/2025\/02\/WhatsApp-Image-2025-02-03-at-1.49.55-PM-3-300x200.jpeg 300w, https:\/\/contrastes.com.co\/digital\/wp-content\/uploads\/2025\/02\/WhatsApp-Image-2025-02-03-at-1.49.55-PM-3-768x512.jpeg 768w, https:\/\/contrastes.com.co\/digital\/wp-content\/uploads\/2025\/02\/WhatsApp-Image-2025-02-03-at-1.49.55-PM-3-1536x1024.jpeg 1536w, https:\/\/contrastes.com.co\/digital\/wp-content\/uploads\/2025\/02\/WhatsApp-Image-2025-02-03-at-1.49.55-PM-3.jpeg 1599w\" sizes=\"auto, (max-width: 640px) 100vw, 640px\" \/><\/a>\n\t\t\t<\/div><\/figure><figure class='gallery-item'>\n\t\t\t<div class='gallery-icon landscape'>\n\t\t\t\t<a href='https:\/\/contrastes.com.co\/digital\/bando-y-coronacion-de-daniela-munoz-mostro-la-tierra-de-maravilla-que-es-soledad\/whatsapp-image-2025-02-03-at-1-49-55-pm-5\/'><img loading=\"lazy\" decoding=\"async\" width=\"640\" height=\"427\" src=\"https:\/\/contrastes.com.co\/digital\/wp-content\/uploads\/2025\/02\/WhatsApp-Image-2025-02-03-at-1.49.55-PM-5-1024x683.jpeg\" class=\"attachment-large size-large\" alt=\"\" srcset=\"https:\/\/contrastes.com.co\/digital\/wp-content\/uploads\/2025\/02\/WhatsApp-Image-2025-02-03-at-1.49.55-PM-5-1024x683.jpeg 1024w, https:\/\/contrastes.com.co\/digital\/wp-content\/uploads\/2025\/02\/WhatsApp-Image-2025-02-03-at-1.49.55-PM-5-300x200.jpeg 300w, https:\/\/contrastes.com.co\/digital\/wp-content\/uploads\/2025\/02\/WhatsApp-Image-2025-02-03-at-1.49.55-PM-5-768x512.jpeg 768w, https:\/\/contrastes.com.co\/digital\/wp-content\/uploads\/2025\/02\/WhatsApp-Image-2025-02-03-at-1.49.55-PM-5-1536x1024.jpeg 1536w, https:\/\/contrastes.com.co\/digital\/wp-content\/uploads\/2025\/02\/WhatsApp-Image-2025-02-03-at-1.49.55-PM-5.jpeg 1599w\" sizes=\"auto, (max-width: 640px) 100vw, 640px\" \/><\/a>\n\t\t\t<\/div><\/figure><figure class='gallery-item'>\n\t\t\t<div class='gallery-icon landscape'>\n\t\t\t\t<a href='https:\/\/contrastes.com.co\/digital\/bando-y-coronacion-de-daniela-munoz-mostro-la-tierra-de-maravilla-que-es-soledad\/whatsapp-image-2025-02-03-at-1-49-55-pm\/'><img loading=\"lazy\" decoding=\"async\" width=\"640\" height=\"640\" src=\"https:\/\/contrastes.com.co\/digital\/wp-content\/uploads\/2025\/02\/WhatsApp-Image-2025-02-03-at-1.49.55-PM-1024x1024.jpeg\" class=\"attachment-large size-large\" alt=\"\" srcset=\"https:\/\/contrastes.com.co\/digital\/wp-content\/uploads\/2025\/02\/WhatsApp-Image-2025-02-03-at-1.49.55-PM-1024x1024.jpeg 1024w, https:\/\/contrastes.com.co\/digital\/wp-content\/uploads\/2025\/02\/WhatsApp-Image-2025-02-03-at-1.49.55-PM-300x300.jpeg 300w, https:\/\/contrastes.com.co\/digital\/wp-content\/uploads\/2025\/02\/WhatsApp-Image-2025-02-03-at-1.49.55-PM-150x150.jpeg 150w, https:\/\/contrastes.com.co\/digital\/wp-content\/uploads\/2025\/02\/WhatsApp-Image-2025-02-03-at-1.49.55-PM-768x768.jpeg 768w, https:\/\/contrastes.com.co\/digital\/wp-content\/uploads\/2025\/02\/WhatsApp-Image-2025-02-03-at-1.49.55-PM-1536x1536.jpeg 1536w, https:\/\/contrastes.com.co\/digital\/wp-content\/uploads\/2025\/02\/WhatsApp-Image-2025-02-03-at-1.49.55-PM-60x60.jpeg 60w, https:\/\/contrastes.com.co\/digital\/wp-content\/uploads\/2025\/02\/WhatsApp-Image-2025-02-03-at-1.49.55-PM-600x600.jpeg 600w, https:\/\/contrastes.com.co\/digital\/wp-content\/uploads\/2025\/02\/WhatsApp-Image-2025-02-03-at-1.49.55-PM.jpeg 1600w\" sizes=\"auto, (max-width: 640px) 100vw, 640px\" \/><\/a>\n\t\t\t<\/div><\/figure><figure class='gallery-item'>\n\t\t\t<div class='gallery-icon landscape'>\n\t\t\t\t<a href='https:\/\/contrastes.com.co\/digital\/bando-y-coronacion-de-daniela-munoz-mostro-la-tierra-de-maravilla-que-es-soledad\/whatsapp-image-2025-02-03-at-1-49-56-pm-2\/'><img loading=\"lazy\" decoding=\"async\" width=\"640\" height=\"360\" src=\"https:\/\/contrastes.com.co\/digital\/wp-content\/uploads\/2025\/02\/WhatsApp-Image-2025-02-03-at-1.49.56-PM-2-1024x576.jpeg\" class=\"attachment-large size-large\" alt=\"\" srcset=\"https:\/\/contrastes.com.co\/digital\/wp-content\/uploads\/2025\/02\/WhatsApp-Image-2025-02-03-at-1.49.56-PM-2-1024x576.jpeg 1024w, https:\/\/contrastes.com.co\/digital\/wp-content\/uploads\/2025\/02\/WhatsApp-Image-2025-02-03-at-1.49.56-PM-2-300x169.jpeg 300w, https:\/\/contrastes.com.co\/digital\/wp-content\/uploads\/2025\/02\/WhatsApp-Image-2025-02-03-at-1.49.56-PM-2-768x432.jpeg 768w, https:\/\/contrastes.com.co\/digital\/wp-content\/uploads\/2025\/02\/WhatsApp-Image-2025-02-03-at-1.49.56-PM-2-1536x865.jpeg 1536w, https:\/\/contrastes.com.co\/digital\/wp-content\/uploads\/2025\/02\/WhatsApp-Image-2025-02-03-at-1.49.56-PM-2-2048x1153.jpeg 2048w\" sizes=\"auto, (max-width: 640px) 100vw, 640px\" \/><\/a>\n\t\t\t<\/div><\/figure><figure class='gallery-item'>\n\t\t\t<div class='gallery-icon landscape'>\n\t\t\t\t<a href='https:\/\/contrastes.com.co\/digital\/bando-y-coronacion-de-daniela-munoz-mostro-la-tierra-de-maravilla-que-es-soledad\/whatsapp-image-2025-02-03-at-1-49-56-pm-3-2\/'><img loading=\"lazy\" decoding=\"async\" width=\"640\" height=\"386\" src=\"https:\/\/contrastes.com.co\/digital\/wp-content\/uploads\/2025\/02\/WhatsApp-Image-2025-02-03-at-1.49.56-PM-3-1-1024x618.jpeg\" class=\"attachment-large size-large\" alt=\"\" srcset=\"https:\/\/contrastes.com.co\/digital\/wp-content\/uploads\/2025\/02\/WhatsApp-Image-2025-02-03-at-1.49.56-PM-3-1-1024x618.jpeg 1024w, https:\/\/contrastes.com.co\/digital\/wp-content\/uploads\/2025\/02\/WhatsApp-Image-2025-02-03-at-1.49.56-PM-3-1-300x181.jpeg 300w, https:\/\/contrastes.com.co\/digital\/wp-content\/uploads\/2025\/02\/WhatsApp-Image-2025-02-03-at-1.49.56-PM-3-1-768x463.jpeg 768w, https:\/\/contrastes.com.co\/digital\/wp-content\/uploads\/2025\/02\/WhatsApp-Image-2025-02-03-at-1.49.56-PM-3-1-1536x926.jpeg 1536w, https:\/\/contrastes.com.co\/digital\/wp-content\/uploads\/2025\/02\/WhatsApp-Image-2025-02-03-at-1.49.56-PM-3-1.jpeg 1600w\" sizes=\"auto, (max-width: 640px) 100vw, 640px\" \/><\/a>\n\t\t\t<\/div><\/figure><figure class='gallery-item'>\n\t\t\t<div class='gallery-icon landscape'>\n\t\t\t\t<a href='https:\/\/contrastes.com.co\/digital\/bando-y-coronacion-de-daniela-munoz-mostro-la-tierra-de-maravilla-que-es-soledad\/whatsapp-image-2025-02-03-at-1-49-56-pm-4\/'><img loading=\"lazy\" decoding=\"async\" width=\"640\" height=\"640\" src=\"https:\/\/contrastes.com.co\/digital\/wp-content\/uploads\/2025\/02\/WhatsApp-Image-2025-02-03-at-1.49.56-PM-4-1024x1024.jpeg\" class=\"attachment-large size-large\" alt=\"\" srcset=\"https:\/\/contrastes.com.co\/digital\/wp-content\/uploads\/2025\/02\/WhatsApp-Image-2025-02-03-at-1.49.56-PM-4-1024x1024.jpeg 1024w, https:\/\/contrastes.com.co\/digital\/wp-content\/uploads\/2025\/02\/WhatsApp-Image-2025-02-03-at-1.49.56-PM-4-300x300.jpeg 300w, https:\/\/contrastes.com.co\/digital\/wp-content\/uploads\/2025\/02\/WhatsApp-Image-2025-02-03-at-1.49.56-PM-4-150x150.jpeg 150w, https:\/\/contrastes.com.co\/digital\/wp-content\/uploads\/2025\/02\/WhatsApp-Image-2025-02-03-at-1.49.56-PM-4-768x768.jpeg 768w, https:\/\/contrastes.com.co\/digital\/wp-content\/uploads\/2025\/02\/WhatsApp-Image-2025-02-03-at-1.49.56-PM-4-1536x1536.jpeg 1536w, https:\/\/contrastes.com.co\/digital\/wp-content\/uploads\/2025\/02\/WhatsApp-Image-2025-02-03-at-1.49.56-PM-4-2048x2048.jpeg 2048w, https:\/\/contrastes.com.co\/digital\/wp-content\/uploads\/2025\/02\/WhatsApp-Image-2025-02-03-at-1.49.56-PM-4-60x60.jpeg 60w, https:\/\/contrastes.com.co\/digital\/wp-content\/uploads\/2025\/02\/WhatsApp-Image-2025-02-03-at-1.49.56-PM-4-600x600.jpeg 600w\" sizes=\"auto, (max-width: 640px) 100vw, 640px\" \/><\/a>\n\t\t\t<\/div><\/figure><figure class='gallery-item'>\n\t\t\t<div class='gallery-icon landscape'>\n\t\t\t\t<a href='https:\/\/contrastes.com.co\/digital\/bando-y-coronacion-de-daniela-munoz-mostro-la-tierra-de-maravilla-que-es-soledad\/whatsapp-image-2025-02-03-at-1-49-56-pm-5\/'><img loading=\"lazy\" decoding=\"async\" width=\"640\" height=\"360\" src=\"https:\/\/contrastes.com.co\/digital\/wp-content\/uploads\/2025\/02\/WhatsApp-Image-2025-02-03-at-1.49.56-PM-5-1024x576.jpeg\" class=\"attachment-large size-large\" alt=\"\" srcset=\"https:\/\/contrastes.com.co\/digital\/wp-content\/uploads\/2025\/02\/WhatsApp-Image-2025-02-03-at-1.49.56-PM-5-1024x576.jpeg 1024w, https:\/\/contrastes.com.co\/digital\/wp-content\/uploads\/2025\/02\/WhatsApp-Image-2025-02-03-at-1.49.56-PM-5-300x169.jpeg 300w, https:\/\/contrastes.com.co\/digital\/wp-content\/uploads\/2025\/02\/WhatsApp-Image-2025-02-03-at-1.49.56-PM-5-768x432.jpeg 768w, https:\/\/contrastes.com.co\/digital\/wp-content\/uploads\/2025\/02\/WhatsApp-Image-2025-02-03-at-1.49.56-PM-5-1536x864.jpeg 1536w, https:\/\/contrastes.com.co\/digital\/wp-content\/uploads\/2025\/02\/WhatsApp-Image-2025-02-03-at-1.49.56-PM-5.jpeg 1599w\" sizes=\"auto, (max-width: 640px) 100vw, 640px\" \/><\/a>\n\t\t\t<\/div><\/figure><figure class='gallery-item'>\n\t\t\t<div class='gallery-icon landscape'>\n\t\t\t\t<a href='https:\/\/contrastes.com.co\/digital\/bando-y-coronacion-de-daniela-munoz-mostro-la-tierra-de-maravilla-que-es-soledad\/whatsapp-image-2025-02-03-at-1-49-56-pm\/'><img loading=\"lazy\" decoding=\"async\" width=\"640\" height=\"640\" src=\"https:\/\/contrastes.com.co\/digital\/wp-content\/uploads\/2025\/02\/WhatsApp-Image-2025-02-03-at-1.49.56-PM-1024x1024.jpeg\" class=\"attachment-large size-large\" alt=\"\" srcset=\"https:\/\/contrastes.com.co\/digital\/wp-content\/uploads\/2025\/02\/WhatsApp-Image-2025-02-03-at-1.49.56-PM-1024x1024.jpeg 1024w, https:\/\/contrastes.com.co\/digital\/wp-content\/uploads\/2025\/02\/WhatsApp-Image-2025-02-03-at-1.49.56-PM-300x300.jpeg 300w, https:\/\/contrastes.com.co\/digital\/wp-content\/uploads\/2025\/02\/WhatsApp-Image-2025-02-03-at-1.49.56-PM-150x150.jpeg 150w, https:\/\/contrastes.com.co\/digital\/wp-content\/uploads\/2025\/02\/WhatsApp-Image-2025-02-03-at-1.49.56-PM-768x768.jpeg 768w, https:\/\/contrastes.com.co\/digital\/wp-content\/uploads\/2025\/02\/WhatsApp-Image-2025-02-03-at-1.49.56-PM-1536x1536.jpeg 1536w, https:\/\/contrastes.com.co\/digital\/wp-content\/uploads\/2025\/02\/WhatsApp-Image-2025-02-03-at-1.49.56-PM-2048x2048.jpeg 2048w, https:\/\/contrastes.com.co\/digital\/wp-content\/uploads\/2025\/02\/WhatsApp-Image-2025-02-03-at-1.49.56-PM-60x60.jpeg 60w, https:\/\/contrastes.com.co\/digital\/wp-content\/uploads\/2025\/02\/WhatsApp-Image-2025-02-03-at-1.49.56-PM-600x600.jpeg 600w\" sizes=\"auto, (max-width: 640px) 100vw, 640px\" \/><\/a>\n\t\t\t<\/div><\/figure><figure class='gallery-item'>\n\t\t\t<div class='gallery-icon landscape'>\n\t\t\t\t<a href='https:\/\/contrastes.com.co\/digital\/bando-y-coronacion-de-daniela-munoz-mostro-la-tierra-de-maravilla-que-es-soledad\/whatsapp-image-2025-02-03-at-1-49-57-pm\/'><img loading=\"lazy\" decoding=\"async\" width=\"640\" height=\"427\" src=\"https:\/\/contrastes.com.co\/digital\/wp-content\/uploads\/2025\/02\/WhatsApp-Image-2025-02-03-at-1.49.57-PM-1024x683.jpeg\" class=\"attachment-large size-large\" alt=\"\" srcset=\"https:\/\/contrastes.com.co\/digital\/wp-content\/uploads\/2025\/02\/WhatsApp-Image-2025-02-03-at-1.49.57-PM-1024x683.jpeg 1024w, https:\/\/contrastes.com.co\/digital\/wp-content\/uploads\/2025\/02\/WhatsApp-Image-2025-02-03-at-1.49.57-PM-300x200.jpeg 300w, https:\/\/contrastes.com.co\/digital\/wp-content\/uploads\/2025\/02\/WhatsApp-Image-2025-02-03-at-1.49.57-PM-768x512.jpeg 768w, https:\/\/contrastes.com.co\/digital\/wp-content\/uploads\/2025\/02\/WhatsApp-Image-2025-02-03-at-1.49.57-PM-1536x1024.jpeg 1536w, https:\/\/contrastes.com.co\/digital\/wp-content\/uploads\/2025\/02\/WhatsApp-Image-2025-02-03-at-1.49.57-PM.jpeg 1599w\" sizes=\"auto, (max-width: 640px) 100vw, 640px\" \/><\/a>\n\t\t\t<\/div><\/figure>\n\t\t<\/div>\n\n<p>\u00abSoledad tiene nombre de mujer\u00bb, fue el titulo que le di\u00f3 el dise\u00f1ador solede\u00f1o, Randy Severiche al hermoso vestido en colores blanco, plata y fucsia que luci\u00f3 la reina para su coronaci\u00f3n, como homenaje a la mujer solede\u00f1a, como eje fundamental de la sociedad y las presentes y futuras generaciones, por ser trabajadora, valiente, resiliente y ejemplo de tes\u00f3n y amor por sus comunidades.<\/p>\n<p>\u00abEs importante resaltar, el trabajo integral que se hace en el municipio, entorno a las fiestas del Carnaval, pues somos un pueblo que ofrece todo para esta celebraci\u00f3n, tenemos grupos musicales, folcl\u00f3ricos, de letan\u00edas, bailarines, artesanos, dise\u00f1adores en fin, contamos con todo el recurso humano para realizar un carnaval de alto nivel, que tambi\u00e9n vende a Soledad como destino tur\u00edstico durante estas fechas festivas\u00bb asegur\u00f3 Josefina Barrios C\u00e1ceres, secretaria de Cultura.<\/p>\n<p>Luego del show Tierra de Maravilla, inici\u00f3 la presentaci\u00f3n de los artistas invitados, con la cantante vallenata Ana Del Castillo, quien con su simpat\u00eda y carisma conquist\u00f3 el coraz\u00f3n de los asistentes; tambi\u00e9n durante su presentaci\u00f3n, destac\u00f3 el liderazgo de la alcaldesa Alcira Sandoval Ib\u00e1\u00f1ez, por su compromiso y valent\u00eda de apostarle a la transformaci\u00f3n de Soledad en un territorio de paz y oportunidades.<br \/>\nM\u00e1s tarde, realiz\u00f3 su presentaci\u00f3n el cantante de champeta cartagenero Mr. Black, Perlaak y el salsero David Pab\u00f3n, quienes pusieron a bailar y cantar sus exitos al p\u00fablico presente hasta altas horas de la madrugada.<\/p>\n<p>Asimismo, la alcaldesa Alcira Sandoval, felicit\u00f3 a la comunidad por su excelente comportamiento y agradeci\u00f3 a la Polic\u00eda Nacional por el acompa\u00f1amiento antes, durante y despu\u00e9s del evento, en la Plaza Principal y sus alrededores, al igual que la vigilancia desarrollada desde el espacio a\u00e9reo, con los sobrevuelos realizados con el helic\u00f3ptero de la instituci\u00f3n; estrategias que garantizaron la seguridad de los asistentes, al igual que la vigilancia perimetral del Ej\u00e9rcito.<\/p>\n<p>Los ciudadanos Jairo Mart\u00ednez y Laura Mendoza, expresaron su complacencia al catalogar de alto nivel el espect\u00e1culo que disfrutaron \u00abLa Alcald\u00eda se luci\u00f3 con el evento, los artistas y cantantes invitados lo han hecho super bien, adem\u00e1s nos hemos divertido interactuando con las actividades virtuales con la producci\u00f3n, como es la proyecci\u00f3n de selfies y Kiss Cam en la pantalla de la tarima. Afirmaron.<\/p>\n","protected":false},"excerpt":{"rendered":"<p>262 artistas en escena ratificaron la fortaleza cultural del municipio, a trav\u00e9s de la m\u00fasica, danza y tradici\u00f3n\u00a0El Bando y Coronaci\u00f3n de la reina Daniela Mu\u00f1oz, fue un espect\u00e1culo con entrada libre, al cual tuvieron acceso los solede\u00f1os completamente gratis. Soledad, febrero 2 de 2025 Un gran espect\u00e1culo disfrutaron este s\u00e1bado, los asistentes a la [&hellip;]<\/p>\n","protected":false},"author":5,"featured_media":15818,"comment_status":"open","ping_status":"open","sticky":false,"template":"","format":"standard","meta":{"footnotes":""},"categories":[10001,6965,1769,8887,7611,64,9593,8850,2,235,4,6],"tags":[10339,10337,10338,38],"class_list":["post-15789","post","type-post","status-publish","format-standard","has-post-thumbnail","hentry","category-alcaldia-de-soledad","category-arte","category-carnaval","category-colombia-hoy","category-convivencia-y-cultura-ciudadana","category-cultura","category-folclor","category-lester-padilla","category-locales","category-opinion","category-pais","category-region","tag-bando-y-coronacion-2025","tag-carnaval-de-soledad-2025","tag-daniela-munoz-iglesias","tag-municipio-de-soledad"],"_links":{"self":[{"href":"https:\/\/contrastes.com.co\/digital\/wp-json\/wp\/v2\/posts\/15789","targetHints":{"allow":["GET"]}}],"collection":[{"href":"https:\/\/contrastes.com.co\/digital\/wp-json\/wp\/v2\/posts"}],"about":[{"href":"https:\/\/contrastes.com.co\/digital\/wp-json\/wp\/v2\/types\/post"}],"author":[{"embeddable":true,"href":"https:\/\/contrastes.com.co\/digital\/wp-json\/wp\/v2\/users\/5"}],"replies":[{"embeddable":true,"href":"https:\/\/contrastes.com.co\/digital\/wp-json\/wp\/v2\/comments?post=15789"}],"version-history":[{"count":1,"href":"https:\/\/contrastes.com.co\/digital\/wp-json\/wp\/v2\/posts\/15789\/revisions"}],"predecessor-version":[{"id":15802,"href":"https:\/\/contrastes.com.co\/digital\/wp-json\/wp\/v2\/posts\/15789\/revisions\/15802"}],"wp:featuredmedia":[{"embeddable":true,"href":"https:\/\/contrastes.com.co\/digital\/wp-json\/wp\/v2\/media\/15818"}],"wp:attachment":[{"href":"https:\/\/contrastes.com.co\/digital\/wp-json\/wp\/v2\/media?parent=15789"}],"wp:term":[{"taxonomy":"category","embeddable":true,"href":"https:\/\/contrastes.com.co\/digital\/wp-json\/wp\/v2\/categories?post=15789"},{"taxonomy":"post_tag","embeddable":true,"href":"https:\/\/contrastes.com.co\/digital\/wp-json\/wp\/v2\/tags?post=15789"}],"curies":[{"name":"wp","href":"https:\/\/api.w.org\/{rel}","templated":true}]}}