{"id":1802,"date":"2020-07-15T12:19:47","date_gmt":"2020-07-15T17:19:47","guid":{"rendered":"https:\/\/contrastes.com.co\/digital\/?p=1802"},"modified":"2020-07-15T12:19:47","modified_gmt":"2020-07-15T17:19:47","slug":"certificacion-a-gestores-culturales-de-soledad-en-alianza-con-el-sena","status":"publish","type":"post","link":"https:\/\/contrastes.com.co\/digital\/certificacion-a-gestores-culturales-de-soledad-en-alianza-con-el-sena\/","title":{"rendered":"Certificaci\u00f3n a gestores culturales de Soledad en alianza con el SENA"},"content":{"rendered":"<blockquote><p><strong>\u201cAgradecemos al SENA Atl\u00e1ntico y al Gobierno departamental por esta gran oportunidad, consistente en estas certificaciones de competencias laborales, que ser\u00e1n de mucha importancia para los hacedores culturales de nuestro municipio\u00bb<\/strong><\/p><\/blockquote>\n<p><img loading=\"lazy\" decoding=\"async\" class=\"alignleft  wp-image-954\" src=\"https:\/\/contrastes.com.co\/digital\/wp-content\/uploads\/2020\/05\/c-capitular.png\" alt=\"c capitular\" width=\"67\" height=\"67\" srcset=\"https:\/\/contrastes.com.co\/digital\/wp-content\/uploads\/2020\/05\/c-capitular.png 100w, https:\/\/contrastes.com.co\/digital\/wp-content\/uploads\/2020\/05\/c-capitular-60x60.png 60w\" sizes=\"auto, (max-width: 67px) 100vw, 67px\" \/>on el prop\u00f3sito de cualificar los conocimientos, artes y oficios de los hacedores culturales emp\u00edricos del Departamento, la Gobernaci\u00f3n del Atl\u00e1ntico, en alianza con el SENA Regional Atl\u00e1ntico, abri\u00f3 la convocatoria de certificaci\u00f3n de competencias laborales para el sector cultural, en las \u00e1reas de artesan\u00edas y m\u00fasica.<\/p>\n<p>El alcalde, Rodolfo Ucr\u00f3s Rosales, manifest\u00f3: \u201cAgradecemos al SENA Atl\u00e1ntico y al Gobierno departamental por esta gran oportunidad, consistente en estas certificaciones de competencias laborales, que ser\u00e1n de mucha importancia para los hacedores culturales de nuestro municipio y seguramente les abrir\u00e1 las puertas a nivel nacional y mundial\u201d.<\/p>\n<p>\u201cUna de las principales necesidades del sector cultural del Atl\u00e1ntico ha sido la certificaci\u00f3n de sus oficios, que los han aprendido de manera emp\u00edrica porque llevamos el arte en nuestro ADN. Con esta convocatoria vamos a certificar su experiencia, para que as\u00ed tengan m\u00e1s oportunidades de empleo y puedan sacar adelante sus emprendimientos, en medio de la emergencia por Covid-19\u201d, asegur\u00f3 la gobernadora del Atl\u00e1ntico, Elsa Noguera.<\/p>\n<p>En su primera etapa, este proceso validar\u00e1 las habilidades y destrezas de hacedores culturales de artesan\u00edas y m\u00fasica, en 13 modalidades. Los creadores, artistas y gestores emp\u00edricos interesados en esta iniciativa, podr\u00e1n postularse a trav\u00e9s de la p\u00e1gina web <strong><a href=\"http:\/\/cultura.atlantico.gov.co\">cultura.atlantico.gov.co<\/a><\/strong>, secci\u00f3n convocatorias, hasta el pr\u00f3ximo 29 de julio.<\/p>\n<p><strong>Pruebas de conocimientos en l\u00ednea<\/strong><\/p>\n<p>Durante su registro en la p\u00e1gina web, los creadores, artistas y gestores deber\u00e1n diligenciar el formato de inscripci\u00f3n, anexar fotocopia de su documento de identidad y constancia laboral de su actividad cultural u oficio, m\u00ednima de seis meses.<\/p>\n<p>En el transcurso del proceso de evaluaci\u00f3n en l\u00ednea, que incluye toma de evidencias y aplicaci\u00f3n de pruebas de conocimientos, el hacedor se conectar\u00e1 a trav\u00e9s de plataformas virtuales, como zoom, Skype y videollamadas de WhatsApp, para avanzar en su validaci\u00f3n con los instructores dispuestos por el SENA.<\/p>\n<p>\u201cHemos adaptado este proceso a la virtualidad a ra\u00edz de la pandemia. Un tel\u00e9fono con acceso a internet ser\u00e1 suficiente para que los gestores culturales nos compartan su experiencia. Esta certificaci\u00f3n es completamente gratuita y tardar\u00e1 aproximadamente un mes\u201d, concluy\u00f3 la directora del SENA Atl\u00e1ntico, Jackeline Rojas.<\/p>\n","protected":false},"excerpt":{"rendered":"<p>\u201cAgradecemos al SENA Atl\u00e1ntico y al Gobierno departamental por esta gran oportunidad, consistente en estas certificaciones de competencias laborales, que ser\u00e1n de mucha importancia para los hacedores culturales de nuestro municipio\u00bb on el prop\u00f3sito de cualificar los conocimientos, artes y oficios de los hacedores culturales emp\u00edricos del Departamento, la Gobernaci\u00f3n del Atl\u00e1ntico, en alianza con [&hellip;]<\/p>\n","protected":false},"author":1,"featured_media":1803,"comment_status":"open","ping_status":"open","sticky":false,"template":"","format":"standard","meta":{"footnotes":""},"categories":[64,163,164,2],"tags":[774,407,38],"class_list":["post-1802","post","type-post","status-publish","format-standard","has-post-thumbnail","hentry","category-cultura","category-educacion","category-labores","category-locales","tag-certificacion-sena","tag-gestores-culturales","tag-municipio-de-soledad"],"_links":{"self":[{"href":"https:\/\/contrastes.com.co\/digital\/wp-json\/wp\/v2\/posts\/1802","targetHints":{"allow":["GET"]}}],"collection":[{"href":"https:\/\/contrastes.com.co\/digital\/wp-json\/wp\/v2\/posts"}],"about":[{"href":"https:\/\/contrastes.com.co\/digital\/wp-json\/wp\/v2\/types\/post"}],"author":[{"embeddable":true,"href":"https:\/\/contrastes.com.co\/digital\/wp-json\/wp\/v2\/users\/1"}],"replies":[{"embeddable":true,"href":"https:\/\/contrastes.com.co\/digital\/wp-json\/wp\/v2\/comments?post=1802"}],"version-history":[{"count":1,"href":"https:\/\/contrastes.com.co\/digital\/wp-json\/wp\/v2\/posts\/1802\/revisions"}],"predecessor-version":[{"id":1804,"href":"https:\/\/contrastes.com.co\/digital\/wp-json\/wp\/v2\/posts\/1802\/revisions\/1804"}],"wp:featuredmedia":[{"embeddable":true,"href":"https:\/\/contrastes.com.co\/digital\/wp-json\/wp\/v2\/media\/1803"}],"wp:attachment":[{"href":"https:\/\/contrastes.com.co\/digital\/wp-json\/wp\/v2\/media?parent=1802"}],"wp:term":[{"taxonomy":"category","embeddable":true,"href":"https:\/\/contrastes.com.co\/digital\/wp-json\/wp\/v2\/categories?post=1802"},{"taxonomy":"post_tag","embeddable":true,"href":"https:\/\/contrastes.com.co\/digital\/wp-json\/wp\/v2\/tags?post=1802"}],"curies":[{"name":"wp","href":"https:\/\/api.w.org\/{rel}","templated":true}]}}