{"id":1867,"date":"2020-07-23T17:46:09","date_gmt":"2020-07-23T22:46:09","guid":{"rendered":"https:\/\/contrastes.com.co\/digital\/?p=1867"},"modified":"2020-07-23T17:46:09","modified_gmt":"2020-07-23T22:46:09","slug":"habilitacion-del-centro-de-salud-sede-la-central-fortalecera-red-hospitalaria-soledena","status":"publish","type":"post","link":"https:\/\/contrastes.com.co\/digital\/habilitacion-del-centro-de-salud-sede-la-central-fortalecera-red-hospitalaria-soledena\/","title":{"rendered":"Habilitaci\u00f3n del Centro de Salud sede La Central fortalecer\u00e1 red hospitalaria solede\u00f1a"},"content":{"rendered":"<blockquote><p><strong>\u201cAspiramos a que en un mes tengamos la dotaci\u00f3n de nuestro centro asistencial, que consistir\u00e1 en camas, camillas, atriles, equipos respiratorios, entre otros elementos\u201d, se\u00f1al\u00f3 el alcalde Rodolfo Ucr\u00f3s.<\/strong><\/p><\/blockquote>\n<p><img loading=\"lazy\" decoding=\"async\" class=\"alignleft  wp-image-1315\" src=\"https:\/\/contrastes.com.co\/digital\/wp-content\/uploads\/2020\/06\/f-capitular.png\" alt=\"f capitular\" width=\"65\" height=\"65\" srcset=\"https:\/\/contrastes.com.co\/digital\/wp-content\/uploads\/2020\/06\/f-capitular.png 100w, https:\/\/contrastes.com.co\/digital\/wp-content\/uploads\/2020\/06\/f-capitular-60x60.png 60w\" sizes=\"auto, (max-width: 65px) 100vw, 65px\" \/>ortalecer la red hospitalaria del municipio ha sido uno de los prop\u00f3sitos del alcalde Rodolfo Ucr\u00f3s Rosales, por ello habilitar la urgencia de la nueva sede del Centro de Salud Materno Infantil, en el barrio La Central, constituye un gran logro, especialmente en estos momentos en que se afrontan los efectos del Covid-19.<\/p>\n<p>El mandatario de los solede\u00f1os manifest\u00f3 que \u201cya tenemos el aval para que pueda entrar en funcionamiento la nueva sede del Hospital Materno Infantil, de manera temporal. Tan pronto el Ministerio de Salud d\u00e9 el visto bueno, se pondr\u00e1 en marcha la atenci\u00f3n m\u00e9dica a favor de 35 mil solede\u00f1os\u201d.<\/p>\n<p><iframe loading=\"lazy\" title=\"Habilitaci\u00f3n del Centro de Salud sede La Central, fortalecer\u00e1 red hospitalaria solede\u00f1a\" width=\"640\" height=\"360\" src=\"https:\/\/www.youtube.com\/embed\/3weZW1CgBCY?feature=oembed\" frameborder=\"0\" allow=\"accelerometer; autoplay; clipboard-write; encrypted-media; gyroscope; picture-in-picture; web-share\" referrerpolicy=\"strict-origin-when-cross-origin\" allowfullscreen><\/iframe><\/p>\n<p>Al respecto el gerente de la red hospitalaria, Juan Esteban S\u00e1nchez, resalt\u00f3 que: \u201cgracias a la gesti\u00f3n del se\u00f1or alcalde Rodolfo Ucr\u00f3s, al apoyo de la gobernadora del Atl\u00e1ntico, Elsa Noguera, y del Ministerio de Salud, se logr\u00f3 habilitar este centro de primer nivel, mediante un proyecto de dotaci\u00f3n de equipos para la urgencia. De esta forma pondremos en funcionamiento el servicio de urgencia respiratoria inicialmente\u201d.<\/p>\n<p>Precis\u00f3 que ya se estar\u00e1n habilitando todos los servicios de primer nivel. \u201cEn la p\u00e1gina oficial de Ministerio de Salud, la instituci\u00f3n est\u00e1 registrada como Centro de Salud Materno Infantil, sede La Central\u201d, explic\u00f3 Juan Esteban S\u00e1nchez.<\/p>\n<p>\u201cEs importante destacar el compromiso de nuestro alcalde, quien no descans\u00f3 un solo minuto para lograr la apertura de este moderno centro\u201d, agreg\u00f3 el gerente del Materno.<\/p>\n<p><img loading=\"lazy\" decoding=\"async\" class=\"alignleft size-full wp-image-1869\" src=\"https:\/\/contrastes.com.co\/digital\/wp-content\/uploads\/2020\/07\/la-central-1.jpg\" alt=\"gobernadora soledad hos\" width=\"1280\" height=\"720\" srcset=\"https:\/\/contrastes.com.co\/digital\/wp-content\/uploads\/2020\/07\/la-central-1.jpg 1280w, https:\/\/contrastes.com.co\/digital\/wp-content\/uploads\/2020\/07\/la-central-1-300x169.jpg 300w, https:\/\/contrastes.com.co\/digital\/wp-content\/uploads\/2020\/07\/la-central-1-1024x576.jpg 1024w, https:\/\/contrastes.com.co\/digital\/wp-content\/uploads\/2020\/07\/la-central-1-768x432.jpg 768w, https:\/\/contrastes.com.co\/digital\/wp-content\/uploads\/2020\/07\/la-central-1-107x60.jpg 107w\" sizes=\"auto, (max-width: 1280px) 100vw, 1280px\" \/><\/p>\n<p>Este anuncio fue dado en la ma\u00f1ana de este mi\u00e9rcoles, en el transcurso de una visita de la gobernadora del Atl\u00e1ntico, Elsa Noguera, en la que entreg\u00f3 implementos de bioseguridad, en distintos hospitales del ente territorial. \u201cEstamos entregando elementos de protecci\u00f3n en los hospitales Juan Dom\u00ednguez Romero y Materno Infantil de Soledad, que atienden pacientes contagiados de Covid-19, por lo tanto, debemos proveer al personal con implementos de bioseguridad para garantizar su salud\u201d, dijo Elsa Noguera.<\/p>\n<p>El alcalde Ucr\u00f3s Rosales indic\u00f3 que la donaci\u00f3n recibida beneficiar\u00e1 a los adultos mayores y personal vulnerable del municipio. \u201cTenemos identificados, inicialmente, 150 adultos mayores a quienes les vamos a hacer entrega de ox\u00edmetros para que est\u00e9n permanentemente midiendo su nivel de ox\u00edgeno en la sangre y as\u00ed prevenir complicaciones en la salud\u201d, indic\u00f3.<\/p>\n<p>El mandatario del municipio insisti\u00f3 ante la comunidad que si bien las cifras que suministra el Instituto Nacional de Salud, INS, han mejorado, \u201cdebemos continuar con el lavado de manos, mantener el distanciamiento f\u00edsico y utilizar siempre el tapabocas. Si seguimos estas normas b\u00e1sicas, tengamos la certeza de que las cifras ser\u00e1n favorables en el municipio y podremos ganar la batalla al coronavirus\u201d.<\/p>\n<p><strong>Proyecto de dotaci\u00f3n<\/strong><\/p>\n<p>De otra parte, la Alcald\u00eda de Soledad radic\u00f3 ante la Secretar\u00eda Departamental de Salud del Atl\u00e1ntico un proyecto de dotaci\u00f3n de equipos para el servicio de urgencia respiratoria del Centro de Salud Materno Infantil, sede La Central.<\/p>\n<p>El documento fue verificado y avalado por la Gobernaci\u00f3n y se presentar\u00e1 en el Ministerio de Salud para su viabilidad.<\/p>\n<p>En el convenio interadministrativo participan la Alcald\u00eda de Soledad, La E.S.E., la Gobernaci\u00f3n del Atl\u00e1ntico y el Ministerio de Salud.<\/p>\n<p>\u201cAspiramos a que en un mes tengamos la dotaci\u00f3n de nuestro centro asistencial, que consistir\u00e1 en camas, camillas, atriles, equipos respiratorios, entre otros elementos\u201d, se\u00f1al\u00f3 el alcalde Rodolfo Ucr\u00f3s.<\/p>\n<p>&nbsp;<\/p>\n","protected":false},"excerpt":{"rendered":"<p>\u201cAspiramos a que en un mes tengamos la dotaci\u00f3n de nuestro centro asistencial, que consistir\u00e1 en camas, camillas, atriles, equipos respiratorios, entre otros elementos\u201d, se\u00f1al\u00f3 el alcalde Rodolfo Ucr\u00f3s. ortalecer la red hospitalaria del municipio ha sido uno de los prop\u00f3sitos del alcalde Rodolfo Ucr\u00f3s Rosales, por ello habilitar la urgencia de la nueva sede [&hellip;]<\/p>\n","protected":false},"author":1,"featured_media":1868,"comment_status":"open","ping_status":"open","sticky":false,"template":"","format":"standard","meta":{"footnotes":""},"categories":[70,2,268],"tags":[35,830,828,829,31,30,431,827,40],"class_list":["post-1867","post","type-post","status-publish","format-standard","has-post-thumbnail","hentry","category-coronavirus","category-locales","category-salud","tag-alcaldia-de-soledad","tag-atencion-en-salud","tag-centro-de-salud-sede-la-central","tag-dotacion-hospitalaria","tag-elsa-noguera","tag-gobernacion-del-atlantico","tag-hospital-materno-infantil-de-soledad","tag-red-hospitalaria-de-soledad","tag-rodolfo-ucros"],"_links":{"self":[{"href":"https:\/\/contrastes.com.co\/digital\/wp-json\/wp\/v2\/posts\/1867","targetHints":{"allow":["GET"]}}],"collection":[{"href":"https:\/\/contrastes.com.co\/digital\/wp-json\/wp\/v2\/posts"}],"about":[{"href":"https:\/\/contrastes.com.co\/digital\/wp-json\/wp\/v2\/types\/post"}],"author":[{"embeddable":true,"href":"https:\/\/contrastes.com.co\/digital\/wp-json\/wp\/v2\/users\/1"}],"replies":[{"embeddable":true,"href":"https:\/\/contrastes.com.co\/digital\/wp-json\/wp\/v2\/comments?post=1867"}],"version-history":[{"count":1,"href":"https:\/\/contrastes.com.co\/digital\/wp-json\/wp\/v2\/posts\/1867\/revisions"}],"predecessor-version":[{"id":1870,"href":"https:\/\/contrastes.com.co\/digital\/wp-json\/wp\/v2\/posts\/1867\/revisions\/1870"}],"wp:featuredmedia":[{"embeddable":true,"href":"https:\/\/contrastes.com.co\/digital\/wp-json\/wp\/v2\/media\/1868"}],"wp:attachment":[{"href":"https:\/\/contrastes.com.co\/digital\/wp-json\/wp\/v2\/media?parent=1867"}],"wp:term":[{"taxonomy":"category","embeddable":true,"href":"https:\/\/contrastes.com.co\/digital\/wp-json\/wp\/v2\/categories?post=1867"},{"taxonomy":"post_tag","embeddable":true,"href":"https:\/\/contrastes.com.co\/digital\/wp-json\/wp\/v2\/tags?post=1867"}],"curies":[{"name":"wp","href":"https:\/\/api.w.org\/{rel}","templated":true}]}}