{"id":1889,"date":"2020-07-23T22:27:34","date_gmt":"2020-07-24T03:27:34","guid":{"rendered":"https:\/\/contrastes.com.co\/digital\/?p=1889"},"modified":"2020-07-23T22:27:34","modified_gmt":"2020-07-24T03:27:34","slug":"desde-tubara-gobernadora-dio-inicio-al-programa-en-ingles-de-la-estrategia-escuela-en-casa-radial","status":"publish","type":"post","link":"https:\/\/contrastes.com.co\/digital\/desde-tubara-gobernadora-dio-inicio-al-programa-en-ingles-de-la-estrategia-escuela-en-casa-radial\/","title":{"rendered":"Desde Tubar\u00e1, Gobernadora dio inicio al programa en ingl\u00e9s de la estrategia Escuela en Casa Radial"},"content":{"rendered":"<p><em><strong>En el marco de una alianza entre la Gobernaci\u00f3n y Eurocentres, se ofrecen contenidos educativos para afianzar los procesos pedag\u00f3gicos en la formaci\u00f3n de una segunda lengua en los niveles de b\u00e1sica y media.<\/strong><\/em><\/p>\n<blockquote><p><strong>\u2022 Gobernadora particip\u00f3 en la primera emisi\u00f3n de \u00abWe Speak English\u00bb, transmitida por Radio Universal de Tubar\u00e1. <\/strong><strong>\u2022 Los contenidos educativos ser\u00e1n transmitidos durante una hora semanal por 16 emisoras comunitarias y est\u00e1n dirigidos a estudiantes entre los 5 a 8 a\u00f1os y de los 9 a 16 a\u00f1os de edad.<\/strong><\/p><\/blockquote>\n<p><img loading=\"lazy\" decoding=\"async\" class=\"alignleft  wp-image-584\" src=\"https:\/\/contrastes.com.co\/digital\/wp-content\/uploads\/2020\/04\/l-capitular.png\" alt=\"l capitular\" width=\"82\" height=\"82\" srcset=\"https:\/\/contrastes.com.co\/digital\/wp-content\/uploads\/2020\/04\/l-capitular.png 100w, https:\/\/contrastes.com.co\/digital\/wp-content\/uploads\/2020\/04\/l-capitular-60x60.png 60w\" sizes=\"auto, (max-width: 82px) 100vw, 82px\" \/>a gobernadora del Atl\u00e1ntico, Elsa Noguera, visit\u00f3 este jueves la emisora comunitaria Radio Universal del municipio de Tubar\u00e1 desde donde se origin\u00f3 la primera emisi\u00f3n del programa \u00abWe Speak English\u00bb, cuyo prop\u00f3sito es ofrecerles contenidos educativos en ingl\u00e9s a los 107.364 estudiantes de las instituciones educativas oficiales del departamento, a trav\u00e9s de la estrategia Escuela en Casa Radial.<\/p>\n<p>\u00abLa Escuela en Casa avanza a toda marcha. Y con el programa \u00abWe Speak English\u00bb los estudiantes van a tener la posibilidad de seguir aprendiendo ingl\u00e9s desde sus casas, gracias al apoyo de nuestros aliados con quienes hemos preparado estos apoyos pedag\u00f3gicos, para fortalecer la gran labor que vienen realizando nuestros profesores y rectores de las instituciones educativas\u00bb, sostuvo la mandataria.<\/p>\n<p>La Gobernadora explic\u00f3 que los contenidos ser\u00e1n transmitidos por las emisoras comunitarias para apoyar el aprendizaje del ingl\u00e9s de nuestros estudiantes y que estos se dividen en dos grupos: uno para ni\u00f1os y principiantes, y otro para jovencitos con mayores conocimientos en el idioma.<\/p>\n<p>Con el programa \u00abWe Speak English\u00bb se busca apoyar el aprendizaje y fortalecimiento del ingl\u00e9s de los estudiantes a trav\u00e9s de podcasts creados por el equipo de docentes de la instituci\u00f3n y que ser\u00e1n emitidos en las 16 emisoras comunitarias que hacen parte de esta estrategia. Adem\u00e1s, busca ofrecer a los estudiantes espacios biling\u00fces que le permitan comprender y utilizar expresiones sencillas y de uso cotidiano en el idioma ingl\u00e9s.<\/p>\n<p>Los contenidos se iniciar\u00e1n desde un nivel b\u00e1sico para estudiantes que no tengan conocimiento del idioma y se desarrollar\u00e1n con una metodolog\u00eda comunicativa mediante situaciones reales y din\u00e1micas acordes a los intereses y contextos.<\/p>\n<p><img loading=\"lazy\" decoding=\"async\" class=\"alignleft size-full wp-image-1891\" src=\"https:\/\/contrastes.com.co\/digital\/wp-content\/uploads\/2020\/07\/estrategia-radial.jpg\" alt=\"estrattegia radial\" width=\"925\" height=\"617\" srcset=\"https:\/\/contrastes.com.co\/digital\/wp-content\/uploads\/2020\/07\/estrategia-radial.jpg 925w, https:\/\/contrastes.com.co\/digital\/wp-content\/uploads\/2020\/07\/estrategia-radial-300x200.jpg 300w, https:\/\/contrastes.com.co\/digital\/wp-content\/uploads\/2020\/07\/estrategia-radial-768x512.jpg 768w, https:\/\/contrastes.com.co\/digital\/wp-content\/uploads\/2020\/07\/estrategia-radial-90x60.jpg 90w\" sizes=\"auto, (max-width: 925px) 100vw, 925px\" \/><\/p>\n<p>Tambi\u00e9n se crear\u00e1 un ambiente donde se corrijan errores que com\u00fanmente presentan los estudiantes y donde se sientan familiarizados. Los di\u00e1logos ser\u00e1n lentos y cortos para garantizar el aprendizaje de conocimientos b\u00e1sicos del idioma y se har\u00e1 \u00e9nfasis en la pronunciaci\u00f3n mediante la repetici\u00f3n y correcci\u00f3n, adem\u00e1s de un vocabulario acorde a los temas.<\/p>\n<p>El programa se desarrollar\u00e1 durante 20 semanas, a partir del mes de julio y con una secuencia de temas y objetivos comunicativos claros, correspondientes al nivel b\u00e1sico del idioma. Est\u00e1 dirigido a dos grupos de estudiantes, distribuidos entre los 5 a 8 a\u00f1os de edad y los 9 a 16 a\u00f1os.<\/p>\n<p>Este se emitir\u00e1 una vez por semana durante 30 minutos para cada grupo de alumnos, lo que contempla una hora diaria de biling\u00fcismo para los estudiantes del departamento en el espacio de Escuela en Casa Radial.<\/p>\n","protected":false},"excerpt":{"rendered":"<p>En el marco de una alianza entre la Gobernaci\u00f3n y Eurocentres, se ofrecen contenidos educativos para afianzar los procesos pedag\u00f3gicos en la formaci\u00f3n de una segunda lengua en los niveles de b\u00e1sica y media. \u2022 Gobernadora particip\u00f3 en la primera emisi\u00f3n de \u00abWe Speak English\u00bb, transmitida por Radio Universal de Tubar\u00e1. \u2022 Los contenidos educativos [&hellip;]<\/p>\n","protected":false},"author":1,"featured_media":1890,"comment_status":"open","ping_status":"open","sticky":false,"template":"","format":"standard","meta":{"footnotes":""},"categories":[70,64,163,680,164,6],"tags":[31,509,846,847,139],"class_list":["post-1889","post","type-post","status-publish","format-standard","has-post-thumbnail","hentry","category-coronavirus","category-cultura","category-educacion","category-empresas","category-labores","category-region","tag-elsa-noguera","tag-emisoras-comunitarias","tag-escuela-en-casa-radial","tag-estrategia-educativa","tag-gobernadora-del-atlantico"],"_links":{"self":[{"href":"https:\/\/contrastes.com.co\/digital\/wp-json\/wp\/v2\/posts\/1889","targetHints":{"allow":["GET"]}}],"collection":[{"href":"https:\/\/contrastes.com.co\/digital\/wp-json\/wp\/v2\/posts"}],"about":[{"href":"https:\/\/contrastes.com.co\/digital\/wp-json\/wp\/v2\/types\/post"}],"author":[{"embeddable":true,"href":"https:\/\/contrastes.com.co\/digital\/wp-json\/wp\/v2\/users\/1"}],"replies":[{"embeddable":true,"href":"https:\/\/contrastes.com.co\/digital\/wp-json\/wp\/v2\/comments?post=1889"}],"version-history":[{"count":1,"href":"https:\/\/contrastes.com.co\/digital\/wp-json\/wp\/v2\/posts\/1889\/revisions"}],"predecessor-version":[{"id":1892,"href":"https:\/\/contrastes.com.co\/digital\/wp-json\/wp\/v2\/posts\/1889\/revisions\/1892"}],"wp:featuredmedia":[{"embeddable":true,"href":"https:\/\/contrastes.com.co\/digital\/wp-json\/wp\/v2\/media\/1890"}],"wp:attachment":[{"href":"https:\/\/contrastes.com.co\/digital\/wp-json\/wp\/v2\/media?parent=1889"}],"wp:term":[{"taxonomy":"category","embeddable":true,"href":"https:\/\/contrastes.com.co\/digital\/wp-json\/wp\/v2\/categories?post=1889"},{"taxonomy":"post_tag","embeddable":true,"href":"https:\/\/contrastes.com.co\/digital\/wp-json\/wp\/v2\/tags?post=1889"}],"curies":[{"name":"wp","href":"https:\/\/api.w.org\/{rel}","templated":true}]}}