{"id":1941,"date":"2020-07-27T23:50:05","date_gmt":"2020-07-28T04:50:05","guid":{"rendered":"https:\/\/contrastes.com.co\/digital\/?p=1941"},"modified":"2020-07-27T23:50:05","modified_gmt":"2020-07-28T04:50:05","slug":"aislamiento-preventivo-en-atlantico-se-extiende-hasta-el-10-de-agosto","status":"publish","type":"post","link":"https:\/\/contrastes.com.co\/digital\/aislamiento-preventivo-en-atlantico-se-extiende-hasta-el-10-de-agosto\/","title":{"rendered":"Aislamiento preventivo en Atl\u00e1ntico se extiende hasta el 10 de agosto"},"content":{"rendered":"<p><em><strong>Se mantiene prohibici\u00f3n de parrilleros en motocarros, mototriciclos y motocicletas en cinco municipios.<\/strong><\/em><\/p>\n<blockquote><p><strong>\u00a0*Sigue vigente el toque de queda y ley seca, al igual que la medida de pico y c\u00e9dula de dos d\u00edgitos.<\/strong><\/p><\/blockquote>\n<p><img loading=\"lazy\" decoding=\"async\" class=\"alignleft  wp-image-584\" src=\"https:\/\/contrastes.com.co\/digital\/wp-content\/uploads\/2020\/04\/l-capitular.png\" alt=\"l capitular\" width=\"77\" height=\"77\" srcset=\"https:\/\/contrastes.com.co\/digital\/wp-content\/uploads\/2020\/04\/l-capitular.png 100w, https:\/\/contrastes.com.co\/digital\/wp-content\/uploads\/2020\/04\/l-capitular-60x60.png 60w\" sizes=\"auto, (max-width: 77px) 100vw, 77px\" \/>a gobernadora del Atl\u00e1ntico, Elsa Noguera, manifest\u00f3 que el aislamiento preventivo en el departamento se mantendr\u00e1 hasta el pr\u00f3ximo 10 de agosto a las 5:00 a.m. con el prop\u00f3sito de mitigar los efectos del Covid-19.<\/p>\n<p>\u00abCon estos esfuerzos hemos logrado salvar vidas, por eso seguiremos tomando todas las medidas que est\u00e1n a nuestro alcance para detener el contagio del coronavirus. Agradecemos a los atlanticenses por su buen comportamiento, si queremos podemos\u00bb dijo la gobernadora, Elsa Noguera.<\/p>\n<p>De acuerdo con el decreto 000281 del 27 de julio de 2020, solo se permitir\u00e1 la circulaci\u00f3n de personas y veh\u00edculos en casos exceptuados.<\/p>\n<p>El toque de queda se mantiene en d\u00edas de semana: de 8:00 p.m. a 5:00 a.m. del d\u00eda siguiente. Con excepci\u00f3n del viernes 7 de agosto, el cual tendr\u00e1 toque de queda por 24 horas. Fines de semana: de viernes 8:00 p.m. a s\u00e1bado 5:00 a.m., y de s\u00e1bado 2:00 p.m. a lunes 5:00 a.m.<\/p>\n<p>Ley seca los fines de semana: de viernes 8:00 a.m. a lunes 5:00 a.m., excepto el jueves 6 de agosto que empezar\u00e1 desde las 8:00 a.m. hasta el lunes 5:00 a.m.<\/p>\n<p>La medida de pico y c\u00e9dula de dos d\u00edgitos contin\u00faa para quienes tengan que salir de casa, para adquirir bienes de primera necesidad, servicios financieros, medicamentos, servicios de salud y mensajer\u00eda. Estar\u00e1n habilitados dos d\u00edgitos por d\u00edas (seg\u00fan el \u00faltimo n\u00famero del documento de identificaci\u00f3n) y ser\u00e1 determinado por cada alcalde municipal en su ente territorial.<\/p>\n<p>\u00abSe permitir\u00e1 la circulaci\u00f3n de una sola persona por n\u00facleo familiar para realizar la adquisici\u00f3n de bienes y servicios de primera necesidad y ordinario consumo\u00bb, indic\u00f3 el secretario del Interior del departamento, Yesid Turbay.<\/p>\n<p>Sigue la prohibici\u00f3n del parrillero en motocarros, motocicletas, mototriciclos y cuatrimotos en cinco municipios: Baranoa, Malambo, Soledad, Galapa y Sabanalarga, que son las poblaciones con mayor \u00edndice de contagio en el departamento.<\/p>\n<p>Seg\u00fan reporte emitido por el Instituto Nacional de Salud el 24 de julio de 2020, Soledad, Baranoa, Malambo, Galapa y Sabanalarga son los municipios con mayor n\u00famero de contagios en el departamento.<\/p>\n<p>Soledad con 9.587 casos confirmados, Malambo,1.859; Baranoa, 1.190; Galapa, 1.089; Puerto Colombia, 898; y Sabanalarga con 779.<\/p>\n<p>Por \u00faltimo, Turbay record\u00f3 que es obligatorio el uso de tapabocas en espacios p\u00fablicos y en medios de transporte p\u00fablico.<\/p>\n","protected":false},"excerpt":{"rendered":"<p>Se mantiene prohibici\u00f3n de parrilleros en motocarros, mototriciclos y motocicletas en cinco municipios. \u00a0*Sigue vigente el toque de queda y ley seca, al igual que la medida de pico y c\u00e9dula de dos d\u00edgitos. a gobernadora del Atl\u00e1ntico, Elsa Noguera, manifest\u00f3 que el aislamiento preventivo en el departamento se mantendr\u00e1 hasta el pr\u00f3ximo 10 de [&hellip;]<\/p>\n","protected":false},"author":1,"featured_media":1942,"comment_status":"open","ping_status":"open","sticky":false,"template":"","format":"standard","meta":{"footnotes":""},"categories":[756,70,6],"tags":[39,308,42,68,31,891,30,519,245,206,894,655,892,893,246,215],"class_list":["post-1941","post","type-post","status-publish","format-standard","has-post-thumbnail","hentry","category-comunidad","category-coronavirus","category-region","tag-aislamiento-preventivo","tag-bioseguridad","tag-coronavirus","tag-departamento-del-atlantico","tag-elsa-noguera","tag-extienden-medidas","tag-gobernacion-del-atlantico","tag-ley-seca","tag-medidas-de-prevencion","tag-motocarros","tag-mototaxis","tag-mototaxistas","tag-municipios-del-atlantico","tag-parrilleros","tag-pico-y-cedula","tag-toque-de-queda"],"_links":{"self":[{"href":"https:\/\/contrastes.com.co\/digital\/wp-json\/wp\/v2\/posts\/1941","targetHints":{"allow":["GET"]}}],"collection":[{"href":"https:\/\/contrastes.com.co\/digital\/wp-json\/wp\/v2\/posts"}],"about":[{"href":"https:\/\/contrastes.com.co\/digital\/wp-json\/wp\/v2\/types\/post"}],"author":[{"embeddable":true,"href":"https:\/\/contrastes.com.co\/digital\/wp-json\/wp\/v2\/users\/1"}],"replies":[{"embeddable":true,"href":"https:\/\/contrastes.com.co\/digital\/wp-json\/wp\/v2\/comments?post=1941"}],"version-history":[{"count":1,"href":"https:\/\/contrastes.com.co\/digital\/wp-json\/wp\/v2\/posts\/1941\/revisions"}],"predecessor-version":[{"id":1943,"href":"https:\/\/contrastes.com.co\/digital\/wp-json\/wp\/v2\/posts\/1941\/revisions\/1943"}],"wp:featuredmedia":[{"embeddable":true,"href":"https:\/\/contrastes.com.co\/digital\/wp-json\/wp\/v2\/media\/1942"}],"wp:attachment":[{"href":"https:\/\/contrastes.com.co\/digital\/wp-json\/wp\/v2\/media?parent=1941"}],"wp:term":[{"taxonomy":"category","embeddable":true,"href":"https:\/\/contrastes.com.co\/digital\/wp-json\/wp\/v2\/categories?post=1941"},{"taxonomy":"post_tag","embeddable":true,"href":"https:\/\/contrastes.com.co\/digital\/wp-json\/wp\/v2\/tags?post=1941"}],"curies":[{"name":"wp","href":"https:\/\/api.w.org\/{rel}","templated":true}]}}