{"id":2132,"date":"2020-08-14T20:03:48","date_gmt":"2020-08-15T01:03:48","guid":{"rendered":"https:\/\/contrastes.com.co\/digital\/?p=2132"},"modified":"2020-08-14T20:03:48","modified_gmt":"2020-08-15T01:03:48","slug":"continuan-medidas-restrictivas-por-covid-19-este-puente-festivo-en-soledad","status":"publish","type":"post","link":"https:\/\/contrastes.com.co\/digital\/continuan-medidas-restrictivas-por-covid-19-este-puente-festivo-en-soledad\/","title":{"rendered":"Contin\u00faan medidas restrictivas por Covid-19 este puente festivo en Soledad"},"content":{"rendered":"<blockquote><p><strong>Alcalde de Soledad, Rodolfo Ucr\u00f3s Rosales, invita a acatar medidas para seguir frenando la propagaci\u00f3n del Covid-19. Pico y c\u00e9dula el s\u00e1bado de 5 a.m. a 2 p.m. contin\u00faa Ley Seca permanente y hay toque de queda hasta el martes 18 a las 5 a.m.<\/strong><\/p><\/blockquote>\n<p><img loading=\"lazy\" decoding=\"async\" class=\"alignleft  wp-image-845\" src=\"https:\/\/contrastes.com.co\/digital\/wp-content\/uploads\/2020\/05\/e-capitular.png\" alt=\"e capitular\" width=\"76\" height=\"76\" srcset=\"https:\/\/contrastes.com.co\/digital\/wp-content\/uploads\/2020\/05\/e-capitular.png 100w, https:\/\/contrastes.com.co\/digital\/wp-content\/uploads\/2020\/05\/e-capitular-60x60.png 60w\" sizes=\"auto, (max-width: 76px) 100vw, 76px\" \/>l alcalde de Soledad, Rodolfo Ucr\u00f3s Rosales, invit\u00f3 a la comunidad a no bajar la guardia y continuar acatando las recomendaciones de autocuidado para seguir frenando la propagaci\u00f3n del virus Covid-19 en el municipio. Este anuncio lo hizo luego de conocer el reporte de cero fallecidos por parte del Instituto Nacional de Salud, INS.<\/p>\n<p>Las recomendaciones dadas por el mandatario Ucr\u00f3s Rosales incluyen: el uso adecuado de tapabocas, protegiendo nariz, boca y barbilla; el lavado frecuente de manos y evitar las aglomeraciones. A estas recomendaciones se suman el cumplimiento de las medidas legales como respetar el Aislamiento Preventivo Obligatorio, que se extendi\u00f3 hasta el primero de septiembre pr\u00f3ximo; el \u2018Pico y C\u00e9dula\u2019, el toque de queda y la ley seca.<\/p>\n<p>\u201cEstamos muy complacidos con las cifras porque demuestran que nuestros esfuerzos est\u00e1n dando resultados, pero tambi\u00e9n que los solede\u00f1os se han concientizado de la necesidad del autocuidado. Eso no significa que vamos a bajar la guardia. Al contrario, debemos extremarlas. Una de las estrategias que nos han permitido reducir el n\u00famero de personas afectadas y aumentar el n\u00famero de recuperados es el seguimiento estricto que le estamos haciendo a cada uno de los casos\u201d, dijo el alcalde Rodolfo Ucr\u00f3s.<\/p>\n<p><strong>\u2018Pico y C\u00e9dula\u2019 de este s\u00e1bado<\/strong><\/p>\n<p>De otra parte, mediante Decreto 225, que el alcalde de Soledad, Rodolfo Ucr\u00f3s, expidi\u00f3 con el fin de cumplir con las disposiciones contenidas en el Decreto Departamental N\u00b0000295 de 9 de agosto de 2020, qued\u00f3 consignado c\u00f3mo ser\u00e1 aplicada la medida de \u2018Pico y C\u00e9dula\u2019 durante los pr\u00f3ximos fines de semana.<\/p>\n<p>El Decreto 000295, firmado por la gobernadora Elsa Noguera, extiende el Aislamiento Preventivo Obligatorio en el Atl\u00e1ntico hasta el pr\u00f3ximo primero de septiembre, con el prop\u00f3sito seguir disminuyendo los contagios de Covid-19. Ucr\u00f3s tambi\u00e9n extiende el aislamiento hasta esa misma fecha.<\/p>\n<p>En lo que se refiere al denominado toque de queda continuo, se establece que los fines de semana se proh\u00edbe la libre circulaci\u00f3n de veh\u00edculos, residentes, moradores y ciudadanos, desde las ocho de la noche del viernes hasta las cinco de la ma\u00f1ana del s\u00e1bado, y desde las dos de la tarde del s\u00e1bado, hasta las cinco de la ma\u00f1ana del lunes, o martes a las cinco de la ma\u00f1ana cuando el lunes sea festivo. Esta medida tambi\u00e9n rige hasta el primero de septiembre.<\/p>\n<p>El Decreto 225 firmado por Rodolfo Ucr\u00f3s se\u00f1ala que para este lunes festivo 17 de agosto, la medida de toque de queda contin\u00fao rige desde las 8 de la noche de este viernes, 14 de agosto, hasta las cinco de la ma\u00f1ana del martes 18 de agosto. No obstante, se permitir\u00e1 la salida ma\u00f1ana s\u00e1bado 15 de agosto mediante la medida de \u2018Pico y c\u00e9dula\u2019 a las personas que los n\u00fameros de c\u00e9dulas terminen en 0 y 1 desde las cinco de la ma\u00f1ana hasta las dos de la tarde.<\/p>\n<p>Para el s\u00e1bado 22 de agosto de 2020, se permitir\u00e1 la salida de las personas cuyo n\u00famero de c\u00e9dula terminen en 2 y 3, en el horario de cinco de la ma\u00f1ana hasta las dos de la tarde. Y el s\u00e1bado 29 de agosto de 2020, se permitir\u00e1 la salida de las personas cuyo n\u00famero de c\u00e9dula terminen en 4 y 5, en el mismo horario.<\/p>\n<p>Por \u00faltimo, se proh\u00edbe de forma transitoria, hasta el 24 de agosto de 2020, el transporte de acompa\u00f1antes o parrilleros en los veh\u00edculos tipo motocicletas, cuatrimotos, motocarros y mototriciclos, Se except\u00faan las personas que trabajen en el sector de la salud y las personas que viven en el mismo n\u00facleo familiar.<\/p>\n<p>&nbsp;<\/p>\n","protected":false},"excerpt":{"rendered":"<p>Alcalde de Soledad, Rodolfo Ucr\u00f3s Rosales, invita a acatar medidas para seguir frenando la propagaci\u00f3n del Covid-19. Pico y c\u00e9dula el s\u00e1bado de 5 a.m. a 2 p.m. contin\u00faa Ley Seca permanente y hay toque de queda hasta el martes 18 a las 5 a.m. l alcalde de Soledad, Rodolfo Ucr\u00f3s Rosales, invit\u00f3 a la [&hellip;]<\/p>\n","protected":false},"author":1,"featured_media":2133,"comment_status":"open","ping_status":"open","sticky":false,"template":"","format":"standard","meta":{"footnotes":""},"categories":[756,70,2,268],"tags":[42,519,38,1041,602,40,215],"class_list":["post-2132","post","type-post","status-publish","format-standard","has-post-thumbnail","hentry","category-comunidad","category-coronavirus","category-locales","category-salud","tag-coronavirus","tag-ley-seca","tag-municipio-de-soledad","tag-pico-y-cedula-en-soledad","tag-puente-festivo","tag-rodolfo-ucros","tag-toque-de-queda"],"_links":{"self":[{"href":"https:\/\/contrastes.com.co\/digital\/wp-json\/wp\/v2\/posts\/2132","targetHints":{"allow":["GET"]}}],"collection":[{"href":"https:\/\/contrastes.com.co\/digital\/wp-json\/wp\/v2\/posts"}],"about":[{"href":"https:\/\/contrastes.com.co\/digital\/wp-json\/wp\/v2\/types\/post"}],"author":[{"embeddable":true,"href":"https:\/\/contrastes.com.co\/digital\/wp-json\/wp\/v2\/users\/1"}],"replies":[{"embeddable":true,"href":"https:\/\/contrastes.com.co\/digital\/wp-json\/wp\/v2\/comments?post=2132"}],"version-history":[{"count":1,"href":"https:\/\/contrastes.com.co\/digital\/wp-json\/wp\/v2\/posts\/2132\/revisions"}],"predecessor-version":[{"id":2134,"href":"https:\/\/contrastes.com.co\/digital\/wp-json\/wp\/v2\/posts\/2132\/revisions\/2134"}],"wp:featuredmedia":[{"embeddable":true,"href":"https:\/\/contrastes.com.co\/digital\/wp-json\/wp\/v2\/media\/2133"}],"wp:attachment":[{"href":"https:\/\/contrastes.com.co\/digital\/wp-json\/wp\/v2\/media?parent=2132"}],"wp:term":[{"taxonomy":"category","embeddable":true,"href":"https:\/\/contrastes.com.co\/digital\/wp-json\/wp\/v2\/categories?post=2132"},{"taxonomy":"post_tag","embeddable":true,"href":"https:\/\/contrastes.com.co\/digital\/wp-json\/wp\/v2\/tags?post=2132"}],"curies":[{"name":"wp","href":"https:\/\/api.w.org\/{rel}","templated":true}]}}