{"id":2147,"date":"2020-08-14T20:53:13","date_gmt":"2020-08-15T01:53:13","guid":{"rendered":"https:\/\/contrastes.com.co\/digital\/?p=2147"},"modified":"2020-08-14T20:53:13","modified_gmt":"2020-08-15T01:53:13","slug":"este-puente-festivo-rigen-toque-de-queda-y-ley-seca-en-el-atlantico","status":"publish","type":"post","link":"https:\/\/contrastes.com.co\/digital\/este-puente-festivo-rigen-toque-de-queda-y-ley-seca-en-el-atlantico\/","title":{"rendered":"Este puente festivo rigen toque de queda y ley seca en el Atl\u00e1ntico"},"content":{"rendered":"<blockquote><p><strong>*La ley seca va desde hoy viernes 8:00 p.m. hasta el martes 18 de agosto a las 5:00 a.m.. *La Polic\u00eda del Departamento contar\u00e1 con puestos de control en Suan y Sabanalarga.<\/strong><\/p><\/blockquote>\n<p><img loading=\"lazy\" decoding=\"async\" class=\"alignleft  wp-image-961\" src=\"https:\/\/contrastes.com.co\/digital\/wp-content\/uploads\/2020\/05\/p-capitular.png\" alt=\"p capitular\" width=\"77\" height=\"69\" srcset=\"https:\/\/contrastes.com.co\/digital\/wp-content\/uploads\/2020\/05\/p-capitular.png 100w, https:\/\/contrastes.com.co\/digital\/wp-content\/uploads\/2020\/05\/p-capitular-67x60.png 67w\" sizes=\"auto, (max-width: 77px) 100vw, 77px\" \/>ara el puente festivo de este fin de semana, la Gobernaci\u00f3n del Atl\u00e1ntico de manera conjunta con las autoridades de Polic\u00eda incrementar\u00e1n los operativos en los municipios para vigilar el cumplimiento de toque de queda y ley seca, que tienen como prop\u00f3sito disminuir el riesgo de contagio por Covid-19.<\/p>\n<p>En los 22 municipios del Departamento el toque de queda est\u00e1 vigente desde las 8:00 p.m. de hoy viernes 14 de agosto hasta el s\u00e1bado 15 de agosto a las 5:00 a.m.,y del s\u00e1bado 15 de agosto a las 2:00 p.m. hasta el martes 18 de agosto a las 5:00 a.m..<\/p>\n<p>La ley seca va desde el viernes 14 de agosto a las 8:00 a.m. hasta el martes 18 de agosto a las 5:00 a.m.<\/p>\n<p>El comandante de la Polic\u00eda en el Departamento del Atl\u00e1ntico, coronel Hugo Molano, hizo un llamado a la ciudadan\u00eda para que acaten las medidas y se quede en casa durante este puente festivo.<\/p>\n<p>\u201cEstamos record\u00e1ndoles que mantenemos la normatividad vigente frente a la ley seca y al toque de queda, solicit\u00e1ndoles de manera respetuosa que acaten estas medidas, como un acto de conciencia social para evitar los posibles focos de contagio. No debemos bajar la guardia en estos momentos en que estamos en una etapa donde hemos logrado mejoras y el contagio va con tendencia a la baja\u201d, dijo Molano.<\/p>\n<p>El Comandante record\u00f3 que el \u00e9xito depende de que tengamos un comportamiento acorde, de que no salgamos de casa y evitar las reuniones, porque es all\u00ed donde se presentan los principales riesgos de contagio.<\/p>\n<p>El secretario del Interior del Departamento, Yesid Turbay, destac\u00f3 que desde que se inici\u00f3 la cuarentena decretada por el Gobierno Nacional, el Departamento de Polic\u00eda Atl\u00e1ntico puso en marcha sus capacidades tecnol\u00f3gicas, log\u00edsticas y humanas, mediante la activaci\u00f3n de un dispositivo de seguridad y control, con el prop\u00f3sito de mitigar la propagaci\u00f3n del virus.<\/p>\n<p>Durante este puente festivo la Polic\u00eda cuenta con un apoyo adicional del Ej\u00e9rcito Nacional de 80 hombres y 20 motos. De igual manera, contar\u00e1n con dos puestos de control: uno en Suan y el otro en Sabanalarga.<\/p>\n","protected":false},"excerpt":{"rendered":"<p>*La ley seca va desde hoy viernes 8:00 p.m. hasta el martes 18 de agosto a las 5:00 a.m.. *La Polic\u00eda del Departamento contar\u00e1 con puestos de control en Suan y Sabanalarga. ara el puente festivo de este fin de semana, la Gobernaci\u00f3n del Atl\u00e1ntico de manera conjunta con las autoridades de Polic\u00eda incrementar\u00e1n los [&hellip;]<\/p>\n","protected":false},"author":1,"featured_media":2148,"comment_status":"open","ping_status":"open","sticky":false,"template":"","format":"standard","meta":{"footnotes":""},"categories":[756,70,10,6,268],"tags":[1051,42,30,519,245,602,628,215],"class_list":["post-2147","post","type-post","status-publish","format-standard","has-post-thumbnail","hentry","category-comunidad","category-coronavirus","category-judicial","category-region","category-salud","tag-17-de-agosto-de-2020","tag-coronavirus","tag-gobernacion-del-atlantico","tag-ley-seca","tag-medidas-de-prevencion","tag-puente-festivo","tag-restricciones","tag-toque-de-queda"],"_links":{"self":[{"href":"https:\/\/contrastes.com.co\/digital\/wp-json\/wp\/v2\/posts\/2147","targetHints":{"allow":["GET"]}}],"collection":[{"href":"https:\/\/contrastes.com.co\/digital\/wp-json\/wp\/v2\/posts"}],"about":[{"href":"https:\/\/contrastes.com.co\/digital\/wp-json\/wp\/v2\/types\/post"}],"author":[{"embeddable":true,"href":"https:\/\/contrastes.com.co\/digital\/wp-json\/wp\/v2\/users\/1"}],"replies":[{"embeddable":true,"href":"https:\/\/contrastes.com.co\/digital\/wp-json\/wp\/v2\/comments?post=2147"}],"version-history":[{"count":1,"href":"https:\/\/contrastes.com.co\/digital\/wp-json\/wp\/v2\/posts\/2147\/revisions"}],"predecessor-version":[{"id":2149,"href":"https:\/\/contrastes.com.co\/digital\/wp-json\/wp\/v2\/posts\/2147\/revisions\/2149"}],"wp:featuredmedia":[{"embeddable":true,"href":"https:\/\/contrastes.com.co\/digital\/wp-json\/wp\/v2\/media\/2148"}],"wp:attachment":[{"href":"https:\/\/contrastes.com.co\/digital\/wp-json\/wp\/v2\/media?parent=2147"}],"wp:term":[{"taxonomy":"category","embeddable":true,"href":"https:\/\/contrastes.com.co\/digital\/wp-json\/wp\/v2\/categories?post=2147"},{"taxonomy":"post_tag","embeddable":true,"href":"https:\/\/contrastes.com.co\/digital\/wp-json\/wp\/v2\/tags?post=2147"}],"curies":[{"name":"wp","href":"https:\/\/api.w.org\/{rel}","templated":true}]}}