{"id":2379,"date":"2020-09-03T20:40:02","date_gmt":"2020-09-04T01:40:02","guid":{"rendered":"https:\/\/contrastes.com.co\/digital\/?p=2379"},"modified":"2020-09-03T20:40:02","modified_gmt":"2020-09-04T01:40:02","slug":"atlantico-celebra-en-septiembre-el-mes-de-la-convivencia","status":"publish","type":"post","link":"https:\/\/contrastes.com.co\/digital\/atlantico-celebra-en-septiembre-el-mes-de-la-convivencia\/","title":{"rendered":"Atl\u00e1ntico celebra en septiembre el Mes de la Convivencia"},"content":{"rendered":"<blockquote><p><strong>En septiembre, por ser el Mes de la Convivencia, la Gobernaci\u00f3n del Atl\u00e1ntico ha preparado una serie de actividades para promover la sana convivencia ciudadana en el Departamento.<\/strong><\/p><\/blockquote>\n<p><img loading=\"lazy\" decoding=\"async\" class=\"alignleft  wp-image-584\" src=\"https:\/\/contrastes.com.co\/digital\/wp-content\/uploads\/2020\/04\/l-capitular.png\" alt=\"l capitular\" width=\"77\" height=\"77\" srcset=\"https:\/\/contrastes.com.co\/digital\/wp-content\/uploads\/2020\/04\/l-capitular.png 100w, https:\/\/contrastes.com.co\/digital\/wp-content\/uploads\/2020\/04\/l-capitular-60x60.png 60w\" sizes=\"auto, (max-width: 77px) 100vw, 77px\" \/>a Gobernaci\u00f3n del Atl\u00e1ntico, a trav\u00e9s de la Alta Consejer\u00eda para la Convivencia, ha preparado una programaci\u00f3n con actividades orientadas a la promoci\u00f3n del deporte, la cultura, la salud y la educaci\u00f3n.<\/p>\n<ul>\n<li>Durante todo el mes se ofrecer\u00e1 diariamente contenido variado, por medio de las redes sociales de la Gobernaci\u00f3n.<\/li>\n<\/ul>\n<p>En septiembre, por ser el Mes de la Convivencia, la Gobernaci\u00f3n del Atl\u00e1ntico ha preparado una serie de actividades para promover la sana convivencia ciudadana en el Departamento.<\/p>\n<p>De acuerdo con el alto consejero para la Convivencia del Atl\u00e1ntico, Manuel D\u00edaz, la programaci\u00f3n se dividir\u00e1 en cuatro ejes principales:<br \/>\n1. Convivencia y Deporte<br \/>\n2. Convivencia y Cultura<br \/>\n3. Convivencia y Salud<br \/>\n4. Convivencia y Educaci\u00f3n<\/p>\n<p>&nbsp;<\/p>\n<p>\u00abEn cada uno de estos ejes tem\u00e1ticos se llevar\u00e1n a cabo actividades diarias tales como: videos de personajes reconocidos (gobernantes, l\u00edderes sociales, artistas, deportistas, etc.), de personas del com\u00fan de los diversos municipios invitando a la comunidad a vivir en sana convivencia. Tambi\u00e9n contaremos con un Facebook live por semana con personajes reconocidos tratando diferentes temas como salud mental, valores y convivencia, ejemplos de vida, estilo de vida saludable, entre otros. Asimismo, tendremos talleres para la familia, como cuentos para ni\u00f1os, t\u00edteres y teatro, al igual que un concierto de clausura con artistas del Departamento\u00bb, explic\u00f3 Manuel D\u00edaz.<\/p>\n<p>El Alto Consejero para la Convivencia destac\u00f3 que la invitaci\u00f3n de la Administraci\u00f3n Departamental, en cabeza de nuestra gobernadora, Elsa Noguera, es a participar en estas actividades y poner en pr\u00e1ctica los valores que permiten vivir en sana convivencia.<\/p>\n<p>\u00abEl respeto, la armon\u00eda, la tolerancia y, en esta \u00e9poca de pandemia, el autocuidado son clave para vivir en comunidad. Los invitamos para que nos acompa\u00f1en y compartan, a trav\u00e9s de nuestras redes sociales, en las actividades programadas durante este mes, ya que tendremos grandes contenidos digitales, estrellas del deporte, gestores culturales, del sector de la educaci\u00f3n, del sector de la salud, entre otros\u00bb, indic\u00f3 el funcionario<\/p>\n","protected":false},"excerpt":{"rendered":"<p>En septiembre, por ser el Mes de la Convivencia, la Gobernaci\u00f3n del Atl\u00e1ntico ha preparado una serie de actividades para promover la sana convivencia ciudadana en el Departamento. a Gobernaci\u00f3n del Atl\u00e1ntico, a trav\u00e9s de la Alta Consejer\u00eda para la Convivencia, ha preparado una programaci\u00f3n con actividades orientadas a la promoci\u00f3n del deporte, la cultura, [&hellip;]<\/p>\n","protected":false},"author":1,"featured_media":2380,"comment_status":"open","ping_status":"open","sticky":false,"template":"","format":"standard","meta":{"footnotes":""},"categories":[756,6],"tags":[68,31,30],"class_list":["post-2379","post","type-post","status-publish","format-standard","has-post-thumbnail","hentry","category-comunidad","category-region","tag-departamento-del-atlantico","tag-elsa-noguera","tag-gobernacion-del-atlantico"],"_links":{"self":[{"href":"https:\/\/contrastes.com.co\/digital\/wp-json\/wp\/v2\/posts\/2379","targetHints":{"allow":["GET"]}}],"collection":[{"href":"https:\/\/contrastes.com.co\/digital\/wp-json\/wp\/v2\/posts"}],"about":[{"href":"https:\/\/contrastes.com.co\/digital\/wp-json\/wp\/v2\/types\/post"}],"author":[{"embeddable":true,"href":"https:\/\/contrastes.com.co\/digital\/wp-json\/wp\/v2\/users\/1"}],"replies":[{"embeddable":true,"href":"https:\/\/contrastes.com.co\/digital\/wp-json\/wp\/v2\/comments?post=2379"}],"version-history":[{"count":1,"href":"https:\/\/contrastes.com.co\/digital\/wp-json\/wp\/v2\/posts\/2379\/revisions"}],"predecessor-version":[{"id":2382,"href":"https:\/\/contrastes.com.co\/digital\/wp-json\/wp\/v2\/posts\/2379\/revisions\/2382"}],"wp:featuredmedia":[{"embeddable":true,"href":"https:\/\/contrastes.com.co\/digital\/wp-json\/wp\/v2\/media\/2380"}],"wp:attachment":[{"href":"https:\/\/contrastes.com.co\/digital\/wp-json\/wp\/v2\/media?parent=2379"}],"wp:term":[{"taxonomy":"category","embeddable":true,"href":"https:\/\/contrastes.com.co\/digital\/wp-json\/wp\/v2\/categories?post=2379"},{"taxonomy":"post_tag","embeddable":true,"href":"https:\/\/contrastes.com.co\/digital\/wp-json\/wp\/v2\/tags?post=2379"}],"curies":[{"name":"wp","href":"https:\/\/api.w.org\/{rel}","templated":true}]}}