{"id":2615,"date":"2020-10-07T20:06:39","date_gmt":"2020-10-08T01:06:39","guid":{"rendered":"https:\/\/contrastes.com.co\/digital\/?p=2615"},"modified":"2020-10-07T20:06:39","modified_gmt":"2020-10-08T01:06:39","slug":"conectividad-de-internet-gratis-en-todas-las-instituciones-educativas-oficiales-de-soledad","status":"publish","type":"post","link":"https:\/\/contrastes.com.co\/digital\/conectividad-de-internet-gratis-en-todas-las-instituciones-educativas-oficiales-de-soledad\/","title":{"rendered":"Conectividad de internet gratis en todas las instituciones educativas oficiales de Soledad"},"content":{"rendered":"<blockquote><p><strong>El evento cont\u00f3 con la presencia del alcalde de Soledad, Rodolfo Ucr\u00f3s Rosales, la secretaria municipal de Educaci\u00f3n, Aida Ojeda y representantes de las 32 instituciones oficiales, quienes analizaron los beneficios que este proyecto traer\u00e1 a los ni\u00f1os del municipio.<\/strong><\/p><\/blockquote>\n<p>&nbsp;<\/p>\n<p><img loading=\"lazy\" decoding=\"async\" class=\"alignleft size-full wp-image-584\" src=\"https:\/\/contrastes.com.co\/digital\/wp-content\/uploads\/2020\/04\/l-capitular.png\" alt=\"l capitular\" width=\"100\" height=\"100\" srcset=\"https:\/\/contrastes.com.co\/digital\/wp-content\/uploads\/2020\/04\/l-capitular.png 100w, https:\/\/contrastes.com.co\/digital\/wp-content\/uploads\/2020\/04\/l-capitular-60x60.png 60w\" sizes=\"auto, (max-width: 100px) 100vw, 100px\" \/>as instituciones educativas oficiales de Soledad contar\u00e1n con zonas wifi gratuitas en desarrollo de un proyecto liderado por la Alcald\u00eda de Soledad, a trav\u00e9s de la Secretar\u00eda municipal de Educaci\u00f3n y el Ministerio de Educaci\u00f3n Nacional.<\/p>\n<p>El servicio ser\u00e1 prestado por la empresa de telecomunicaciones de Popay\u00e1n, Emtel, en el marco del lineamiento \u00b4Conexi\u00f3n Total\u00b4 del Ministerio de Educaci\u00f3n Nacional.<\/p>\n<p>Para la puesta en marcha de esta iniciativa, el Ministerio de Educaci\u00f3n le entreg\u00f3 al Municipio un total de 750 millones de pesos. Con estos recursos, 42 mil estudiantes de las 32 instituciones educativas oficiales y 51 sedes podr\u00e1n tener acceso a Internet desde sus casas para asistir a las clases virtuales.<\/p>\n<p>Hay que aclarar que los colegios oficiales tienen un total de 51 mil 681estudiantes, pero el proyecto focaliz\u00f3 a los estudiantes que no cuentan con este servicio.<\/p>\n<p><img loading=\"lazy\" decoding=\"async\" class=\"alignleft size-full wp-image-2617\" src=\"https:\/\/contrastes.com.co\/digital\/wp-content\/uploads\/2020\/10\/tecnologia-2.jpg\" alt=\"\" width=\"1279\" height=\"720\" srcset=\"https:\/\/contrastes.com.co\/digital\/wp-content\/uploads\/2020\/10\/tecnologia-2.jpg 1279w, https:\/\/contrastes.com.co\/digital\/wp-content\/uploads\/2020\/10\/tecnologia-2-300x169.jpg 300w, https:\/\/contrastes.com.co\/digital\/wp-content\/uploads\/2020\/10\/tecnologia-2-1024x576.jpg 1024w, https:\/\/contrastes.com.co\/digital\/wp-content\/uploads\/2020\/10\/tecnologia-2-768x432.jpg 768w, https:\/\/contrastes.com.co\/digital\/wp-content\/uploads\/2020\/10\/tecnologia-2-107x60.jpg 107w\" sizes=\"auto, (max-width: 1279px) 100vw, 1279px\" \/><\/p>\n<p>La inauguraci\u00f3n de dicho proyecto tuvo lugar este viernes en la Instituci\u00f3n Educativa Policarpa Salavarrieta, ubicada en el barrio El Ferrocarril, la cual hace parte de los colegios beneficiados. Adem\u00e1s, esta fue la primera escuela en activar el punto de acceso para dar paso a la conectividad en el sector.<\/p>\n<p>El evento cont\u00f3 con la presencia del alcalde de Soledad, Rodolfo Ucr\u00f3s Rosales, la secretaria municipal de Educaci\u00f3n, Aida Ojeda y representantes de las 32 instituciones oficiales, quienes analizaron los beneficios que este proyecto traer\u00e1 a los ni\u00f1os del municipio.<\/p>\n<p>El alcalde de Soledad, Rodolfo Ucr\u00f3s, se refiri\u00f3 a la relevancia que adquiere la virtualidad en estos tiempos. \u00abEstamos adecuando los colegios oficiales para que se optimice la virtualidad y no solo ahora que estamos en pandemia, sino que se convierta en una herramienta clave para la excelencia acad\u00e9mica\u201d.<\/p>\n<p>Resalt\u00f3 que en tres semanas el municipio entregar\u00e1 un n\u00famero importante de tablets a estudiantes vulnerables, lo cual facilitar\u00e1 el proceso educativo virtual. \u201cCon esto ratificamos el compromiso con la educaci\u00f3n\u201d, enfatiz\u00f3 el mandatario.<\/p>\n<p>Por su parte, Aida Ojeda, secretaria municipal de Educaci\u00f3n, afirm\u00f3 que este beneficio de internet gratis es coordinado con los rectores de tal manera que los estudiantes que vivan en sectores diferentes a la instituci\u00f3n donde est\u00e1n matriculados, tambi\u00e9n tendr\u00e1n acceso en su barrio. \u00abFocalizamos a estudiante por estudiante con el fin que todos pueden utilizar el servicio de Internet y as\u00ed mejorar la conectividad\u00bb, se\u00f1al\u00f3.<\/p>\n<p>Bienvenida Hern\u00e1ndez, rectora del Instituci\u00f3n Educativa, Itida, se mostr\u00f3 satisfecha con el convenio que permite que los estudiantes no se preocupen por la conexi\u00f3n de internet. Dijo que: \u201ceste proceso evita la deserci\u00f3n de alumnos del sistema educativo, teniendo en cuenta que facilita el proceso pedag\u00f3gico, tanto al estudiante como a los docentes y a los padres de familia\u201d.<\/p>\n","protected":false},"excerpt":{"rendered":"<p>Conectividad de internet gratis en todas las instituciones educativas oficiales de Soledad<\/p>\n","protected":false},"author":1,"featured_media":2616,"comment_status":"open","ping_status":"open","sticky":false,"template":"","format":"standard","meta":{"footnotes":""},"categories":[756,6,9],"tags":[1142,40],"class_list":["post-2615","post","type-post","status-publish","format-standard","has-post-thumbnail","hentry","category-comunidad","category-region","category-tecnologia","tag-instituciones-educativas-de-soledad","tag-rodolfo-ucros"],"_links":{"self":[{"href":"https:\/\/contrastes.com.co\/digital\/wp-json\/wp\/v2\/posts\/2615","targetHints":{"allow":["GET"]}}],"collection":[{"href":"https:\/\/contrastes.com.co\/digital\/wp-json\/wp\/v2\/posts"}],"about":[{"href":"https:\/\/contrastes.com.co\/digital\/wp-json\/wp\/v2\/types\/post"}],"author":[{"embeddable":true,"href":"https:\/\/contrastes.com.co\/digital\/wp-json\/wp\/v2\/users\/1"}],"replies":[{"embeddable":true,"href":"https:\/\/contrastes.com.co\/digital\/wp-json\/wp\/v2\/comments?post=2615"}],"version-history":[{"count":1,"href":"https:\/\/contrastes.com.co\/digital\/wp-json\/wp\/v2\/posts\/2615\/revisions"}],"predecessor-version":[{"id":2618,"href":"https:\/\/contrastes.com.co\/digital\/wp-json\/wp\/v2\/posts\/2615\/revisions\/2618"}],"wp:featuredmedia":[{"embeddable":true,"href":"https:\/\/contrastes.com.co\/digital\/wp-json\/wp\/v2\/media\/2616"}],"wp:attachment":[{"href":"https:\/\/contrastes.com.co\/digital\/wp-json\/wp\/v2\/media?parent=2615"}],"wp:term":[{"taxonomy":"category","embeddable":true,"href":"https:\/\/contrastes.com.co\/digital\/wp-json\/wp\/v2\/categories?post=2615"},{"taxonomy":"post_tag","embeddable":true,"href":"https:\/\/contrastes.com.co\/digital\/wp-json\/wp\/v2\/tags?post=2615"}],"curies":[{"name":"wp","href":"https:\/\/api.w.org\/{rel}","templated":true}]}}