{"id":2658,"date":"2020-10-13T19:24:23","date_gmt":"2020-10-14T00:24:23","guid":{"rendered":"https:\/\/contrastes.com.co\/digital\/?p=2658"},"modified":"2020-10-15T19:33:14","modified_gmt":"2020-10-16T00:33:14","slug":"gobernacion-lanza-su-politica-agroindustrial-para-garantizar-un-campo-a-toda-marcha","status":"publish","type":"post","link":"https:\/\/contrastes.com.co\/digital\/gobernacion-lanza-su-politica-agroindustrial-para-garantizar-un-campo-a-toda-marcha\/","title":{"rendered":"Gobernaci\u00f3n lanza su pol\u00edtica agroindustrial para garantizar un Campo a toda Marcha"},"content":{"rendered":"<p><em><strong>\u2022 La Gobernaci\u00f3n del Atl\u00e1ntico radic\u00f3 ante la Asamblea Departamental dos proyectos de ordenanza con los que se busca garantizar los recursos para poner en marcha la pol\u00edtica agroindustrial del departamento y lograr la reactivaci\u00f3n econ\u00f3mica del campo.<\/strong><\/em><\/p>\n<p><em><strong>\u2022 Este mi\u00e9rcoles 14 de octubre se realizar\u00e1 el lanzamiento de la pol\u00edtica agroindustrial del departamento en compa\u00f1\u00eda del Ministro de Agricultura y Desarrollo Rural, Rodolfo Zea Navarro. El evento est\u00e1 previsto para las 9:00 a.m., en la Estaci\u00f3n de Bombeo San Pedrito del municipio de Su\u00e1n.<\/strong><\/em><\/p>\n<p><img loading=\"lazy\" decoding=\"async\" class=\"alignleft  wp-image-584\" src=\"https:\/\/contrastes.com.co\/digital\/wp-content\/uploads\/2020\/04\/l-capitular.png\" alt=\"l capitular\" width=\"61\" height=\"61\" srcset=\"https:\/\/contrastes.com.co\/digital\/wp-content\/uploads\/2020\/04\/l-capitular.png 100w, https:\/\/contrastes.com.co\/digital\/wp-content\/uploads\/2020\/04\/l-capitular-60x60.png 60w\" sizes=\"auto, (max-width: 61px) 100vw, 61px\" \/>a gobernadora del Atl\u00e1ntico, Elsa Noguera, anunci\u00f3 la radicaci\u00f3n ante la Asamblea Departamental de dos proyectos de ordenanza con los que se busca garantizar los recursos que permitan poner en marcha la pol\u00edtica agroindustrial del departamento y lograr la reactivaci\u00f3n econ\u00f3mica del campo.<\/p>\n<p>\u201cUno de los grandes retos que enfrenta el campo es el acceso al agua. Por lo tanto, es necesario fortalecer los sistemas de distritos de riego del departamento con el fin de asegurar este recurso en todas las parcelas de los campesinos del departamento. Estas ordenanzas hacen parte de las estrategias que estamos desarrollando desde la Gobernaci\u00f3n para la implementaci\u00f3n de la pol\u00edtica agroindustrial del Atl\u00e1ntico con la cual queremos darle a los agricultores mejores condiciones para sacar adelante sus cosechas\u201d, afirm\u00f3 la Gobernadora.<\/p>\n<p>En este sentido se le solicit\u00f3 a la Asamblea Departamental aprobar la inversi\u00f3n para lograr que el acceso al agua sea una realidad para los agricultores de la regi\u00f3n. Igualmente, como complemento a estas acciones se radic\u00f3 una ordenanza con el fin de apoyar el acceso a la financiaci\u00f3n de los campesinos como parte del acompa\u00f1amiento continuo que se viene realizando desde la Gobernaci\u00f3n del Atl\u00e1ntico.<\/p>\n<p>Los proyectos son evaluados por la comisi\u00f3n de presupuesto de la Duma departamental para luego surtir tres debates de discusi\u00f3n y una vez aprobados, ser sancionados como ordenanza por la Gobernadora.<\/p>\n","protected":false},"excerpt":{"rendered":"<p>\u201cUno de los grandes retos que enfrenta el campo es el acceso al agua. Por lo tanto, es necesario fortalecer los sistemas de distritos de riego del departamento con el fin de asegurar este recurso en todas las parcelas de los campesinos del departamento. Estas ordenanzas hacen parte de las estrategias que estamos desarrollando desde la Gobernaci\u00f3n para la implementaci\u00f3n de la pol\u00edtica agroindustrial del Atl\u00e1ntico con la cual queremos darle a los agricultores mejores condiciones para sacar adelante sus cosechas\u201d, afirm\u00f3 la Gobernadora<\/p>\n","protected":false},"author":1,"featured_media":2659,"comment_status":"open","ping_status":"open","sticky":false,"template":"","format":"standard","meta":{"footnotes":""},"categories":[978,896,164,6],"tags":[733,289,30],"class_list":["post-2658","post","type-post","status-publish","format-standard","has-post-thumbnail","hentry","category-agropacueria","category-infraestructura","category-labores","category-region","tag-agropecuaria","tag-el-campo-a-toda-marcha","tag-gobernacion-del-atlantico"],"_links":{"self":[{"href":"https:\/\/contrastes.com.co\/digital\/wp-json\/wp\/v2\/posts\/2658","targetHints":{"allow":["GET"]}}],"collection":[{"href":"https:\/\/contrastes.com.co\/digital\/wp-json\/wp\/v2\/posts"}],"about":[{"href":"https:\/\/contrastes.com.co\/digital\/wp-json\/wp\/v2\/types\/post"}],"author":[{"embeddable":true,"href":"https:\/\/contrastes.com.co\/digital\/wp-json\/wp\/v2\/users\/1"}],"replies":[{"embeddable":true,"href":"https:\/\/contrastes.com.co\/digital\/wp-json\/wp\/v2\/comments?post=2658"}],"version-history":[{"count":1,"href":"https:\/\/contrastes.com.co\/digital\/wp-json\/wp\/v2\/posts\/2658\/revisions"}],"predecessor-version":[{"id":2660,"href":"https:\/\/contrastes.com.co\/digital\/wp-json\/wp\/v2\/posts\/2658\/revisions\/2660"}],"wp:featuredmedia":[{"embeddable":true,"href":"https:\/\/contrastes.com.co\/digital\/wp-json\/wp\/v2\/media\/2659"}],"wp:attachment":[{"href":"https:\/\/contrastes.com.co\/digital\/wp-json\/wp\/v2\/media?parent=2658"}],"wp:term":[{"taxonomy":"category","embeddable":true,"href":"https:\/\/contrastes.com.co\/digital\/wp-json\/wp\/v2\/categories?post=2658"},{"taxonomy":"post_tag","embeddable":true,"href":"https:\/\/contrastes.com.co\/digital\/wp-json\/wp\/v2\/tags?post=2658"}],"curies":[{"name":"wp","href":"https:\/\/api.w.org\/{rel}","templated":true}]}}