{"id":2675,"date":"2020-10-20T10:19:44","date_gmt":"2020-10-20T15:19:44","guid":{"rendered":"https:\/\/contrastes.com.co\/digital\/?p=2675"},"modified":"2020-10-20T10:19:44","modified_gmt":"2020-10-20T15:19:44","slug":"conmemoran-dia-contra-el-cancer-de-mama-homenajeando-a-mujeres-recuperadas","status":"publish","type":"post","link":"https:\/\/contrastes.com.co\/digital\/conmemoran-dia-contra-el-cancer-de-mama-homenajeando-a-mujeres-recuperadas\/","title":{"rendered":"Conmemoran D\u00eda contra el C\u00e1ncer de Mama homenajeando a mujeres recuperadas"},"content":{"rendered":"<p><img loading=\"lazy\" decoding=\"async\" class=\"alignleft  wp-image-584\" src=\"https:\/\/contrastes.com.co\/digital\/wp-content\/uploads\/2020\/04\/l-capitular.png\" alt=\"l capitular\" width=\"68\" height=\"68\" srcset=\"https:\/\/contrastes.com.co\/digital\/wp-content\/uploads\/2020\/04\/l-capitular.png 100w, https:\/\/contrastes.com.co\/digital\/wp-content\/uploads\/2020\/04\/l-capitular-60x60.png 60w\" sizes=\"auto, (max-width: 68px) 100vw, 68px\" \/>a Alcald\u00eda de Soledad conmemora el D\u00eda Mundial Contra el C\u00e1ncer de Mama, homenajeando a las mujeres que han padecido la enfermedad. Se trata de 10 mujeres, cuyas historias de vidas muestran la valent\u00eda y resiliencia para salir adelante.<\/p>\n<p>El secretario encargado de Salud municipal, Javier Cabarcas, explic\u00f3 que esta fecha busca sensibilizar sobre la importancia de la detecci\u00f3n precoz, a fin de mejorar el pron\u00f3stico y la supervivencia de los casos de c\u00e1ncer de mama, lo cual sigue siendo la piedra angular de la lucha contra esta enfermedad.<\/p>\n<p>Entre las medidas de prevenci\u00f3n, recomend\u00f3 el autoexamen, que debe realizarse mensualmente a trav\u00e9s de una palpaci\u00f3n simple en el seno. \u201cLas se\u00f1ales que deben tenerse en cuenta son la presencia de peque\u00f1os bultos, endurecimientos, dolores, pezones retra\u00eddos, o p\u00e9rdida de l\u00edquido por los pezones\u201d.<\/p>\n<p>Igualmente, se debe realizar un control ginecol\u00f3gico por lo menos una vez al a\u00f1o, con ex\u00e1menes de mamograf\u00eda y ecograf\u00eda, lo cual es indispensable para asegurar una prevenci\u00f3n integral. Cabe destacar que en caso de que el c\u00e1ncer de mama sea detectado en las primeras fases, las posibilidades de curaci\u00f3n ascienden al 97 por ciento.<\/p>\n<p>Seg\u00fan el Sistema de Vigilancia en Salud P\u00fablica, en lo que va corrido del a\u00f1o, en el municipio de Soledad, 24 personas han sido diagnosticadas con c\u00e1ncer de mama, de las cuales 2 han fallecido.<\/p>\n<p>Es por ello que, con intenci\u00f3n de seguir creando conciencia durante todo el mes de octubre sobre el c\u00e1ncer de mama, que tiene grandes probabilidades de prevenci\u00f3n y cura, la Alcald\u00eda de Soledad deja sus colores tradicionales verde y azul en las redes institucionales y se viste de rosa.<\/p>\n<p>De igual forma, hoy el templo San Antonio de Padua se iluminar\u00e1 de rosa, como homenaje a las mujeres solede\u00f1as recuperadas por c\u00e1ncer.<\/p>\n","protected":false},"excerpt":{"rendered":"<p>a Alcald\u00eda de Soledad conmemora el D\u00eda Mundial Contra el C\u00e1ncer de Mama, homenajeando a las mujeres que han padecido la enfermedad. Se trata de 10 mujeres, cuyas historias de vidas muestran la valent\u00eda y resiliencia para salir adelante. El secretario encargado de Salud municipal, Javier Cabarcas, explic\u00f3 que esta fecha busca sensibilizar sobre la [&hellip;]<\/p>\n","protected":false},"author":1,"featured_media":2676,"comment_status":"open","ping_status":"open","sticky":false,"template":"","format":"standard","meta":{"footnotes":""},"categories":[2,268],"tags":[1172,661,1170],"class_list":["post-2675","post","type-post","status-publish","format-standard","has-post-thumbnail","hentry","category-locales","category-salud","tag-cancer-de-mama","tag-javier-cabarcas-pinedo","tag-secretario-de-salud-de-soledad"],"_links":{"self":[{"href":"https:\/\/contrastes.com.co\/digital\/wp-json\/wp\/v2\/posts\/2675","targetHints":{"allow":["GET"]}}],"collection":[{"href":"https:\/\/contrastes.com.co\/digital\/wp-json\/wp\/v2\/posts"}],"about":[{"href":"https:\/\/contrastes.com.co\/digital\/wp-json\/wp\/v2\/types\/post"}],"author":[{"embeddable":true,"href":"https:\/\/contrastes.com.co\/digital\/wp-json\/wp\/v2\/users\/1"}],"replies":[{"embeddable":true,"href":"https:\/\/contrastes.com.co\/digital\/wp-json\/wp\/v2\/comments?post=2675"}],"version-history":[{"count":1,"href":"https:\/\/contrastes.com.co\/digital\/wp-json\/wp\/v2\/posts\/2675\/revisions"}],"predecessor-version":[{"id":2677,"href":"https:\/\/contrastes.com.co\/digital\/wp-json\/wp\/v2\/posts\/2675\/revisions\/2677"}],"wp:featuredmedia":[{"embeddable":true,"href":"https:\/\/contrastes.com.co\/digital\/wp-json\/wp\/v2\/media\/2676"}],"wp:attachment":[{"href":"https:\/\/contrastes.com.co\/digital\/wp-json\/wp\/v2\/media?parent=2675"}],"wp:term":[{"taxonomy":"category","embeddable":true,"href":"https:\/\/contrastes.com.co\/digital\/wp-json\/wp\/v2\/categories?post=2675"},{"taxonomy":"post_tag","embeddable":true,"href":"https:\/\/contrastes.com.co\/digital\/wp-json\/wp\/v2\/tags?post=2675"}],"curies":[{"name":"wp","href":"https:\/\/api.w.org\/{rel}","templated":true}]}}