{"id":2678,"date":"2020-10-20T10:25:36","date_gmt":"2020-10-20T15:25:36","guid":{"rendered":"https:\/\/contrastes.com.co\/digital\/?p=2678"},"modified":"2020-10-20T10:25:36","modified_gmt":"2020-10-20T15:25:36","slug":"gobierno-de-soledad-inicia-censo-de-casas-destechadas-en-el-suroccidente-municipal","status":"publish","type":"post","link":"https:\/\/contrastes.com.co\/digital\/gobierno-de-soledad-inicia-censo-de-casas-destechadas-en-el-suroccidente-municipal\/","title":{"rendered":"Gobierno de Soledad inicia censo de casas destechadas en el suroccidente municipal"},"content":{"rendered":"<p><img loading=\"lazy\" decoding=\"async\" class=\"alignleft  wp-image-584\" src=\"https:\/\/contrastes.com.co\/digital\/wp-content\/uploads\/2020\/04\/l-capitular.png\" alt=\"l capitular\" width=\"63\" height=\"63\" srcset=\"https:\/\/contrastes.com.co\/digital\/wp-content\/uploads\/2020\/04\/l-capitular.png 100w, https:\/\/contrastes.com.co\/digital\/wp-content\/uploads\/2020\/04\/l-capitular-60x60.png 60w\" sizes=\"auto, (max-width: 63px) 100vw, 63px\" \/>a Alcald\u00eda de Soledad, a trav\u00e9s de la Oficina de Prevenci\u00f3n y Desastres de la Secretar\u00eda de Gobierno, inici\u00f3 el censo de las viviendas destechadas en los barrios Altos de la Metro, Villa Karla y Villa Mar\u00eda, afectadas por el fuerte invierno registrado durante este domingo.<\/p>\n<p>De igual forma, la administraci\u00f3n municipal gestiona la ayuda humanitaria que se entregar\u00e1 a las personas afectadas, tras el vendaval presentado en los sectores mencionados. La Secretar\u00eda Municipal de Gobierno activ\u00f3 la ruta del programa de Gesti\u00f3n de Riesgo, atendiendo la emergencia y reportando 13 casas parcialmente destechadas y dos \u00e1rboles ca\u00eddos en la v\u00eda de Manuela Beltr\u00e1n, intervenidos por el Cuerpo de Bomberos.<\/p>\n<p>\u201cCon el acompa\u00f1amiento del Cuerpo de Bomberos y la Defensa Civil, nos encontramos desarrollando una caracterizaci\u00f3n y censo de las familias afectadas, para evaluar los da\u00f1os. Con base en esta informaci\u00f3n, determinaremos las ayudas humanitarias que entregaremos\u201d, expres\u00f3 Rosmell Hern\u00e1ndez, secretario municipal de Gobierno.<\/p>\n<p>El alcalde Rodolfo Ucr\u00f3s hace un llamado especial a los habitantes del municipio a tomar las debidas precauciones para afrontar posibles fen\u00f3menos como trombas marinas o vendavales, pues de acuerdo con informaciones de la Unidad Nacional para la Gesti\u00f3n de Riesgos de Desastres, Ungrd, la temporada de estos eventos se extender\u00e1 hasta finales de noviembre.<\/p>\n<p>\u201cAgradecemos la oportuna e inmediata atenci\u00f3n de la Alcald\u00eda, la secretar\u00eda municipal de Gobierno y la Oficina de Gesti\u00f3n del Riesgo, que atendieron nuestro llamado por los da\u00f1os que ocasion\u00f3 el fuerte vendaval\u201d, dijo la l\u00edder comunal Micaela Garc\u00eda.<\/p>\n","protected":false},"excerpt":{"rendered":"<p>a Alcald\u00eda de Soledad, a trav\u00e9s de la Oficina de Prevenci\u00f3n y Desastres de la Secretar\u00eda de Gobierno, inici\u00f3 el censo de las viviendas destechadas en los barrios Altos de la Metro, Villa Karla y Villa Mar\u00eda, afectadas por el fuerte invierno registrado durante este domingo. De igual forma, la administraci\u00f3n municipal gestiona la ayuda [&hellip;]<\/p>\n","protected":false},"author":1,"featured_media":2679,"comment_status":"open","ping_status":"open","sticky":false,"template":"","format":"standard","meta":{"footnotes":""},"categories":[533,2],"tags":[1173,1176,303,1175,1174,1177],"class_list":["post-2678","post","type-post","status-publish","format-standard","has-post-thumbnail","hentry","category-gestion-social","category-locales","tag-destechadas","tag-emergencia-por-lluvias","tag-ola-invernal","tag-suroccidente-de-soledad","tag-vendadavl","tag-vientos"],"_links":{"self":[{"href":"https:\/\/contrastes.com.co\/digital\/wp-json\/wp\/v2\/posts\/2678","targetHints":{"allow":["GET"]}}],"collection":[{"href":"https:\/\/contrastes.com.co\/digital\/wp-json\/wp\/v2\/posts"}],"about":[{"href":"https:\/\/contrastes.com.co\/digital\/wp-json\/wp\/v2\/types\/post"}],"author":[{"embeddable":true,"href":"https:\/\/contrastes.com.co\/digital\/wp-json\/wp\/v2\/users\/1"}],"replies":[{"embeddable":true,"href":"https:\/\/contrastes.com.co\/digital\/wp-json\/wp\/v2\/comments?post=2678"}],"version-history":[{"count":1,"href":"https:\/\/contrastes.com.co\/digital\/wp-json\/wp\/v2\/posts\/2678\/revisions"}],"predecessor-version":[{"id":2680,"href":"https:\/\/contrastes.com.co\/digital\/wp-json\/wp\/v2\/posts\/2678\/revisions\/2680"}],"wp:featuredmedia":[{"embeddable":true,"href":"https:\/\/contrastes.com.co\/digital\/wp-json\/wp\/v2\/media\/2679"}],"wp:attachment":[{"href":"https:\/\/contrastes.com.co\/digital\/wp-json\/wp\/v2\/media?parent=2678"}],"wp:term":[{"taxonomy":"category","embeddable":true,"href":"https:\/\/contrastes.com.co\/digital\/wp-json\/wp\/v2\/categories?post=2678"},{"taxonomy":"post_tag","embeddable":true,"href":"https:\/\/contrastes.com.co\/digital\/wp-json\/wp\/v2\/tags?post=2678"}],"curies":[{"name":"wp","href":"https:\/\/api.w.org\/{rel}","templated":true}]}}