{"id":2797,"date":"2020-10-27T21:21:51","date_gmt":"2020-10-28T02:21:51","guid":{"rendered":"https:\/\/contrastes.com.co\/digital\/?p=2797"},"modified":"2020-10-27T21:21:51","modified_gmt":"2020-10-28T02:21:51","slug":"a-pocos-dias-de-la-noche-de-brujas-profanan-boveda-en-el-cementerio-central-de-soledad","status":"publish","type":"post","link":"https:\/\/contrastes.com.co\/digital\/a-pocos-dias-de-la-noche-de-brujas-profanan-boveda-en-el-cementerio-central-de-soledad\/","title":{"rendered":"A pocos d\u00edas de la noche de brujas: Profanan b\u00f3veda en el Cementerio Central de Soledad"},"content":{"rendered":"<p>La Alcald\u00eda de Soledad y la comunidad rechazaron un caso de profanaci\u00f3n de b\u00f3veda en cementerio municipal. La situaci\u00f3n se conoci\u00f3 por una denuncia p\u00fablica realizada por El\u00edas Niebles, quien asegur\u00f3 que en menos de dos meses la b\u00f3veda de su abuelo en el Cementerio Central de Soledad ha sido violentada y le han robado dos partes del cuerpo. En la primera fue una parte de la pierna, y en esta \u00faltima fue el cr\u00e1neo. Se presume sobre la pr\u00e1ctica de rituales sat\u00e1nicos o alguna venganza contra la v\u00edctima.<\/p>\n<p>Los familiares decidieron exhumar el cad\u00e1ver para posteriormente cremarlo y de esta manera no se sigan presentando estas situaciones. \u00abHemos tomado esta decisi\u00f3n para que no se siga presentando este tipo de actos con los restos de nuestro ser querido\u00bb, explic\u00f3 El\u00edas Niebles.<\/p>\n<p>El Secretario de Gobierno del municipio, Rosmel Hern\u00e1ndez, hizo un llamado a la ciudadan\u00eda para que denuncie cualquier tipo de actos extra\u00f1os que se presenten en los cementerios debido a que para esta \u00e9poca aumentan los ritos espirituales.<\/p>\n<p>La informaci\u00f3n en la #UnaEnPunto #PeriodismoSinLimites la nueva forma de ver la radio.<\/p>\n<p><iframe loading=\"lazy\" title=\"A pocos d\u00edas de la noche de brujas: Profanan b\u00f3veda en el Cementerio de Soledad\" width=\"640\" height=\"360\" src=\"https:\/\/www.youtube.com\/embed\/LXCtQlRQLP8?start=36&#038;feature=oembed\" frameborder=\"0\" allow=\"accelerometer; autoplay; clipboard-write; encrypted-media; gyroscope; picture-in-picture; web-share\" referrerpolicy=\"strict-origin-when-cross-origin\" allowfullscreen><\/iframe><\/p>\n","protected":false},"excerpt":{"rendered":"<p>La Alcald\u00eda de Soledad y la comunidad rechazaron un caso de profanaci\u00f3n de b\u00f3veda en cementerio municipal.<\/p>\n","protected":false},"author":1,"featured_media":2798,"comment_status":"open","ping_status":"open","sticky":false,"template":"","format":"standard","meta":{"footnotes":""},"categories":[1199,10,1247],"tags":[1294,1296,1295],"class_list":["post-2797","post","type-post","status-publish","format-standard","has-post-thumbnail","hentry","category-contrastesradio","category-judicial","category-sucesos","tag-cementerio-central-de-soledad","tag-noche-de-brujas","tag-profanacion"],"_links":{"self":[{"href":"https:\/\/contrastes.com.co\/digital\/wp-json\/wp\/v2\/posts\/2797","targetHints":{"allow":["GET"]}}],"collection":[{"href":"https:\/\/contrastes.com.co\/digital\/wp-json\/wp\/v2\/posts"}],"about":[{"href":"https:\/\/contrastes.com.co\/digital\/wp-json\/wp\/v2\/types\/post"}],"author":[{"embeddable":true,"href":"https:\/\/contrastes.com.co\/digital\/wp-json\/wp\/v2\/users\/1"}],"replies":[{"embeddable":true,"href":"https:\/\/contrastes.com.co\/digital\/wp-json\/wp\/v2\/comments?post=2797"}],"version-history":[{"count":1,"href":"https:\/\/contrastes.com.co\/digital\/wp-json\/wp\/v2\/posts\/2797\/revisions"}],"predecessor-version":[{"id":2799,"href":"https:\/\/contrastes.com.co\/digital\/wp-json\/wp\/v2\/posts\/2797\/revisions\/2799"}],"wp:featuredmedia":[{"embeddable":true,"href":"https:\/\/contrastes.com.co\/digital\/wp-json\/wp\/v2\/media\/2798"}],"wp:attachment":[{"href":"https:\/\/contrastes.com.co\/digital\/wp-json\/wp\/v2\/media?parent=2797"}],"wp:term":[{"taxonomy":"category","embeddable":true,"href":"https:\/\/contrastes.com.co\/digital\/wp-json\/wp\/v2\/categories?post=2797"},{"taxonomy":"post_tag","embeddable":true,"href":"https:\/\/contrastes.com.co\/digital\/wp-json\/wp\/v2\/tags?post=2797"}],"curies":[{"name":"wp","href":"https:\/\/api.w.org\/{rel}","templated":true}]}}