{"id":2972,"date":"2020-11-07T12:37:35","date_gmt":"2020-11-07T17:37:35","guid":{"rendered":"https:\/\/contrastes.com.co\/digital\/?p=2972"},"modified":"2020-11-07T12:37:35","modified_gmt":"2020-11-07T17:37:35","slug":"ruth-agudelo-esposa-de-alci-acosta-y-madre-de-checo-acosta-lucha-contra-el-covid-19","status":"publish","type":"post","link":"https:\/\/contrastes.com.co\/digital\/ruth-agudelo-esposa-de-alci-acosta-y-madre-de-checo-acosta-lucha-contra-el-covid-19\/","title":{"rendered":"Ruth Agudelo, esposa de Alci Acosta y madre de Checo Acosta, lucha contra el covid-19"},"content":{"rendered":"<p>El cantante solede\u00f1o Alci Acosta, quien ayer cumpli\u00f3 82 a\u00f1os de edad, cuenta en este video c\u00f3mo se ha recuperado del coronavirus y que se apresta a continuar con sus planes art\u00edsticos junto a su hijo Checo Acosta quien tambi\u00e9n se ha recuperado del covid-19, recordemos que hace unos d\u00edas ambos dieron positivo para esta peligrosa enfermedad pero afortunadamente ya ambos se encuentran bien de salud. No obstante la esposa de Alci Acosta y tambi\u00e9n madre del reconocido artista Checo Acosta, Ruth Agudelo, se encuentra librando una batalla contra el coronavirus en una cl\u00ednica de Barranquilla; Alci manifest\u00f3 que Ruth ha presentado algunos problemas por su condici\u00f3n de diab\u00e9tica pero conf\u00eda en que su compa\u00f1era de toda la vida salga adelante en este proceso, deseo al que nos unimos desde esta tribuna period\u00edstica.<br \/>\nDetalles en la #UnaEnPunto #PeriodismoSinLimites la nueva forma de ver la radio.<\/p>\n<p><iframe loading=\"lazy\" title=\"Ruth Agudelo, esposa de Alci Acosta y madre de Checo lucha contra el covid-19\" width=\"640\" height=\"360\" src=\"https:\/\/www.youtube.com\/embed\/JpVMX1dmCfs?start=126&#038;feature=oembed\" frameborder=\"0\" allow=\"accelerometer; autoplay; clipboard-write; encrypted-media; gyroscope; picture-in-picture; web-share\" referrerpolicy=\"strict-origin-when-cross-origin\" allowfullscreen><\/iframe><\/p>\n","protected":false},"excerpt":{"rendered":"<p>El cantante solede\u00f1o Alci Acosta, quien ayer cumpli\u00f3 82 a\u00f1os de edad, cuenta en este video c\u00f3mo se ha recuperado del coronavirus y que se apresta a continuar con sus planes art\u00edsticos junto a su hijo Checo Acosta quien tambi\u00e9n se ha recuperado del covid-19, recordemos que hace unos d\u00edas ambos dieron positivo para esta [&hellip;]<\/p>\n","protected":false},"author":1,"featured_media":2973,"comment_status":"open","ping_status":"open","sticky":false,"template":"","format":"standard","meta":{"footnotes":""},"categories":[70,2,113],"tags":[114,387,1456,42,1457,38,1458],"class_list":["post-2972","post","type-post","status-publish","format-standard","has-post-thumbnail","hentry","category-coronavirus","category-locales","category-personajes","tag-alci-acosta","tag-artistas","tag-checoo-acosta","tag-coronavirus","tag-esposa-de-alci-acosta","tag-municipio-de-soledad","tag-ruth-agudelo"],"_links":{"self":[{"href":"https:\/\/contrastes.com.co\/digital\/wp-json\/wp\/v2\/posts\/2972","targetHints":{"allow":["GET"]}}],"collection":[{"href":"https:\/\/contrastes.com.co\/digital\/wp-json\/wp\/v2\/posts"}],"about":[{"href":"https:\/\/contrastes.com.co\/digital\/wp-json\/wp\/v2\/types\/post"}],"author":[{"embeddable":true,"href":"https:\/\/contrastes.com.co\/digital\/wp-json\/wp\/v2\/users\/1"}],"replies":[{"embeddable":true,"href":"https:\/\/contrastes.com.co\/digital\/wp-json\/wp\/v2\/comments?post=2972"}],"version-history":[{"count":1,"href":"https:\/\/contrastes.com.co\/digital\/wp-json\/wp\/v2\/posts\/2972\/revisions"}],"predecessor-version":[{"id":2974,"href":"https:\/\/contrastes.com.co\/digital\/wp-json\/wp\/v2\/posts\/2972\/revisions\/2974"}],"wp:featuredmedia":[{"embeddable":true,"href":"https:\/\/contrastes.com.co\/digital\/wp-json\/wp\/v2\/media\/2973"}],"wp:attachment":[{"href":"https:\/\/contrastes.com.co\/digital\/wp-json\/wp\/v2\/media?parent=2972"}],"wp:term":[{"taxonomy":"category","embeddable":true,"href":"https:\/\/contrastes.com.co\/digital\/wp-json\/wp\/v2\/categories?post=2972"},{"taxonomy":"post_tag","embeddable":true,"href":"https:\/\/contrastes.com.co\/digital\/wp-json\/wp\/v2\/tags?post=2972"}],"curies":[{"name":"wp","href":"https:\/\/api.w.org\/{rel}","templated":true}]}}