{"id":2987,"date":"2020-11-07T13:04:18","date_gmt":"2020-11-07T18:04:18","guid":{"rendered":"https:\/\/contrastes.com.co\/digital\/?p=2987"},"modified":"2020-11-07T13:04:33","modified_gmt":"2020-11-07T18:04:33","slug":"en-consejo-departamental-de-politica-social-gobernadora-pide-mayor-control-de-la-polvora","status":"publish","type":"post","link":"https:\/\/contrastes.com.co\/digital\/en-consejo-departamental-de-politica-social-gobernadora-pide-mayor-control-de-la-polvora\/","title":{"rendered":"En Consejo Departamental de Pol\u00edtica Social, Gobernadora pide mayor control de la p\u00f3lvora"},"content":{"rendered":"<p>De cara a la temporada de fin de a\u00f1o, la mandataria hizo un llamado a las autoridades para mayor vigilancia en la venta y uso de la p\u00f3lvora en el departamento. Durante el encuentro virtual, el <strong>Instituto Colombiano de Bienestar Familiar regional Atl\u00e1ntico<\/strong> report\u00f3 486 casos de ni\u00f1os y ni\u00f1as en riesgo de trabajo infantil y mendicidad. <strong>Elsa Noguera<\/strong> destac\u00f3 la reactivaci\u00f3n econ\u00f3mica en medio de la pandemia para ayudar a la poblaci\u00f3n m\u00e1s necesitada y golpeada por la crisis sanitaria.<br \/>\nDetalles en la #UnaEnPunto #PeriodismoSinLimites la nueva forma de ver la radio.<\/p>\n<p><iframe loading=\"lazy\" title=\"En Consejo Departamental de Pol\u00edtica Social, Gobernadora pide mayor control de la p\u00f3lvora\" width=\"640\" height=\"360\" src=\"https:\/\/www.youtube.com\/embed\/lKv1KW-ckEY?start=60&#038;feature=oembed\" frameborder=\"0\" allow=\"accelerometer; autoplay; clipboard-write; encrypted-media; gyroscope; picture-in-picture; web-share\" referrerpolicy=\"strict-origin-when-cross-origin\" allowfullscreen><\/iframe><\/p>\n","protected":false},"excerpt":{"rendered":"<p>De cara a la temporada de fin de a\u00f1o, la mandataria hizo un llamado a las autoridades para mayor vigilancia en la venta y uso de la p\u00f3lvora en el departamento.<\/p>\n","protected":false},"author":1,"featured_media":2988,"comment_status":"open","ping_status":"open","sticky":false,"template":"","format":"standard","meta":{"footnotes":""},"categories":[756,6],"tags":[1478,31,30,1477,1475,1476],"class_list":["post-2987","post","type-post","status-publish","format-standard","has-post-thumbnail","hentry","category-comunidad","category-region","tag-consejo-departamental-de-politica-social","tag-elsa-noguera","tag-gobernacion-del-atlantico","tag-instituto-colombiano-de-bienestar-familiar-regional-atlantico","tag-polvora","tag-uso-depolvora"],"_links":{"self":[{"href":"https:\/\/contrastes.com.co\/digital\/wp-json\/wp\/v2\/posts\/2987","targetHints":{"allow":["GET"]}}],"collection":[{"href":"https:\/\/contrastes.com.co\/digital\/wp-json\/wp\/v2\/posts"}],"about":[{"href":"https:\/\/contrastes.com.co\/digital\/wp-json\/wp\/v2\/types\/post"}],"author":[{"embeddable":true,"href":"https:\/\/contrastes.com.co\/digital\/wp-json\/wp\/v2\/users\/1"}],"replies":[{"embeddable":true,"href":"https:\/\/contrastes.com.co\/digital\/wp-json\/wp\/v2\/comments?post=2987"}],"version-history":[{"count":2,"href":"https:\/\/contrastes.com.co\/digital\/wp-json\/wp\/v2\/posts\/2987\/revisions"}],"predecessor-version":[{"id":2990,"href":"https:\/\/contrastes.com.co\/digital\/wp-json\/wp\/v2\/posts\/2987\/revisions\/2990"}],"wp:featuredmedia":[{"embeddable":true,"href":"https:\/\/contrastes.com.co\/digital\/wp-json\/wp\/v2\/media\/2988"}],"wp:attachment":[{"href":"https:\/\/contrastes.com.co\/digital\/wp-json\/wp\/v2\/media?parent=2987"}],"wp:term":[{"taxonomy":"category","embeddable":true,"href":"https:\/\/contrastes.com.co\/digital\/wp-json\/wp\/v2\/categories?post=2987"},{"taxonomy":"post_tag","embeddable":true,"href":"https:\/\/contrastes.com.co\/digital\/wp-json\/wp\/v2\/tags?post=2987"}],"curies":[{"name":"wp","href":"https:\/\/api.w.org\/{rel}","templated":true}]}}