{"id":3063,"date":"2020-11-11T21:35:30","date_gmt":"2020-11-12T02:35:30","guid":{"rendered":"https:\/\/contrastes.com.co\/digital\/?p=3063"},"modified":"2020-11-23T21:44:14","modified_gmt":"2020-11-24T02:44:14","slug":"asi-es-la-ruta-artistica-crear-convivencia-en-el-atlantico","status":"publish","type":"post","link":"https:\/\/contrastes.com.co\/digital\/asi-es-la-ruta-artistica-crear-convivencia-en-el-atlantico\/","title":{"rendered":"As\u00ed es la Ruta Art\u00edstica \u00abCREAR Convivencia\u00bb en el Atl\u00e1ntico"},"content":{"rendered":"<p>Llega la ruta art\u00edstica de \u00abCREAR Convivencia\u00bb, con presentaciones culturales en diferentes municipios del Atl\u00e1ntico. Artistas atlanticenses presentan sus obras culturales en espacios abiertos, como parques, plazas y teatrinos, cumpliendo medidas de bioseguridad.<\/p>\n<p>En el proceso de CREAR Convivencia se eligieron 161 propuestas art\u00edsticas, entre digitales y presenciales, que transmiten mensajes de seguridad y sana convivencia. Durante este proyecto se invirtieron 1.000 millones para el fomento de la cultura ciudadana a trav\u00e9s del arte.<\/p>\n<p>La informaci\u00f3n completa con la entrevista a la secretaria de Cultura del Atl\u00e1ntico, Marcela D\u00e1vila, en la #UnaEnPunto #PeriodismoSinLimites la nueva forma de ver la radio.<\/p>\n<p><iframe loading=\"lazy\" title=\"As\u00ed es la Ruta Art\u00edstica &quot;CREAR Convivencia&quot;, con presentaciones culturales en el Atl\u00e1ntico.\" width=\"640\" height=\"360\" src=\"https:\/\/www.youtube.com\/embed\/f3Xj_Gi6sMs?feature=oembed\" frameborder=\"0\" allow=\"accelerometer; autoplay; clipboard-write; encrypted-media; gyroscope; picture-in-picture; web-share\" referrerpolicy=\"strict-origin-when-cross-origin\" allowfullscreen><\/iframe><\/p>\n","protected":false},"excerpt":{"rendered":"<p>Llega la ruta art\u00edstica de \u00abCREAR Convivencia\u00bb, con presentaciones culturales en diferentes municipios del Atl\u00e1ntico<\/p>\n","protected":false},"author":1,"featured_media":3064,"comment_status":"open","ping_status":"open","sticky":false,"template":"","format":"standard","meta":{"footnotes":""},"categories":[64,6],"tags":[1245,1562,30,182,892,1564,1563,183],"class_list":["post-3063","post","type-post","status-publish","format-standard","has-post-thumbnail","hentry","category-cultura","category-region","tag-apoyo-sector-cultural","tag-crear-convivencia","tag-gobernacion-del-atlantico","tag-marcela-davila","tag-municipios-del-atlantico","tag-presentaciones-artisticas-en-el-atlantico","tag-ruta-artistica","tag-secretaria-de-cultura-y-patrimonio"],"_links":{"self":[{"href":"https:\/\/contrastes.com.co\/digital\/wp-json\/wp\/v2\/posts\/3063","targetHints":{"allow":["GET"]}}],"collection":[{"href":"https:\/\/contrastes.com.co\/digital\/wp-json\/wp\/v2\/posts"}],"about":[{"href":"https:\/\/contrastes.com.co\/digital\/wp-json\/wp\/v2\/types\/post"}],"author":[{"embeddable":true,"href":"https:\/\/contrastes.com.co\/digital\/wp-json\/wp\/v2\/users\/1"}],"replies":[{"embeddable":true,"href":"https:\/\/contrastes.com.co\/digital\/wp-json\/wp\/v2\/comments?post=3063"}],"version-history":[{"count":1,"href":"https:\/\/contrastes.com.co\/digital\/wp-json\/wp\/v2\/posts\/3063\/revisions"}],"predecessor-version":[{"id":3065,"href":"https:\/\/contrastes.com.co\/digital\/wp-json\/wp\/v2\/posts\/3063\/revisions\/3065"}],"wp:featuredmedia":[{"embeddable":true,"href":"https:\/\/contrastes.com.co\/digital\/wp-json\/wp\/v2\/media\/3064"}],"wp:attachment":[{"href":"https:\/\/contrastes.com.co\/digital\/wp-json\/wp\/v2\/media?parent=3063"}],"wp:term":[{"taxonomy":"category","embeddable":true,"href":"https:\/\/contrastes.com.co\/digital\/wp-json\/wp\/v2\/categories?post=3063"},{"taxonomy":"post_tag","embeddable":true,"href":"https:\/\/contrastes.com.co\/digital\/wp-json\/wp\/v2\/tags?post=3063"}],"curies":[{"name":"wp","href":"https:\/\/api.w.org\/{rel}","templated":true}]}}