{"id":3163,"date":"2020-11-25T11:23:40","date_gmt":"2020-11-25T16:23:40","guid":{"rendered":"https:\/\/contrastes.com.co\/digital\/?p=3163"},"modified":"2020-11-30T11:27:39","modified_gmt":"2020-11-30T16:27:39","slug":"a-san-andres-hay-que-reinventarla-tras-huracan-iota-y-su-dificil-situacion-economica","status":"publish","type":"post","link":"https:\/\/contrastes.com.co\/digital\/a-san-andres-hay-que-reinventarla-tras-huracan-iota-y-su-dificil-situacion-economica\/","title":{"rendered":"A San Andr\u00e9s hay que reinventarla tras hurac\u00e1n Iota y su dif\u00edcil situaci\u00f3n econ\u00f3mica"},"content":{"rendered":"<p>El paso del hurac\u00e1n Iota y la devastaci\u00f3n que caus\u00f3 en las islas de San Andr\u00e9s y Providencia puso de manifiesto, adem\u00e1s del deseo de los isle\u00f1os de volver pronto a la normalidad, la gran necesidad que desde todo punto de vista tiene este territorio insular en materia de inversi\u00f3n p\u00fablica y privada. Siendo un potencial destino tur\u00edstico en el Caribe las cifras nos dicen lo contrario.<\/p>\n<p><iframe loading=\"lazy\" title=\"A San Andr\u00e9s Islas hay que reinventarlas tras el hurac\u00e1n Iota y su dif\u00edcil situaci\u00f3n econ\u00f3mica\" width=\"640\" height=\"360\" src=\"https:\/\/www.youtube.com\/embed\/guRemZOXipU?feature=oembed\" frameborder=\"0\" allow=\"accelerometer; autoplay; clipboard-write; encrypted-media; gyroscope; picture-in-picture; web-share\" referrerpolicy=\"strict-origin-when-cross-origin\" allowfullscreen><\/iframe><\/p>\n","protected":false},"excerpt":{"rendered":"<p>El paso del hurac\u00e1n Iota y la devastaci\u00f3n que caus\u00f3 en las islas de San Andr\u00e9s y Providencia puso de manifiesto, adem\u00e1s del deseo de los isle\u00f1os de volver pronto a la normalidad, l<\/p>\n","protected":false},"author":1,"featured_media":3164,"comment_status":"open","ping_status":"open","sticky":false,"template":"","format":"standard","meta":{"footnotes":""},"categories":[85,235,4],"tags":[1654,1651,1653,1652],"class_list":["post-3163","post","type-post","status-publish","format-standard","has-post-thumbnail","hentry","category-analisis","category-opinion","category-pais","tag-competitividad-en-el-caribe","tag-economia-region-caribe","tag-infraestructura-turistica","tag-san-andres-economia"],"_links":{"self":[{"href":"https:\/\/contrastes.com.co\/digital\/wp-json\/wp\/v2\/posts\/3163","targetHints":{"allow":["GET"]}}],"collection":[{"href":"https:\/\/contrastes.com.co\/digital\/wp-json\/wp\/v2\/posts"}],"about":[{"href":"https:\/\/contrastes.com.co\/digital\/wp-json\/wp\/v2\/types\/post"}],"author":[{"embeddable":true,"href":"https:\/\/contrastes.com.co\/digital\/wp-json\/wp\/v2\/users\/1"}],"replies":[{"embeddable":true,"href":"https:\/\/contrastes.com.co\/digital\/wp-json\/wp\/v2\/comments?post=3163"}],"version-history":[{"count":1,"href":"https:\/\/contrastes.com.co\/digital\/wp-json\/wp\/v2\/posts\/3163\/revisions"}],"predecessor-version":[{"id":3165,"href":"https:\/\/contrastes.com.co\/digital\/wp-json\/wp\/v2\/posts\/3163\/revisions\/3165"}],"wp:featuredmedia":[{"embeddable":true,"href":"https:\/\/contrastes.com.co\/digital\/wp-json\/wp\/v2\/media\/3164"}],"wp:attachment":[{"href":"https:\/\/contrastes.com.co\/digital\/wp-json\/wp\/v2\/media?parent=3163"}],"wp:term":[{"taxonomy":"category","embeddable":true,"href":"https:\/\/contrastes.com.co\/digital\/wp-json\/wp\/v2\/categories?post=3163"},{"taxonomy":"post_tag","embeddable":true,"href":"https:\/\/contrastes.com.co\/digital\/wp-json\/wp\/v2\/tags?post=3163"}],"curies":[{"name":"wp","href":"https:\/\/api.w.org\/{rel}","templated":true}]}}