{"id":3259,"date":"2020-12-04T20:12:34","date_gmt":"2020-12-05T01:12:34","guid":{"rendered":"https:\/\/contrastes.com.co\/digital\/?p=3259"},"modified":"2020-12-04T20:12:34","modified_gmt":"2020-12-05T01:12:34","slug":"lluvias-gobernacion-y-gobierno-nacional-buscan-soluciones-definitivas","status":"publish","type":"post","link":"https:\/\/contrastes.com.co\/digital\/lluvias-gobernacion-y-gobierno-nacional-buscan-soluciones-definitivas\/","title":{"rendered":"Lluvias: Gobernaci\u00f3n y Gobierno Nacional buscan soluciones definitivas"},"content":{"rendered":"<p><strong><em>* La gobernadora del Atl\u00e1ntico, Elsa Noguera, y la ministra del Interior, Alicia Arango, visitaron los sectores de Santa Ver\u00f3nica, en Juan de Acosta, afectados por la temporada de lluvias y la erosi\u00f3n costera.<\/em><\/strong><\/p>\n<p><strong><em>* La mandataria asegur\u00f3 que dentro de las soluciones definitivas, especialmente para esta zona costera, se contemplan obras de protecci\u00f3n con espolones y rompeolas. En una\u00a0 mesa de trabajo con los equipos de las alcald\u00edas y del Gobierno Nacional se definir\u00e1n las inversiones.<\/em><\/strong><\/p>\n<p><strong><em>* La Ministra del Interior se comprometi\u00f3 a gestionar ante el Gobierno Nacional apoyo para los damnificados y obras de mitigaci\u00f3n, que se sumar\u00e1n a las soluciones de largo plazo que se requieren.<\/em><\/strong><\/p>\n<p><img loading=\"lazy\" decoding=\"async\" class=\"alignleft  wp-image-845\" src=\"https:\/\/contrastes.com.co\/digital\/wp-content\/uploads\/2020\/05\/e-capitular.png\" alt=\"e capitular\" width=\"63\" height=\"63\" srcset=\"https:\/\/contrastes.com.co\/digital\/wp-content\/uploads\/2020\/05\/e-capitular.png 100w, https:\/\/contrastes.com.co\/digital\/wp-content\/uploads\/2020\/05\/e-capitular-60x60.png 60w\" sizes=\"auto, (max-width: 63px) 100vw, 63px\" \/>n el segundo d\u00eda de trabajo articulado, la gobernadora del Atl\u00e1ntico, Elsa Noguera, y la ministra del Interior, Alicia Arango, visitaron los sectores de Santa Ver\u00f3nica, en Juan de Acosta, afectados por la temporada de lluvias con el fin de definir las soluciones estructurales de la erosi\u00f3n costera que afecta a esta zona del departamento.<\/p>\n<p>La mandataria departamental expres\u00f3 su agradecimiento a la Ministra y al Gobierno Nacional por venir a escuchar y a trabajar de la mano con los equipos de gobierno, alcaldes y secretarios para atender esta emergencia.<\/p>\n<p><iframe loading=\"lazy\" title=\"Emergencias por lluvias en Atl\u00e1ntico: Gobernaci\u00f3n y Gobierno Nacional buscan soluciones definitivas\" width=\"640\" height=\"360\" src=\"https:\/\/www.youtube.com\/embed\/nWQmoaK4tu4?start=27&#038;feature=oembed\" frameborder=\"0\" allow=\"accelerometer; autoplay; clipboard-write; encrypted-media; gyroscope; picture-in-picture; web-share\" referrerpolicy=\"strict-origin-when-cross-origin\" allowfullscreen><\/iframe><\/p>\n<p>\u201cPor un lado, buscamos soluciones de mitigaci\u00f3n y para ello la Ministra anunci\u00f3 que vendr\u00e1n apoyos por parte de la Unidad Nacional de Gesti\u00f3n del Riesgo, en el sentido de horas m\u00e1quinas, ayudas alimentarias, colchonetas y materiales de construcci\u00f3n para mitigar la problem\u00e1tica. Pero tenemos que pensar en soluciones definitivas, especialmente para esta zona costera, y aqu\u00ed se requiere protecci\u00f3n con espolones y rompe olas. El compromiso es instalar una mesa de trabajo para unir los equipos de los gobiernos local y nacional con la Dimar, para definir cu\u00e1l es esa inversi\u00f3n, que seguramente ser\u00e1 muy alta, pero es lo que va a garantizar que esta zona de Juan de Acosta tenga playas por mucho tiempo\u201d, explic\u00f3 la Gobernadora del Atl\u00e1ntico.<\/p>\n<p>Por su parte, la Ministra del Interior se comprometi\u00f3 a gestionar ante el Gobierno Nacional apoyo para los damnificados y obras de mitigaci\u00f3n, que se sumar\u00e1n a las soluciones de largo plazo que se requieren. Puntualmente sobre las obras para solucionar la erosi\u00f3n costera, Alicia Arango sostuvo que es importante trabajar en los estudios que ya est\u00e1n en marcha.<\/p>\n<p>\u201cLa erosi\u00f3n costera es un tema nacional por lo que representa y la soluci\u00f3n definitiva tiene que venir del Gobierno Nacional. S\u00e9 que el Presidente tiene la mejor voluntad para hacerlo, entonces la primera tarea es hablar con el Presidente para los recursos de la erosi\u00f3n costera, pero necesitamos tener los estudios, que entiendo ya est\u00e1n adelantados\u201d, indic\u00f3 la alta funciinaria.<\/p>\n<p>Asimismo, Arango asegur\u00f3 que la erosi\u00f3n costera es un tema que va ligado al turismo, debido a que \u201clas playas, adem\u00e1s de la gastronom\u00eda, las artesan\u00eda, atraen a los turistas. Queremos que el Ministerio de Comercio los apoye con proyectos productivos para peque\u00f1os emprendimientos que lo hayan perdido todo, y tambi\u00e9n que Fontur haga campa\u00f1as de turismo para esta zona del pa\u00eds. Asimismo, con mucho gusto hablar\u00e9 con la Direcci\u00f3n de Planeaci\u00f3n, para buscar soluciones a la erosi\u00f3n costera y ver c\u00f3mo se pueden canalizar los arroyos\u201d, agreg\u00f3.<\/p>\n<p>Respecto al turismo, la Gobernadora del Atl\u00e1ntico resalt\u00f3 que la zona costera del departamento va desde Puerto Colombia donde hay una riqueza hist\u00f3rica, cultural, gastron\u00f3mica, y sigue por Tubar\u00e1 y Juan de Acosta con sus playas y riqueza hist\u00f3rica, ecol\u00f3gica y deportes n\u00e1uticos. \u201cPor eso Invitamos a los atlanticenses a que disfruten la magia del Atl\u00e1ntico, de esta zona costera. Aqu\u00ed los vamos a mantener seguros cuid\u00e1ndonos entre todos, cumpliendo todas las medidas de bioseguridad, para disfrutar de una Navidad tranquila, feliz y segura\u201d, a\u00f1adi\u00f3.<\/p>\n<p>Esperanza Acosta, una de las afectadas en Santa Ver\u00f3nica, afirm\u00f3 que lo que est\u00e1 afectando a su comunidad es la falta de limpieza de los arroyos y los ca\u00f1os que desembocan en las playas de Santa Ver\u00f3nica y solicit\u00f3 un rompeolas como medida de mitigaci\u00f3n. \u201cNecesitamos recuperar las playas, para que vengan los turistas y haya generaci\u00f3n de empleo, porque a ra\u00edz de todos estos fen\u00f3menos nos hemos visto obligados a recortar la mano de obra porque no vendemos\u201d, expres\u00f3.<\/p>\n<p>Sobre las afectaciones por las lluvias en el resto del departamento, la Gobernadora dijo que se presentaron afectaciones en 18 de los 23 municipios, casi todo el Atl\u00e1ntico tuvo inundaciones. \u201cPor ahora lo m\u00e1s importante son las limpiezas de los canales y arroyos, que permitan que el agua circule cuando llueva y no se produzcan inundaciones. El plan de mitigaci\u00f3n consiste en ayudas humanitarias y materiales de construcci\u00f3n\u201d, enfatiz\u00f3 la mandataria.<\/p>\n","protected":false},"excerpt":{"rendered":"<p>* La gobernadora del Atl\u00e1ntico, Elsa Noguera, y la ministra del Interior, Alicia Arango, visitaron los sectores de Santa Ver\u00f3nica, en Juan de Acosta, afectados por la temporada de lluvias y la erosi\u00f3n costera. * La mandataria asegur\u00f3 que dentro de las soluciones definitivas, especialmente para esta zona costera, se contemplan obras de protecci\u00f3n con [&hellip;]<\/p>\n","protected":false},"author":1,"featured_media":3260,"comment_status":"open","ping_status":"open","sticky":false,"template":"","format":"standard","meta":{"footnotes":""},"categories":[896,965,6],"tags":[1594,30,557,1735,1739,1736,1738,1737],"class_list":["post-3259","post","type-post","status-publish","format-standard","has-post-thumbnail","hentry","category-infraestructura","category-playas","category-region","tag-emergencias-por-lluvias","tag-gobernacion-del-atlantico","tag-gobierno-nacional","tag-ministra-del-interior","tag-playas","tag-santa-veronica","tag-soluciones-permanentes","tag-tubara"],"_links":{"self":[{"href":"https:\/\/contrastes.com.co\/digital\/wp-json\/wp\/v2\/posts\/3259","targetHints":{"allow":["GET"]}}],"collection":[{"href":"https:\/\/contrastes.com.co\/digital\/wp-json\/wp\/v2\/posts"}],"about":[{"href":"https:\/\/contrastes.com.co\/digital\/wp-json\/wp\/v2\/types\/post"}],"author":[{"embeddable":true,"href":"https:\/\/contrastes.com.co\/digital\/wp-json\/wp\/v2\/users\/1"}],"replies":[{"embeddable":true,"href":"https:\/\/contrastes.com.co\/digital\/wp-json\/wp\/v2\/comments?post=3259"}],"version-history":[{"count":1,"href":"https:\/\/contrastes.com.co\/digital\/wp-json\/wp\/v2\/posts\/3259\/revisions"}],"predecessor-version":[{"id":3261,"href":"https:\/\/contrastes.com.co\/digital\/wp-json\/wp\/v2\/posts\/3259\/revisions\/3261"}],"wp:featuredmedia":[{"embeddable":true,"href":"https:\/\/contrastes.com.co\/digital\/wp-json\/wp\/v2\/media\/3260"}],"wp:attachment":[{"href":"https:\/\/contrastes.com.co\/digital\/wp-json\/wp\/v2\/media?parent=3259"}],"wp:term":[{"taxonomy":"category","embeddable":true,"href":"https:\/\/contrastes.com.co\/digital\/wp-json\/wp\/v2\/categories?post=3259"},{"taxonomy":"post_tag","embeddable":true,"href":"https:\/\/contrastes.com.co\/digital\/wp-json\/wp\/v2\/tags?post=3259"}],"curies":[{"name":"wp","href":"https:\/\/api.w.org\/{rel}","templated":true}]}}