{"id":3337,"date":"2021-01-11T19:55:10","date_gmt":"2021-01-12T00:55:10","guid":{"rendered":"https:\/\/contrastes.com.co\/digital\/?p=3337"},"modified":"2021-01-11T19:56:59","modified_gmt":"2021-01-12T00:56:59","slug":"en-2021-duplicaremos-los-beneficiarios-del-programa-semillas-de-vida-elsa-noguera","status":"publish","type":"post","link":"https:\/\/contrastes.com.co\/digital\/en-2021-duplicaremos-los-beneficiarios-del-programa-semillas-de-vida-elsa-noguera\/","title":{"rendered":"En 2021 duplicaremos los beneficiarios del programa Semillas de Vida\u00bb: Elsa Noguera"},"content":{"rendered":"<blockquote><p><strong>\u00abPara nosotros es un gran honor poder trabajar de la mano de la gobernadora, Elsa Noguera, porque este es un programa que da muestra de su disciplina, organizaci\u00f3n y, sobre todo, del gran inter\u00e9s por lograr oportunidades en beneficio de los agricultores del departamento\u00bb, manifest\u00f3 Rosa Cabrera, gerente de asuntos corporativos de Mon\u00f3meros.<\/strong><\/p><\/blockquote>\n<p><img loading=\"lazy\" decoding=\"async\" class=\"alignleft wp-image-845\" src=\"https:\/\/contrastes.com.co\/digital\/wp-content\/uploads\/2020\/05\/e-capitular.png\" alt=\"e capitular\" width=\"60\" height=\"60\" srcset=\"https:\/\/contrastes.com.co\/digital\/wp-content\/uploads\/2020\/05\/e-capitular.png 100w, https:\/\/contrastes.com.co\/digital\/wp-content\/uploads\/2020\/05\/e-capitular-60x60.png 60w\" sizes=\"auto, (max-width: 60px) 100vw, 60px\" \/>n 2020 m\u00e1s de dos mil campesinos se beneficiaron con la entrega de kits de semillas en 18 municipios del departamento, que permitieron la siembra de 2.253 hect\u00e1reas de ma\u00edz (h\u00edbrido 5), papaya, mel\u00f3n, ahuyama y fr\u00edjol.<\/p>\n<p>\u2022 Para 2021 se aumentar\u00e1 a cinco mil el n\u00famero de agricultores beneficiarios con el programa.<\/p>\n<p>\u2022 Con las cosechas realizadas, los agricultores han podido contar con ingresos promedio de 3.5 millones de pesos por cada ciclo de siembra.<\/p>\n<p>Para 2021 aumentar\u00e1n a cinco mil los agricultores que se beneficiar\u00e1n con el programa Semillas de Vida. As\u00ed lo dio a conocer la gobernadora del Atl\u00e1ntico, Elsa Noguera, en el marco del balance de los resultados del programa en el a\u00f1o 2020.<\/p>\n<p>\u00abLos logros obtenidos con el programa de Semillas de Vida nos motivan a continuar en el 2021 y, m\u00e1s a\u00fan, duplicando el n\u00famero de campesinos beneficiados. Gracias a Semillas de Vida pudimos sembrar en el 2020 m\u00e1s de 2.200 hect\u00e1reas en 18 municipios del Atl\u00e1ntico. Este es nuestro programa que nos permiti\u00f3 apoyar a los agricultores del departamento, a trav\u00e9s la entrega de kits con semillas certificadas, con una germinaci\u00f3n superior al 95 por ciento, de cinco productos diferentes con sus respectivos nutrientes e insecticidas de muy buena calidad\u00bb, indic\u00f3 la Gobernadora.<\/p>\n<p>&nbsp;<\/p>\n<p>Los kits entregados con el programa Semillas de Vida conten\u00edan semillas de: ma\u00edz, patilla, mel\u00f3n, ahuyama, fr\u00edjol, y todos los insumos necesarios para una siembra altamente productiva. \u00abCon estos kits entregados garantizamos la seguridad alimentaria, y la generaci\u00f3n de ingresos con la comercializaci\u00f3n de los excedentes de estas familias, que d\u00eda a d\u00eda se levantan a trabajar la tierra y son ejemplo de constancia y disciplina para todos\u00bb, afirm\u00f3 la mandataria departamental.<\/p>\n<p><img loading=\"lazy\" decoding=\"async\" class=\"alignleft size-full wp-image-3339\" src=\"https:\/\/contrastes.com.co\/digital\/wp-content\/uploads\/2021\/01\/gob-2-1.jpg\" alt=\"\" width=\"1280\" height=\"720\" srcset=\"https:\/\/contrastes.com.co\/digital\/wp-content\/uploads\/2021\/01\/gob-2-1.jpg 1280w, https:\/\/contrastes.com.co\/digital\/wp-content\/uploads\/2021\/01\/gob-2-1-300x169.jpg 300w, https:\/\/contrastes.com.co\/digital\/wp-content\/uploads\/2021\/01\/gob-2-1-1024x576.jpg 1024w, https:\/\/contrastes.com.co\/digital\/wp-content\/uploads\/2021\/01\/gob-2-1-768x432.jpg 768w, https:\/\/contrastes.com.co\/digital\/wp-content\/uploads\/2021\/01\/gob-2-1-107x60.jpg 107w\" sizes=\"auto, (max-width: 1280px) 100vw, 1280px\" \/><\/p>\n<p>Adem\u00e1s de los kits, los agricultores recibieron acompa\u00f1amiento contin\u00fao por parte de la Fundaci\u00f3n Mon\u00f3meros, con quien se elabor\u00f3 un convenio para la implementaci\u00f3n del programa, de tal forma que los agricultores pudieran contar con el seguimiento necesario para hacer m\u00e1s efectivas sus siembras.<\/p>\n<p>\u00abPara nosotros es un gran honor poder trabajar de la mano de la gobernadora, Elsa Noguera, porque este es un programa que da muestra de su disciplina, organizaci\u00f3n y, sobre todo, del gran inter\u00e9s por lograr oportunidades en beneficio de los agricultores del departamento\u00bb, manifest\u00f3 Rosa Cabrera, gerente de asuntos corporativos de Mon\u00f3meros.<\/p>\n<p>A trav\u00e9s del programa Semillas de Vida, tambi\u00e9n se realiz\u00f3 la capacitaci\u00f3n a m\u00e1s de 30 directores y t\u00e9cnicos de las Umatas, en coordinaci\u00f3n con la Universidad de Antioquia, con el fin de poder contar con una mayor capacidad de apoyo a los agricultores.<\/p>\n<p>\u00abCon Semillas de Vida logramos no solo que los campesinos pudieran tener cosechas para llevar a sus familias en una \u00e9poca tan dif\u00edcil como esta, sino que adem\u00e1s, gracias a la comercializaci\u00f3n de sus productos, pudieron generar ingresos del orden de los 3.5 millones de pesos por agricultor en un ciclo de siembra y un impacto a la econom\u00eda con ingresos que alcanzan los 8 mil millones de pesos. \u00a1En el Atl\u00e1ntico, el Campo avanza a toda marcha!\u00bb, sostuvo el secretario de Desarrollo Econ\u00f3mico, Miguel Vergara.<\/p>\n","protected":false},"excerpt":{"rendered":"<p>En 2021 duplicaremos los beneficiarios del programa Semillas de Vida\u00bb: Elsa Noguera<\/p>\n","protected":false},"author":1,"featured_media":3340,"comment_status":"open","ping_status":"open","sticky":false,"template":"","format":"standard","meta":{"footnotes":""},"categories":[1012,64,6],"tags":[68,31,1081,30,1794],"class_list":["post-3337","post","type-post","status-publish","format-standard","has-post-thumbnail","hentry","category-agro","category-cultura","category-region","tag-departamento-del-atlantico","tag-elsa-noguera","tag-fundacion-monomeros","tag-gobernacion-del-atlantico","tag-rosa-cabrera"],"_links":{"self":[{"href":"https:\/\/contrastes.com.co\/digital\/wp-json\/wp\/v2\/posts\/3337","targetHints":{"allow":["GET"]}}],"collection":[{"href":"https:\/\/contrastes.com.co\/digital\/wp-json\/wp\/v2\/posts"}],"about":[{"href":"https:\/\/contrastes.com.co\/digital\/wp-json\/wp\/v2\/types\/post"}],"author":[{"embeddable":true,"href":"https:\/\/contrastes.com.co\/digital\/wp-json\/wp\/v2\/users\/1"}],"replies":[{"embeddable":true,"href":"https:\/\/contrastes.com.co\/digital\/wp-json\/wp\/v2\/comments?post=3337"}],"version-history":[{"count":1,"href":"https:\/\/contrastes.com.co\/digital\/wp-json\/wp\/v2\/posts\/3337\/revisions"}],"predecessor-version":[{"id":3341,"href":"https:\/\/contrastes.com.co\/digital\/wp-json\/wp\/v2\/posts\/3337\/revisions\/3341"}],"wp:featuredmedia":[{"embeddable":true,"href":"https:\/\/contrastes.com.co\/digital\/wp-json\/wp\/v2\/media\/3340"}],"wp:attachment":[{"href":"https:\/\/contrastes.com.co\/digital\/wp-json\/wp\/v2\/media?parent=3337"}],"wp:term":[{"taxonomy":"category","embeddable":true,"href":"https:\/\/contrastes.com.co\/digital\/wp-json\/wp\/v2\/categories?post=3337"},{"taxonomy":"post_tag","embeddable":true,"href":"https:\/\/contrastes.com.co\/digital\/wp-json\/wp\/v2\/tags?post=3337"}],"curies":[{"name":"wp","href":"https:\/\/api.w.org\/{rel}","templated":true}]}}