{"id":3372,"date":"2021-01-12T22:21:57","date_gmt":"2021-01-13T03:21:57","guid":{"rendered":"https:\/\/contrastes.com.co\/digital\/?p=3372"},"modified":"2021-01-12T22:21:57","modified_gmt":"2021-01-13T03:21:57","slug":"no-pasaran-alcalde-pumarejo-hace-contundente-advertencia-a-las-bandas-criminales","status":"publish","type":"post","link":"https:\/\/contrastes.com.co\/digital\/no-pasaran-alcalde-pumarejo-hace-contundente-advertencia-a-las-bandas-criminales\/","title":{"rendered":"No pasar\u00e1n: alcalde Pumarejo hace contundente advertencia a las bandas criminales"},"content":{"rendered":"<p>El alcalde Jaime Pumarejo Heins anunci\u00f3 una recompensa de 20 millones de pesos para quien suministre informaci\u00f3n que conduzca a la captura de los autores del atentado ocurrido esta tarde en un sector del Centro de Barranquilla. En el sitio de los hechos, el mandatario distrital advirti\u00f3 que \u201cno nos dejaremos doblegar por las bandas criminales. Sabemos qui\u00e9nes son. No habr\u00e1 lugar en el que se puedan esconder por mucho tiempo\u201d. Afirm\u00f3 que se trata de una estructura criminal que est\u00e1 identificada y que viene siendo investigada en conjunto con la Fiscal\u00eda y la Polic\u00eda. Tambi\u00e9n indic\u00f3 que las personas que resultaron heridas est\u00e1n siendo atendidas y no presentan riesgo para sus vidas.<\/p>\n<p>? Declaraciones del alcalde Jaime Pumarejo en video:<a href=\"https:\/\/we.tl\/t-Q7Ldx1X2pZ\">https:\/\/we.tl\/t-Q7Ldx1X2pZ<\/a><\/p>\n<p>&nbsp;<\/p>\n","protected":false},"excerpt":{"rendered":"<p>No pasar\u00e1n: alcalde Pumarejo hace contundente advertencia a las bandas criminales  <\/p>\n","protected":false},"author":1,"featured_media":3426,"comment_status":"open","ping_status":"open","sticky":false,"template":"","format":"standard","meta":{"footnotes":""},"categories":[756,1462,998],"tags":[535],"class_list":["post-3372","post","type-post","status-publish","format-standard","has-post-thumbnail","hentry","category-comunidad","category-inseguridad","category-seguridad-ciudadana","tag-alcaldia-de-barranquilla"],"_links":{"self":[{"href":"https:\/\/contrastes.com.co\/digital\/wp-json\/wp\/v2\/posts\/3372","targetHints":{"allow":["GET"]}}],"collection":[{"href":"https:\/\/contrastes.com.co\/digital\/wp-json\/wp\/v2\/posts"}],"about":[{"href":"https:\/\/contrastes.com.co\/digital\/wp-json\/wp\/v2\/types\/post"}],"author":[{"embeddable":true,"href":"https:\/\/contrastes.com.co\/digital\/wp-json\/wp\/v2\/users\/1"}],"replies":[{"embeddable":true,"href":"https:\/\/contrastes.com.co\/digital\/wp-json\/wp\/v2\/comments?post=3372"}],"version-history":[{"count":1,"href":"https:\/\/contrastes.com.co\/digital\/wp-json\/wp\/v2\/posts\/3372\/revisions"}],"predecessor-version":[{"id":3427,"href":"https:\/\/contrastes.com.co\/digital\/wp-json\/wp\/v2\/posts\/3372\/revisions\/3427"}],"wp:featuredmedia":[{"embeddable":true,"href":"https:\/\/contrastes.com.co\/digital\/wp-json\/wp\/v2\/media\/3426"}],"wp:attachment":[{"href":"https:\/\/contrastes.com.co\/digital\/wp-json\/wp\/v2\/media?parent=3372"}],"wp:term":[{"taxonomy":"category","embeddable":true,"href":"https:\/\/contrastes.com.co\/digital\/wp-json\/wp\/v2\/categories?post=3372"},{"taxonomy":"post_tag","embeddable":true,"href":"https:\/\/contrastes.com.co\/digital\/wp-json\/wp\/v2\/tags?post=3372"}],"curies":[{"name":"wp","href":"https:\/\/api.w.org\/{rel}","templated":true}]}}