{"id":3548,"date":"2021-01-20T16:33:35","date_gmt":"2021-01-20T21:33:35","guid":{"rendered":"https:\/\/contrastes.com.co\/digital\/?p=3548"},"modified":"2021-01-20T16:33:35","modified_gmt":"2021-01-20T21:33:35","slug":"hoy-a-las-700-p-m-transmision-del-ceremonial-de-la-muerte","status":"publish","type":"post","link":"https:\/\/contrastes.com.co\/digital\/hoy-a-las-700-p-m-transmision-del-ceremonial-de-la-muerte\/","title":{"rendered":"Hoy, a las 7:00 p.m. transmisi\u00f3n del &#8216;Ceremonial de la muerte&#8217;"},"content":{"rendered":"<p style=\"text-align: center;\"><strong><em>El tradicional evento que se realiza en el municipio de Soledad, dar\u00e1 inicio a la agenda del Carnaval del Atl\u00e1ntico 2021 y podr\u00e1 apreciarse a trav\u00e9s de Se\u00f1al Colombia, las plataformas digitales de la Gobernaci\u00f3n del Atl\u00e1ntico y el Facebook de la Alcald\u00eda de Soledad. <\/em><\/strong><\/p>\n<p><strong><em>Soledad, 20 de enero de 2021.-<\/em><\/strong> El alcalde de Soledad, <strong>Rodolfo Ucr\u00f3s Rosales<\/strong>, invit\u00f3 a los habitantes del municipio a disfrutar hoy, desde sus hogares, la transmisi\u00f3n del \u2018Ceremonial de la Muerte\u2019, evento que ser\u00e1 transmitido por el canal de televisi\u00f3n Se\u00f1al Colombia, las plataformas digitales de la <a href=\"https:\/\/www.atlantico.gov.co\/index.php\">Gobernaci\u00f3n del Atl\u00e1ntico<\/a> y el <a href=\"https:\/\/www.facebook.com\/soledadalcaldia\/\">Facebook<\/a> de la <a href=\"http:\/\/www.soledad-atlantico.gov.co\/\">Alcald\u00eda municipal<\/a>, a partir de las 7 de la noche.<\/p>\n<p>El Ceremonial de la Muerte, se caracteriza por ser un desfile callejero nocturno, que se lleva a cabo cada 20 de enero, pero que hoy cambia de formato y se presentar\u00e1 de manera virtual, debido a la emergencia sanitaria generada por la pandemia del Covid-19.<\/p>\n<p>Es importante destacar que la agenda del Carnaval del Atl\u00e1ntico 2021 inicia este mi\u00e9rcoles con este evento, que este a\u00f1o se ha denominado <strong>\u2018Ceremonial de la Muerte, un tributo a la vida\u2019.<\/strong><\/p>\n<p>\u201cEl Ceremonial de la Muerte es un evento de mucha tradici\u00f3n en nuestro ente territorial, pero esta vez no habr\u00e1 desfile. La Gobernaci\u00f3n del Atl\u00e1ntico elabor\u00f3 un video que ser\u00e1 transmitido por televisi\u00f3n, a trav\u00e9s de Se\u00f1al Colombia, y por el Facebook de la Gobernaci\u00f3n y de la <a href=\"http:\/\/www.soledad-atlantico.gov.co\/\">Alcald\u00eda municipal<\/a>, as\u00ed que lo vamos a ver en nuestras casas. Recomendamos no invitar a vecinos o amigos a nuestros hogares como medida preventiva y guardar todas las medidas de bioseguridad. No vamos a permitir disfraces o eventos p\u00fablicos en los barrios y para ello hemos tomado las medidas pertinentes\u201d, dijo el alcalde Ucr\u00f3s.<\/p>\n<p>Precisamente para coordinar acciones que impidan la aglomeraci\u00f3n en los barrios de Soledad por el festejo, el secretario municipal de Gobierno, <strong>Rosmell Hern\u00e1ndez Bresneider,<\/strong> se reuni\u00f3 con el <strong>Mayor Ricardo Vega<\/strong>, comandante del Distrito Seis de la Polic\u00eda.<\/p>\n<p>\u201cEn la reuni\u00f3n se fijaron los barrios y lugares en los cuales tradicionalmente se desarrollan actividades alusivas a la celebraci\u00f3n, para que la Fuerza P\u00fablica haga presencia, la cual no permitir\u00e1 pr\u00e1cticas acostumbradas por los j\u00f3venes como mojarse con agua o lanzar hielo o piedras contra personas, veh\u00edculos y edificaciones\u201d, dijo el funcionario.<\/p>\n<p>\u201cLa invitaci\u00f3n para la ciudadan\u00eda desde la Secretar\u00eda Municipal de Gobierno y de la <a href=\"http:\/\/www.soledad-atlantico.gov.co\/\">Alcald\u00eda de Soledad<\/a> es al autocuidado, pues el virus est\u00e1 entre nosotros y corremos el riesgo de contraer la enfermedad. No vamos a tolerar actos p\u00fablicos, por lo que los controles ser\u00e1n estrictos\u201d, agreg\u00f3 Hern\u00e1ndez Bresneider.<\/p>\n<p>Por su parte, el historiador <strong>Fernando Ferrer<\/strong> explic\u00f3 que la Gobernaci\u00f3n, a trav\u00e9s de un operador, elabor\u00f3 dos videos. Uno que est\u00e1 dirigido a la poblaci\u00f3n solede\u00f1a y otro con una visi\u00f3n m\u00e1s nacional, para que sea observado por todos los colombianos y extranjeros. \u201cInvitamos a todos los habitantes de Soledad a quedarse en casa y ver la transmisi\u00f3n del video, junto con los miembros que conforman su n\u00facleo familiar. No es necesario estar en las calles porque no se va a llevar a cabo ning\u00fan evento p\u00fablico\u201d, dijo.<\/p>\n<p>Sobre la elaboraci\u00f3n del video, Ferrer afirm\u00f3 que: \u201cLa preparaci\u00f3n esc\u00e9nica y escenogr\u00e1fica la iniciamos el 2 de octubre del a\u00f1o pasado y el trabajo de grabaci\u00f3n se hizo la semana pasada. Los dos videos fueron producidos por <strong>Otto Barrag\u00e1n<\/strong> y la coordinaci\u00f3n esc\u00e9nica y escenogr\u00e1fica estuvo a cargo de <strong>Kery Herrera<\/strong>, ambos solede\u00f1os. <strong>En la puesta en escena participan 25 disfraces de muerte de ni\u00f1os y adultos y cuatro grupos de danza:<\/strong> \u2018Reminiscencia\u2019 de Francisco De Alba; \u2018Ritmo de mi Tierra\u2019, de Gigliola V\u00e1squez, \u2018Pr\u00edncipes del Folclor\u2019, de \u00c1ngel Alvarino y el grupo folcl\u00f3rico de Jhon Escorcia. En total, 40 personas participamos en la elaboraci\u00f3n de los dos videos, incluyendo m\u00fasicos, camar\u00f3grafos, utileros y portadores y hacedores del Ceremonial\u201d.<\/p>\n<p>Ferrer explic\u00f3 que la puesta en escena lleva por nombre: <strong>\u2018Ceremonial de la Muerte, un tributo a la vida\u2019.<\/strong> \u201cEste a\u00f1o, el Ceremonial tiene un significado especial. La historia relata que este evento se realizaba en la \u00e9poca colonial por la Iglesia Cat\u00f3lica para espantar las pestes. Nosotros realizamos el Ceremonial para espantar el Covid-19, por eso en el video nos presentamos con tapabocas que fueron pintados con la sonrisa de la carabela o muerte. Hay que resaltar que pusimos en pr\u00e1ctica todas las medidas de bioseguridad durante la producci\u00f3n y filmaci\u00f3n\u201d, anot\u00f3.<\/p>\n<p><strong>Or\u00edgenes<\/strong><\/p>\n<p>El historiador Fernando Ferrer enfatiza que El Ceremonial de Muerte es un ritual a la vida y no una apolog\u00eda a la muerte, con esencia sincr\u00e9tica religiosa en la cual se da rienda suelta a las expresiones teatrales y danc\u00edsticas.<\/p>\n<p>\u201cEl Ceremonial de la Muerte Data del siglo XIX cuando la Iglesia Cat\u00f3lica les inculcaba a los indios, negros, esclavos y mestizos que a la muerte no hab\u00eda que tenerle miedo, ya que es el paso a la vida eterna. La Iglesia lo celebraba durante la fiesta religiosa del Corpus Christi, en junio; pero con el surgimiento del Carnaval se decidi\u00f3 realizarlo en forma de desfile todos los 20 de enero, D\u00eda de San Sebasti\u00e1n y d\u00eda en el que el municipio dej\u00f3 de ser Sitio de Libres de San Antonio de Padua y se le otorg\u00f3 la categor\u00eda de Parroquia de San Antonio de Padua, en 1743\u201d, se\u00f1ala el experto en el tema.<\/p>\n<p><strong>Siga aqu\u00ed la transmisi\u00f3n v\u00eda Facebook:<\/strong> <a href=\"https:\/\/www.facebook.com\/soledadalcaldia\/\">https:\/\/www.facebook.com\/soledadalcaldia\/<\/a><\/p>\n<p>&nbsp;<\/p>\n","protected":false},"excerpt":{"rendered":"<p>El tradicional evento que se realiza en el municipio de Soledad, dar\u00e1 inicio a la agenda del Carnaval del Atl\u00e1ntico 2021 y podr\u00e1 apreciarse a trav\u00e9s de Se\u00f1al Colombia, las plataformas digitales de la Gobernaci\u00f3n del Atl\u00e1ntico y el Facebook de la Alcald\u00eda de Soledad. Soledad, 20 de enero de 2021.- El alcalde de Soledad, [&hellip;]<\/p>\n","protected":false},"author":1,"featured_media":3549,"comment_status":"open","ping_status":"open","sticky":false,"template":"","format":"standard","meta":{"footnotes":""},"categories":[1769,756,64,6],"tags":[35,1840,1841,1839,1846,1847,1842,30,1844,1843,1845,1848,353,1771],"class_list":["post-3548","post","type-post","status-publish","format-standard","has-post-thumbnail","hentry","category-carnaval","category-comunidad","category-cultura","category-region","tag-alcaldia-de-soledad","tag-carnaval-de-soledad","tag-carnaval-virtual","tag-ceremonial-del-la-muerte","tag-desfile","tag-disfraces","tag-fernando-ferrer","tag-gobernacion-del-atlantico","tag-kery-herrera","tag-mayor-ricardo-vega","tag-otto-barragan","tag-rodolfo-ucros-rosales","tag-rosmell-hernandez-bresneider","tag-senal-colombia"],"_links":{"self":[{"href":"https:\/\/contrastes.com.co\/digital\/wp-json\/wp\/v2\/posts\/3548","targetHints":{"allow":["GET"]}}],"collection":[{"href":"https:\/\/contrastes.com.co\/digital\/wp-json\/wp\/v2\/posts"}],"about":[{"href":"https:\/\/contrastes.com.co\/digital\/wp-json\/wp\/v2\/types\/post"}],"author":[{"embeddable":true,"href":"https:\/\/contrastes.com.co\/digital\/wp-json\/wp\/v2\/users\/1"}],"replies":[{"embeddable":true,"href":"https:\/\/contrastes.com.co\/digital\/wp-json\/wp\/v2\/comments?post=3548"}],"version-history":[{"count":4,"href":"https:\/\/contrastes.com.co\/digital\/wp-json\/wp\/v2\/posts\/3548\/revisions"}],"predecessor-version":[{"id":3553,"href":"https:\/\/contrastes.com.co\/digital\/wp-json\/wp\/v2\/posts\/3548\/revisions\/3553"}],"wp:featuredmedia":[{"embeddable":true,"href":"https:\/\/contrastes.com.co\/digital\/wp-json\/wp\/v2\/media\/3549"}],"wp:attachment":[{"href":"https:\/\/contrastes.com.co\/digital\/wp-json\/wp\/v2\/media?parent=3548"}],"wp:term":[{"taxonomy":"category","embeddable":true,"href":"https:\/\/contrastes.com.co\/digital\/wp-json\/wp\/v2\/categories?post=3548"},{"taxonomy":"post_tag","embeddable":true,"href":"https:\/\/contrastes.com.co\/digital\/wp-json\/wp\/v2\/tags?post=3548"}],"curies":[{"name":"wp","href":"https:\/\/api.w.org\/{rel}","templated":true}]}}