{"id":3572,"date":"2021-01-20T21:54:55","date_gmt":"2021-01-21T02:54:55","guid":{"rendered":"https:\/\/contrastes.com.co\/digital\/?p=3572"},"modified":"2021-01-21T14:28:01","modified_gmt":"2021-01-21T19:28:01","slug":"el-centro-de-salud-la-central-de-soledad-sera-sede-de-la-jornada-nacional-de-vacunacion-contra-el-covid-19","status":"publish","type":"post","link":"https:\/\/contrastes.com.co\/digital\/el-centro-de-salud-la-central-de-soledad-sera-sede-de-la-jornada-nacional-de-vacunacion-contra-el-covid-19\/","title":{"rendered":"El Centro de Salud La Central de Soledad ser\u00e1 sede de la Jornada Nacional de Vacunaci\u00f3n contra el Covid-19"},"content":{"rendered":"<p style=\"text-align: center;\"><strong>\u201cEstamos haciendo las adquisiciones log\u00edsticas y de todos los elementos para disponer de una vacunaci\u00f3n segura y completa como ha hecho el pa\u00eds hist\u00f3ricamente\u201d, afirm\u00f3 Moscoso Osorio.<\/strong><\/p>\n<p><img loading=\"lazy\" decoding=\"async\" class=\"alignleft wp-image-845\" src=\"https:\/\/contrastes.com.co\/digital\/wp-content\/uploads\/2020\/05\/e-capitular.png\" alt=\"e capitular\" width=\"90\" height=\"90\" srcset=\"https:\/\/contrastes.com.co\/digital\/wp-content\/uploads\/2020\/05\/e-capitular.png 100w, https:\/\/contrastes.com.co\/digital\/wp-content\/uploads\/2020\/05\/e-capitular-60x60.png 60w\" sizes=\"auto, (max-width: 90px) 100vw, 90px\" \/><\/p>\n<p>l Centro de Salud La Central, perteneciente a la red de prestadores del\u00a0<a href=\"https:\/\/maternoinfantil.gov.co\/\">Hospital Materno Infantil de Soledad<\/a>, fue escogido como sede para la Jornada Nacional de Vacunaci\u00f3n contra el Covid-19.<\/p>\n<p>As\u00ed lo dio a conocer el alcalde de Soledad, <strong>Rodolfo Ucr\u00f3s Rosales,<\/strong> luego de realizar un recorrido por el centro, que comenzar\u00e1 a prestar servicios a partir del 30 de enero pr\u00f3ximo.<\/p>\n<p>El mandatario solede\u00f1o, quien estuvo acompa\u00f1ado del secretario de Salud Municipal, <strong>Javier Cabarcas<\/strong>, el Gerente del Hospital, <strong>Juan Esteban S\u00e1nchez<\/strong> y el jefe de Salud P\u00fablica del municipio, <strong>Alvin Mart\u00ednez<\/strong>, indic\u00f3 que el centro de salud est\u00e1 listo para esta jornada que ser\u00e1 coordinada por el\u00a0<a href=\"https:\/\/www.minsalud.gov.co\/\">Ministerio de Salud y Protecci\u00f3n Social<\/a>.<\/p>\n<p>\u201cEste ser\u00e1 uno de los puntos de vacunaci\u00f3n m\u00e1s importantes que se tendr\u00e1 en el noroccidente del municipio. Se vacunar\u00e1n alrededor de 2.300 personas diarias con el fin de lograr la reducci\u00f3n de la mortalidad por Covid-19, la disminuci\u00f3n de la incidencia de casos graves y la protecci\u00f3n de la poblaci\u00f3n que tiene alta exposici\u00f3n al virus; as\u00ed como posibilitar la inmunidad de reba\u00f1o que permite la reducci\u00f3n del contagio en la poblaci\u00f3n general y posibilitar el desarrollo social y econ\u00f3mico del municipio y el pa\u00eds\u201d, afirm\u00f3 Ucr\u00f3s Rosales.<\/p>\n<p>Tambi\u00e9n se\u00f1al\u00f3 que seg\u00fan los lineamientos del <a href=\"https:\/\/www.minsalud.gov.co\/\">Ministerio de Salud<\/a>, se vacunar\u00e1 de forma progresiva el 100% de las personas mayores de 80 a\u00f1os, el 100% de los trabajadores de la salud en los servicios de urgencia, hospitalizaci\u00f3n y UCI de las IPS de tercer y cuarto nivel, el personal de acci\u00f3n de salud p\u00fablica (vacunadores, equipos de vigilancia epidemiol\u00f3gica), y el 100% del personal administrativo que labore dentro de los servicios de urgencia, hospitalizaci\u00f3n y Unidad de Cuidado Intensivo, UCI.<\/p>\n<p>De acuerdo con un bolet\u00edn de prensa del Minsalud, el pa\u00eds se encuentra en etapa de alistamiento para la vacunaci\u00f3n. En tal sentido, el viceministro de Salud P\u00fablica y Prestaci\u00f3n de Servicios, <strong>Luis Alexander Moscoso Osorio<\/strong>, hizo un recuento de los aspectos en los que trabaja la cartera de Salud durante la mencionada etapa, como lo es la tenencia de 6 ultra congeladores y la adquisici\u00f3n de 44 m\u00e1s. De igual manera, la formaci\u00f3n que se le est\u00e1 dando al personal que estar\u00e1 de cara al proceso de vacunaci\u00f3n.<\/p>\n<p><img loading=\"lazy\" decoding=\"async\" class=\"alignleft size-full wp-image-3573\" src=\"https:\/\/contrastes.com.co\/digital\/wp-content\/uploads\/2021\/01\/salud-1.jpg\" alt=\"\" width=\"1280\" height=\"720\" srcset=\"https:\/\/contrastes.com.co\/digital\/wp-content\/uploads\/2021\/01\/salud-1.jpg 1280w, https:\/\/contrastes.com.co\/digital\/wp-content\/uploads\/2021\/01\/salud-1-300x169.jpg 300w, https:\/\/contrastes.com.co\/digital\/wp-content\/uploads\/2021\/01\/salud-1-1024x576.jpg 1024w, https:\/\/contrastes.com.co\/digital\/wp-content\/uploads\/2021\/01\/salud-1-768x432.jpg 768w, https:\/\/contrastes.com.co\/digital\/wp-content\/uploads\/2021\/01\/salud-1-107x60.jpg 107w\" sizes=\"auto, (max-width: 1280px) 100vw, 1280px\" \/><\/p>\n<p>&nbsp;<\/p>\n<p>\u201cEstamos haciendo todas las adquisiciones log\u00edsticas y de todos los elementos para disponer de una vacunaci\u00f3n segura y completa como ha hecho el pa\u00eds hist\u00f3ricamente\u201d, afirm\u00f3 Moscoso Osorio.<\/p>\n<p>Son alrededor de 72 mil personas que son capacitadas en: biol\u00f3gicos, almacenamiento, aplicaci\u00f3n, distribuci\u00f3n, reacciones y dem\u00e1s condiciones propias, ya que es una vacuna nueva. Asegur\u00f3 que hay suficientes vacunadores disponibles y con la formaci\u00f3n se refuerza esa capacidad.<\/p>\n<p>Moscoso agreg\u00f3 que tambi\u00e9n se est\u00e1 capacitando a las EPS e IPS para que el proceso sea logrado de manera exitosa.<\/p>\n<p>En cuanto al abastecimiento de insumos como jeringas, asegur\u00f3 que \u201cvenimos adelantando un proceso organizado, con tiempos establecidos para evitar riesgos de desabastecimiento. Nosotros tenemos actualmente 2 millones de jeringas de reserva\u201d.<\/p>\n<p>En el pa\u00eds hay 2.975 puntos de vacunaci\u00f3n. Actualmente, el Ministerio revisa con las entidades territoriales la estrategia para cada punto en sus territorios, dada la variabilidad de dispersi\u00f3n y tama\u00f1os poblacionales, para hacer los ajustes necesarios.<\/p>\n","protected":false},"excerpt":{"rendered":"<p>\u201cEstamos haciendo todas las adquisiciones log\u00edsticas y de todos los elementos para disponer de una vacunaci\u00f3n segura y completa como ha hecho el pa\u00eds hist\u00f3ricamente\u201d, afirm\u00f3 Moscoso Osorio.<\/p>\n","protected":false},"author":1,"featured_media":3574,"comment_status":"open","ping_status":"open","sticky":false,"template":"","format":"standard","meta":{"footnotes":""},"categories":[756,70,23,268],"tags":[1865,1313,1714,1864,1866,61,1863,1848,1860,1766,1862],"class_list":["post-3572","post","type-post","status-publish","format-standard","has-post-thumbnail","hentry","category-comunidad","category-coronavirus","category-principal","category-salud","tag-alvin-martinez","tag-ese-hospital-materno-infantil-de-soledad","tag-javier-cabarcas","tag-juan-esteban-sanchez","tag-luis-alexander-moscoso-osorio","tag-ministerio-de-salud","tag-ministerio-de-salud-y-proteccion-social","tag-rodolfo-ucros-rosales","tag-salud-publica","tag-secretaria-de-salud","tag-vacunacion"],"_links":{"self":[{"href":"https:\/\/contrastes.com.co\/digital\/wp-json\/wp\/v2\/posts\/3572","targetHints":{"allow":["GET"]}}],"collection":[{"href":"https:\/\/contrastes.com.co\/digital\/wp-json\/wp\/v2\/posts"}],"about":[{"href":"https:\/\/contrastes.com.co\/digital\/wp-json\/wp\/v2\/types\/post"}],"author":[{"embeddable":true,"href":"https:\/\/contrastes.com.co\/digital\/wp-json\/wp\/v2\/users\/1"}],"replies":[{"embeddable":true,"href":"https:\/\/contrastes.com.co\/digital\/wp-json\/wp\/v2\/comments?post=3572"}],"version-history":[{"count":6,"href":"https:\/\/contrastes.com.co\/digital\/wp-json\/wp\/v2\/posts\/3572\/revisions"}],"predecessor-version":[{"id":3588,"href":"https:\/\/contrastes.com.co\/digital\/wp-json\/wp\/v2\/posts\/3572\/revisions\/3588"}],"wp:featuredmedia":[{"embeddable":true,"href":"https:\/\/contrastes.com.co\/digital\/wp-json\/wp\/v2\/media\/3574"}],"wp:attachment":[{"href":"https:\/\/contrastes.com.co\/digital\/wp-json\/wp\/v2\/media?parent=3572"}],"wp:term":[{"taxonomy":"category","embeddable":true,"href":"https:\/\/contrastes.com.co\/digital\/wp-json\/wp\/v2\/categories?post=3572"},{"taxonomy":"post_tag","embeddable":true,"href":"https:\/\/contrastes.com.co\/digital\/wp-json\/wp\/v2\/tags?post=3572"}],"curies":[{"name":"wp","href":"https:\/\/api.w.org\/{rel}","templated":true}]}}