{"id":3607,"date":"2021-01-22T18:39:38","date_gmt":"2021-01-22T23:39:38","guid":{"rendered":"https:\/\/contrastes.com.co\/digital\/?p=3607"},"modified":"2021-01-23T00:52:08","modified_gmt":"2021-01-23T05:52:08","slug":"inicio-el-hay-festival-en-modalidad-digital-y-gratuita","status":"publish","type":"post","link":"https:\/\/contrastes.com.co\/digital\/inicio-el-hay-festival-en-modalidad-digital-y-gratuita\/","title":{"rendered":"Inici\u00f3 el &#8216;Hay Festival&#8217; en modalidad digital y gratuita"},"content":{"rendered":"<p style=\"text-align: center;\"><strong><em>Desde hoy hasta el 31 de enero, el \u2018Hay Festival\u2019 en Colombia celebrar\u00e1 el mundo. La decimosexta edici\u00f3n del evento incluir\u00e1 m\u00e1s de 130 conversaciones y eventos digitales durante 10 d\u00edas, en sus ediciones de Cartagena, Jeric\u00f3 y Medell\u00edn. \u00a1Inscr\u00edbete aqu\u00ed!<\/em><\/strong><\/p>\n<p>Del <strong>22 al 31 de enero<\/strong>, los colombianos podr\u00e1n acceder de manera libre y segura a toda la programaci\u00f3n del <a href=\"https:\/\/www.hayfestival.com\/cartagena\/inicio\">Hay Festival<\/a>. Debido a la situaci\u00f3n nacional vinculada a la pandemia por el Covid-19 y comprometida con el cuidado de la ciudadan\u00eda, la organizaci\u00f3n del evento en Colombia decidi\u00f3 celebrar los festivales de <strong>Cartagena, Medell\u00edn y Jeric\u00f3<\/strong>, con la totalidad de sus actividades de manera digital y sin costo alguno.<\/p>\n<p>En su decimosexta edici\u00f3n, el <a href=\"https:\/\/www.hayfestival.com\/cartagena\/inicio\">Hay Festival<\/a> incluir\u00e1 m\u00e1s de <strong>130 conversaciones y eventos digitales<\/strong>, que se desarrollar\u00e1n durante 10 d\u00edas y que s\u00f3lo requieren un registro previo para participar. Esto podr\u00e1 hacerse de forma gratuita en las p\u00e1ginas de cada festival.<\/p>\n<p>Toda la programaci\u00f3n del Hay Festival en Colombia podr\u00e1 ser consultada en la p\u00e1gina web:\u00a0 <a href=\"http:\/\/www.hayfestival.org\/cartagena\">www.hayfestival.org\/cartagena<\/a><\/p>\n<p>Desde distintos rincones de Colombia y el mundo, adultos y ni\u00f1os podr\u00e1n participar a trav\u00e9s de una plataforma de f\u00e1cil acceso, mediante la cual se podr\u00e1n enviar preguntas para contribuir a importantes conversaciones sobre literatura, ciencia, medioambiente, arte, el sector del libro, actualidad, infancia, entre otros.<\/p>\n<p style=\"text-align: center;\"><img loading=\"lazy\" decoding=\"async\" class=\"alignleft size-full wp-image-3613\" src=\"https:\/\/contrastes.com.co\/digital\/wp-content\/uploads\/2021\/01\/Hay-Festival-2019.jpg\" alt=\"\" width=\"1280\" height=\"720\" srcset=\"https:\/\/contrastes.com.co\/digital\/wp-content\/uploads\/2021\/01\/Hay-Festival-2019.jpg 1280w, https:\/\/contrastes.com.co\/digital\/wp-content\/uploads\/2021\/01\/Hay-Festival-2019-300x169.jpg 300w, https:\/\/contrastes.com.co\/digital\/wp-content\/uploads\/2021\/01\/Hay-Festival-2019-1024x576.jpg 1024w, https:\/\/contrastes.com.co\/digital\/wp-content\/uploads\/2021\/01\/Hay-Festival-2019-768x432.jpg 768w, https:\/\/contrastes.com.co\/digital\/wp-content\/uploads\/2021\/01\/Hay-Festival-2019-107x60.jpg 107w\" sizes=\"auto, (max-width: 1280px) 100vw, 1280px\" \/><\/p>\n<p>&nbsp;<\/p>\n<p>\u201cEl Hay Festival en <a href=\"http:\/\/www.hayfestival.org\/cartagena\">Cartagena<\/a>, y m\u00e1s recientemente en <a href=\"http:\/\/www.hayfestival.org\/medellin\">Medell\u00edn<\/a> y en <a href=\"http:\/\/www.hayfestival.org\/jerico\">Jeric\u00f3<\/a>, se ha convertido en un espacio para la diversidad de pensamientos, para la diversidad de ideas, de posturas. Con la imposibilidad de encontrarnos f\u00edsicamente, este a\u00f1o queremos que en la virtualidad continuemos apostando por la cultura y por dar a conocer infinidad de mundos y de ideas, y ampliando el conocimiento en temas tan variados como la literatura, la filosof\u00eda, la econom\u00eda, la m\u00fasica, el c\u00f3mic, la ciencia, entre muchos otros. El festival en 2021 busca que desde todos los rincones de Colombia puedan conectarse para disfrutar de estas conversaciones que suceden a\u00f1o a a\u00f1o\u201d, expres\u00f3 <strong>Cristina Fuentes La Roche<\/strong>, directora Internacional del festival.<\/p>\n<p><strong>Para los m\u00e1s peque\u00f1os<\/strong><\/p>\n<p>El Hay Festival Comunitario incluir\u00e1 eventos con destacados narradores infantiles de Colombia, M\u00e9xico, Espa\u00f1a y Reino Unido, adem\u00e1s de una clase de cocina que resalta lo mejor de la tradici\u00f3n gastron\u00f3mica colombiana. Participar\u00e1n autoras de libros ilustrados, grandes narradores infantiles y escritores que hablar\u00e1n con ni\u00f1os, ni\u00f1as y j\u00f3venes sobre temas como historia, igualdad, astronom\u00eda, naturaleza y novela policiaca.<\/p>\n<p>Como un sello del festival, las actividades digitales seguir\u00e1n permitiendo la <strong>interacci\u00f3n con el p\u00fablico<\/strong>, a trav\u00e9s de los chats que se habilitar\u00e1n en cada transmisi\u00f3n. Algunas actividades se transmitir\u00e1n paralelamente en las cuentas de redes sociales y canales tradicionales de socios y colaboradores. <strong>Quienes no puedan seguir los directos, podr\u00e1n acceder en diferido a las charlas que quedar\u00e1n en la web del festival hasta el 14 de febrero,<\/strong> con acceso gratuito.<\/p>\n<p><strong>Ingrese aqu\u00ed a los 3 festivales<\/strong><\/p>\n<p>As\u00ed, la programaci\u00f3n de Jeric\u00f3, que se llevar\u00e1 a cabo entre el 22 y el 24 de enero, podr\u00e1 consultarse en <a href=\"http:\/\/www.hayfestival.org\/jerico\">www.hayfestival.org\/jerico<\/a>. Para inscribirse a las actividades que se llevar\u00e1n a cabo entre el 25 y el 28 de enero como parte de la programaci\u00f3n de Medell\u00edn, se debe ingresar a <a href=\"http:\/\/www.hayfestival.org\/medellin\">www.hayfestival.org\/medellin<\/a>. Y finalmente, para inscribirse a la programaci\u00f3n de Cartagena, que se realizar\u00e1 entre el 28 y el 31 de enero, se deber\u00e1 visitar la p\u00e1gina <a href=\"http:\/\/www.hayfestival.org\/cartagena\">www.hayfestival.org\/cartagena<\/a>.<\/p>\n<p>Como abrebocas, adem\u00e1s, el Hay Festival cuenta con contenidos digitales extra en su p\u00e1gina web, disponibles para dar pie a conversaciones que llevar\u00e1n a seguir imaginando el mundo:\u00a0<a href=\"http:\/\/www.hayfestival.com\/cartagena\/noticias.aspx?skinid=5&amp;localesetting=es-ES\">Noticias<\/a> \/ <a href=\"http:\/\/www.hayfestival.com\/academia-hay\">Academia Hay<\/a> \/ <a href=\"https:\/\/www.hayfestival.com\/hayplayer\/espanol.aspx?\">Hay Player<\/a><\/p>\n<p>Este a\u00f1o, con el fin de continuar en la tarea de promover la cultura y el di\u00e1logo de las ideas, el festival estar\u00e1 recibiendo contribuciones de asistentes y seguidores, que se podr\u00e1n realizar en la cuenta ahorros # 85-000014-80 de Bancolombia a nombre de la <strong>Fundaci\u00f3n Hay Festival de Colombia<\/strong> (NIT: 900255241).<\/p>\n<p><strong>M\u00e1s informaci\u00f3n en:<\/strong> <a href=\"mailto:contacto@hayfestival.org\">contacto@hayfestival.org<\/a> \/\u00a0<strong>Facebook:<\/strong> Hay Festival Imagina el Mundo<\/p>\n<p><strong>Twitter:<\/strong> @hayfestival_esp \/\u00a0<strong>Instagram:<\/strong> @ hayfestival_esp<\/p>\n<p>&nbsp;<\/p>\n<p><em>Nayor Barrios \u2013 Redacci\u00f3n Contrastes<\/em><\/p>\n","protected":false},"excerpt":{"rendered":"<p>Del 22 al 31 de enero, los colombianos podr\u00e1n acceder de manera libre y segura a toda la programaci\u00f3n del Hay Festival en Colombia. Debido a la situaci\u00f3n nacional vinculada a la pandemia por el Covid-19 y comprometida con el cuidado de la ciudadan\u00eda, la organizaci\u00f3n del evento decidi\u00f3 celebrar los festivales de Cartagena, Medell\u00edn y Jeric\u00f3, con la totalidad de sus eventos de manera digital y sin costo alguno.<\/p>\n<p>En su decimosexta edici\u00f3n, el Hay Festival incluir\u00e1 m\u00e1s de 130 conversaciones y eventos digitales, que se desarrollar\u00e1n durante 10 d\u00edas y que s\u00f3lo requieren un registro previo para participar. Esto podr\u00e1 hacerse de forma gratuita en las p\u00e1ginas de cada festival.<\/p>\n","protected":false},"author":1,"featured_media":3609,"comment_status":"open","ping_status":"open","sticky":false,"template":"","format":"standard","meta":{"footnotes":""},"categories":[64,163,782,301],"tags":[1887,1876,1885,1880,1879,65,1881,1883,1875,1877,1884,239,1886,620,1882,1878],"class_list":["post-3607","post","type-post","status-publish","format-standard","has-post-thumbnail","hentry","category-cultura","category-educacion","category-historia","category-medio-ambiente","tag-arte","tag-cartagena","tag-ciencia","tag-conversatorios","tag-cristina-fuentes-la-roche","tag-cultura","tag-escritores","tag-festivales-virtuales","tag-hay-festival","tag-jerico","tag-literatura","tag-medellin","tag-medio-ambiente","tag-musica","tag-narradores","tag-programacion"],"_links":{"self":[{"href":"https:\/\/contrastes.com.co\/digital\/wp-json\/wp\/v2\/posts\/3607","targetHints":{"allow":["GET"]}}],"collection":[{"href":"https:\/\/contrastes.com.co\/digital\/wp-json\/wp\/v2\/posts"}],"about":[{"href":"https:\/\/contrastes.com.co\/digital\/wp-json\/wp\/v2\/types\/post"}],"author":[{"embeddable":true,"href":"https:\/\/contrastes.com.co\/digital\/wp-json\/wp\/v2\/users\/1"}],"replies":[{"embeddable":true,"href":"https:\/\/contrastes.com.co\/digital\/wp-json\/wp\/v2\/comments?post=3607"}],"version-history":[{"count":7,"href":"https:\/\/contrastes.com.co\/digital\/wp-json\/wp\/v2\/posts\/3607\/revisions"}],"predecessor-version":[{"id":3616,"href":"https:\/\/contrastes.com.co\/digital\/wp-json\/wp\/v2\/posts\/3607\/revisions\/3616"}],"wp:featuredmedia":[{"embeddable":true,"href":"https:\/\/contrastes.com.co\/digital\/wp-json\/wp\/v2\/media\/3609"}],"wp:attachment":[{"href":"https:\/\/contrastes.com.co\/digital\/wp-json\/wp\/v2\/media?parent=3607"}],"wp:term":[{"taxonomy":"category","embeddable":true,"href":"https:\/\/contrastes.com.co\/digital\/wp-json\/wp\/v2\/categories?post=3607"},{"taxonomy":"post_tag","embeddable":true,"href":"https:\/\/contrastes.com.co\/digital\/wp-json\/wp\/v2\/tags?post=3607"}],"curies":[{"name":"wp","href":"https:\/\/api.w.org\/{rel}","templated":true}]}}