{"id":3672,"date":"2021-01-26T20:42:09","date_gmt":"2021-01-27T01:42:09","guid":{"rendered":"https:\/\/contrastes.com.co\/digital\/?p=3672"},"modified":"2021-01-27T10:46:30","modified_gmt":"2021-01-27T15:46:30","slug":"universidad-de-la-costa-y-air-e-suscriben-convenio-de-cooperacion","status":"publish","type":"post","link":"https:\/\/contrastes.com.co\/digital\/universidad-de-la-costa-y-air-e-suscriben-convenio-de-cooperacion\/","title":{"rendered":"Universidad de la Costa y Air-e suscriben convenio de cooperaci\u00f3n"},"content":{"rendered":"<p style=\"text-align: center;\"><strong><em>El acuerdo permitir\u00e1 que estudiantes de la instituci\u00f3n realicen sus pr\u00e1cticas universitarias en Air-e y que los empleados de la empresa de energ\u00eda y sus hijos puedan acceder a becas del 15%, para cursar programas de pregrado o especializaci\u00f3n en UniCosta.<\/em><\/strong><\/p>\n<p>Barranquilla. Mediante la firma de un convenio de cooperaci\u00f3n con la empresa de energ\u00eda <a href=\"https:\/\/www.air-e.com\/\">Air-e<\/a>, la <a href=\"https:\/\/www.cuc.edu.co\/\">Universidad de la Costa<\/a> permitir\u00e1 el desarrollo de pr\u00e1cticas universitarias y fomentar\u00e1 el acceso a la educaci\u00f3n superior.<\/p>\n<p>El acuerdo, suscrito por el per\u00edodo de un a\u00f1o y con posibilidad de renovaci\u00f3n, fue firmado por el rector de la UniCosta, <strong>Tito Crissien Borrero<\/strong>, y el representante de <a href=\"https:\/\/www.air-e.com\/\">Air-e<\/a>, <strong>Jhon Toro R\u00edos<\/strong>.<\/p>\n<p>Este convenio fomentar\u00e1 el acceso a la educaci\u00f3n superior para trabajadores e hijos de los empleados de <a href=\"https:\/\/www.air-e.com\/\">Air-e<\/a>, a trav\u00e9s de una beca del 15% en el valor de la matr\u00edcula para cursar uno de los programas acad\u00e9micos de pregrado o especializaci\u00f3n, ofertados por la <a href=\"https:\/\/www.cuc.edu.co\/\">Universidad de la Costa<\/a>.<\/p>\n<p>Tambi\u00e9n permitir\u00e1 la incorporaci\u00f3n de estudiantes para el desarrollo de sus pr\u00e1cticas universitarias. Asimismo, la empresa Air-e participar\u00e1 en la bolsa de empleos de UniCosta, conocida como CUC Jobs, con el fin de poner a disposici\u00f3n de estudiantes y graduados sus empleos ofertados y tenerlos en cuenta en los procesos de selecci\u00f3n.<\/p>\n<p>Tito Crissien Borrero, rector de la Universidad de la Costa, expres\u00f3 que \u201cpara Unicosta es muy importante generar y fortalecer relaciones entre la academia, empresa y estado. Uno de nuestros ideales es contribuir al desarrollo del departamento y gracias a esta alianza continuaremos haci\u00e9ndolo\u201d.<\/p>\n<p>\u201cLos estudiantes de las diferentes carreras tendr\u00e1n la posibilidad de llevar a cabo sus pr\u00e1cticas con la empresa de energ\u00eda; es decir, no solo ser\u00e1n los que estudien ingenier\u00edas, sino todos, siempre y cuando existan las vacantes para ellos\u201d, explic\u00f3 Crissien Borrero.<\/p>\n<p>Finalmente aclar\u00f3 que, seg\u00fan el acuerdo, las becas ser\u00e1n otorgadas a quienes inicien sus estudios en primer semestre o por transferencia externa, pero no a quienes ya sean estudiantes activos cuando la alianza entr\u00f3 en vigencia.<\/p>\n<p style=\"text-align: left;\"><img loading=\"lazy\" decoding=\"async\" class=\"alignleft size-full wp-image-3673\" src=\"https:\/\/contrastes.com.co\/digital\/wp-content\/uploads\/2021\/01\/Tito-Crissien-Borrero-y-Jhon-Toro-1.jpg\" alt=\"\" width=\"1280\" height=\"854\" srcset=\"https:\/\/contrastes.com.co\/digital\/wp-content\/uploads\/2021\/01\/Tito-Crissien-Borrero-y-Jhon-Toro-1.jpg 1280w, https:\/\/contrastes.com.co\/digital\/wp-content\/uploads\/2021\/01\/Tito-Crissien-Borrero-y-Jhon-Toro-1-300x200.jpg 300w, https:\/\/contrastes.com.co\/digital\/wp-content\/uploads\/2021\/01\/Tito-Crissien-Borrero-y-Jhon-Toro-1-1024x683.jpg 1024w, https:\/\/contrastes.com.co\/digital\/wp-content\/uploads\/2021\/01\/Tito-Crissien-Borrero-y-Jhon-Toro-1-768x512.jpg 768w, https:\/\/contrastes.com.co\/digital\/wp-content\/uploads\/2021\/01\/Tito-Crissien-Borrero-y-Jhon-Toro-1-90x60.jpg 90w\" sizes=\"auto, (max-width: 1280px) 100vw, 1280px\" \/><\/p>\n<p>&nbsp;<\/p>\n<p style=\"text-align: left;\"><em>El gerente de Air-e, Jhon Jairo Toro indic\u00f3 que \u00abes muy importante contar con un aliado como la UniCosta, un centro universitario de alta calidad gracias al gran profesionalismo de su talento humano\u00bb.<\/em><\/p>\n<p><em>Prensa Universidad de la Costa y Air-e<\/em><\/p>\n","protected":false},"excerpt":{"rendered":"<p>El acuerdo permitir\u00e1 que estudiantes de la instituci\u00f3n realicen sus pr\u00e1cticas universitarias en Air-e y que los empleados de la empresa de energ\u00eda y sus hijos puedan acceder a becas del 15%, para cursar programas de pregrado o especializaci\u00f3n en UniCosta. Barranquilla. Mediante la firma de un convenio de cooperaci\u00f3n con la empresa de energ\u00eda [&hellip;]<\/p>\n","protected":false},"author":1,"featured_media":3674,"comment_status":"open","ping_status":"open","sticky":false,"template":"","format":"standard","meta":{"footnotes":""},"categories":[756,163,680,533],"tags":[1689,1838,1934,1936,1937,1935,53],"class_list":["post-3672","post","type-post","status-publish","format-standard","has-post-thumbnail","hentry","category-comunidad","category-educacion","category-empresas","category-gestion-social","tag-air-e","tag-becas","tag-convenios","tag-jhon-toro-rios","tag-practicas-universitarias","tag-tito-crissien-borrero","tag-universidad-de-la-costa"],"_links":{"self":[{"href":"https:\/\/contrastes.com.co\/digital\/wp-json\/wp\/v2\/posts\/3672","targetHints":{"allow":["GET"]}}],"collection":[{"href":"https:\/\/contrastes.com.co\/digital\/wp-json\/wp\/v2\/posts"}],"about":[{"href":"https:\/\/contrastes.com.co\/digital\/wp-json\/wp\/v2\/types\/post"}],"author":[{"embeddable":true,"href":"https:\/\/contrastes.com.co\/digital\/wp-json\/wp\/v2\/users\/1"}],"replies":[{"embeddable":true,"href":"https:\/\/contrastes.com.co\/digital\/wp-json\/wp\/v2\/comments?post=3672"}],"version-history":[{"count":8,"href":"https:\/\/contrastes.com.co\/digital\/wp-json\/wp\/v2\/posts\/3672\/revisions"}],"predecessor-version":[{"id":3676,"href":"https:\/\/contrastes.com.co\/digital\/wp-json\/wp\/v2\/posts\/3672\/revisions\/3676"}],"wp:featuredmedia":[{"embeddable":true,"href":"https:\/\/contrastes.com.co\/digital\/wp-json\/wp\/v2\/media\/3674"}],"wp:attachment":[{"href":"https:\/\/contrastes.com.co\/digital\/wp-json\/wp\/v2\/media?parent=3672"}],"wp:term":[{"taxonomy":"category","embeddable":true,"href":"https:\/\/contrastes.com.co\/digital\/wp-json\/wp\/v2\/categories?post=3672"},{"taxonomy":"post_tag","embeddable":true,"href":"https:\/\/contrastes.com.co\/digital\/wp-json\/wp\/v2\/tags?post=3672"}],"curies":[{"name":"wp","href":"https:\/\/api.w.org\/{rel}","templated":true}]}}