{"id":3772,"date":"2021-01-29T18:10:35","date_gmt":"2021-01-29T23:10:35","guid":{"rendered":"https:\/\/contrastes.com.co\/digital\/?p=3772"},"modified":"2021-01-29T22:10:35","modified_gmt":"2021-01-30T03:10:35","slug":"soledad-se-vincula-a-la-primera-jornada-nacional-de-vacunacion-de-este-sabado","status":"publish","type":"post","link":"https:\/\/contrastes.com.co\/digital\/soledad-se-vincula-a-la-primera-jornada-nacional-de-vacunacion-de-este-sabado\/","title":{"rendered":"Soledad se vincula a la Primera Jornada Nacional de Vacunaci\u00f3n de este s\u00e1bado"},"content":{"rendered":"<p style=\"text-align: center;\"><strong><em>La poblaci\u00f3n podr\u00e1 vacunarse para prevenir enfermedades como hepatitis A, neumococo, VPH, poliomielitis, triple viral, pentavalente y polio. La jornada iniciar\u00e1 a las 8:00 a.m. y culminar\u00e1 a las 3:00 p.m.<\/em><\/strong><\/p>\n<p>Con el prop\u00f3sito de alcanzar la meta de 792 dosis de vacunas aplicadas, este <strong>s\u00e1bado 30 de enero<\/strong> Soledad se vincula a la <strong>Primera Jornada Nacional de Vacunaci\u00f3n<\/strong>, cuyo lema es \u2018Pong\u00e1monos al d\u00eda\u2019.<\/p>\n<p>En el municipio, 19 centros de salud de la red p\u00fablica y privada atender\u00e1n a menores de edad entre los 9 y 17 a\u00f1os, menores de seis a\u00f1os y a mujeres embarazadas, quienes, seg\u00fan el esquema que mantengan, podr\u00e1n vacunarse para prevenir enfermedades como la hepatitis A, el neumococo, el virus del papiloma humano y la poliomielitis. Se aplicar\u00e1n tambi\u00e9n las vacunas triple viral, pentavalente y polio inyectable y oral. <strong>La jornada iniciar\u00e1 a las 8:00 a.m. y culminar\u00e1 a las 3:00 p.m.<\/strong><\/p>\n<p>El alcalde de Soledad, <strong>Rodolfo Ucr\u00f3s Rosales<\/strong>, record\u00f3 la importancia de iniciar, completar y finalizar el esquema de vacunaci\u00f3n.\u00a0 \u201cDesde este inicio de a\u00f1o, funcionarios de la Oficina de Salud P\u00fablica han llegado, barrio a barrio y casa a casa, para concientizar a los padres de familia, responsables de ni\u00f1os y mujeres embarazadas, sobre la necesidad de que acudan a la jornada de vacunaci\u00f3n para que completen su esquema de vacunaci\u00f3n. Queremos prevenir enfermedades en nuestra poblaci\u00f3n. Invitamos a todos desde las primeras horas del s\u00e1bado a participar\u201d, dijo el mandatario.<\/p>\n<p>La coordinadora del Programa Ampliado de Inmunizaci\u00f3n (PAI), <strong>Aura Caraballo<\/strong>, exhort\u00f3 a los padres de familia y j\u00f3venes a inmunizarse contra enfermedades que se pueden prevenir. \u00abTrabajamos con los l\u00edderes comunitarios, quienes van de casa en casa como multiplicadores del mensaje y motivan a la comunidad a acudir a los centros de salud, porque todos los d\u00edas hay vacunas disponibles. Esta jornada del s\u00e1bado es sin barrera, es decir, que <strong>las personas pueden solicitar la vacuna en cualquiera E.P.S., independientemente de que est\u00e9n afiliadas o no<\/strong>\u201d, expres\u00f3.<\/p>\n<p>El acto de apertura de la actividad ser\u00e1 en el barrio Candelaria primera etapa. Simult\u00e1neamente se habilitaron los centros de salud del <a href=\"https:\/\/maternoinfantil.gov.co\/\">Hospital Materno Infantil de Soledad<\/a> , Cl\u00ednica Adela de Char, Cl\u00ednica de la Polic\u00eda, Hospital Universidad del Norte y las sedes de las E.P.S. Salud Total del Centro Comercial Carnaval, y de las E.P.S. Sura, Sanitas, Nueva EPS, as\u00ed como en los barrios.<\/p>\n<p>La Alcald\u00eda de Soledad, a trav\u00e9s de la Secretar\u00eda Municipal de Salud y la Oficina de Salud P\u00fablica, alcanzaron durante el a\u00f1o anterior el esquema de inmunizaci\u00f3n en un 102 por ciento, con 9 mil 876 dosis aplicadas. En el 2021, se desarrollar\u00e1n cuatro jornadas con una meta estipulada por el <a href=\"https:\/\/www.minsalud.gov.co\/\">Ministerio de Salud y Protecci\u00f3n Social<\/a>, de 9 mil 792.<\/p>\n<p><em>Prensa Alcald\u00eda de Soledad<\/em><\/p>\n","protected":false},"excerpt":{"rendered":"<p>Con el prop\u00f3sito de alcanzar la meta de 792 dosis de vacunas aplicadas, este s\u00e1bado 30 de enero Soledad se vincula a la Primera Jornada Nacional de Vacunaci\u00f3n, cuyo lema es \u2018Pong\u00e1monos al d\u00eda\u2019.<\/p>\n<p>En el municipio, 19 centros de salud de la red p\u00fablica y privada atender\u00e1n a menores de edad entre los 9 y 17 a\u00f1os, menores de seis a\u00f1os y a mujeres embarazadas, quienes, seg\u00fan el esquema que mantengan, podr\u00e1n vacunarse para prevenir enfermedades como la hepatitis A, el neumococo, el virus del papiloma humano y la poliomielitis. Se aplicar\u00e1n tambi\u00e9n las vacunas triple viral, pentavalente y polio inyectable y oral. La jornada iniciar\u00e1 a las 8:00 a.m. y culminar\u00e1 a las 3:00 p.m.<\/p>\n","protected":false},"author":1,"featured_media":3774,"comment_status":"open","ping_status":"open","sticky":false,"template":"","format":"standard","meta":{"footnotes":""},"categories":[756,6,268],"tags":[35,1995,1669,1988,1989,431,1990,1863,1994,1996,1848,1991,1993,1992,1862],"class_list":["post-3772","post","type-post","status-publish","format-standard","has-post-thumbnail","hentry","category-comunidad","category-region","category-salud","tag-alcaldia-de-soledad","tag-aura-caraballo","tag-centro-comercial-carnaval","tag-clinica-adela-de-char","tag-clinica-de-la-policia","tag-hospital-materno-infantil-de-soledad","tag-hospital-universidad-del-norte","tag-ministerio-de-salud-y-proteccion-social","tag-nueva-eps","tag-primera-jornada-nacional-de-vacunacion","tag-rodolfo-ucros-rosales","tag-salud-total","tag-sanitas","tag-sura","tag-vacunacion"],"_links":{"self":[{"href":"https:\/\/contrastes.com.co\/digital\/wp-json\/wp\/v2\/posts\/3772","targetHints":{"allow":["GET"]}}],"collection":[{"href":"https:\/\/contrastes.com.co\/digital\/wp-json\/wp\/v2\/posts"}],"about":[{"href":"https:\/\/contrastes.com.co\/digital\/wp-json\/wp\/v2\/types\/post"}],"author":[{"embeddable":true,"href":"https:\/\/contrastes.com.co\/digital\/wp-json\/wp\/v2\/users\/1"}],"replies":[{"embeddable":true,"href":"https:\/\/contrastes.com.co\/digital\/wp-json\/wp\/v2\/comments?post=3772"}],"version-history":[{"count":3,"href":"https:\/\/contrastes.com.co\/digital\/wp-json\/wp\/v2\/posts\/3772\/revisions"}],"predecessor-version":[{"id":3776,"href":"https:\/\/contrastes.com.co\/digital\/wp-json\/wp\/v2\/posts\/3772\/revisions\/3776"}],"wp:featuredmedia":[{"embeddable":true,"href":"https:\/\/contrastes.com.co\/digital\/wp-json\/wp\/v2\/media\/3774"}],"wp:attachment":[{"href":"https:\/\/contrastes.com.co\/digital\/wp-json\/wp\/v2\/media?parent=3772"}],"wp:term":[{"taxonomy":"category","embeddable":true,"href":"https:\/\/contrastes.com.co\/digital\/wp-json\/wp\/v2\/categories?post=3772"},{"taxonomy":"post_tag","embeddable":true,"href":"https:\/\/contrastes.com.co\/digital\/wp-json\/wp\/v2\/tags?post=3772"}],"curies":[{"name":"wp","href":"https:\/\/api.w.org\/{rel}","templated":true}]}}