{"id":3801,"date":"2021-01-30T18:34:41","date_gmt":"2021-01-30T23:34:41","guid":{"rendered":"https:\/\/contrastes.com.co\/digital\/?p=3801"},"modified":"2021-01-30T20:38:07","modified_gmt":"2021-01-31T01:38:07","slug":"beneficiarios-del-curso-conduccion-segura-empiezan-a-recibir-su-licencia","status":"publish","type":"post","link":"https:\/\/contrastes.com.co\/digital\/beneficiarios-del-curso-conduccion-segura-empiezan-a-recibir-su-licencia\/","title":{"rendered":"Beneficiarios del curso \u2018Conducci\u00f3n Segura\u2019 empiezan a recibir su licencia"},"content":{"rendered":"<p style=\"text-align: center;\"><strong><em>Fay Est\u00edvenson Fern\u00e1ndez, de 55 a\u00f1os de edad, es el primero de los 1.000 beneficiarios en recibir su licencia de conducci\u00f3n. Tr\u00e1nsito del Atl\u00e1ntico dise\u00f1a una estrategia log\u00edstica para que todos los beneficiarios del programa adquieran el documento. Y anuncia que abrir\u00e1 nuevos cupos para este 2021.<\/em><\/strong><\/p>\n<p><strong>Sabanagrande.-<\/strong> Fay Est\u00edvenson Fern\u00e1ndez lleva el sabor coste\u00f1o en las manos y en la garganta. Tambi\u00e9n en su sangre sabanagrandera, pero, sobre todo, en esas dos partes del cuerpo.<\/p>\n<p>Hace poco cumpli\u00f3 25 a\u00f1os de estar amenizando fiestas con su voz carrasposa y entonada, a ritmo de vallenato. Adem\u00e1s, por m\u00e1s o menos una d\u00e9cada, ha llegado a esas fiestas con algo m\u00e1s que una tonada.<\/p>\n<p>\u201cA veces lo buscan a uno para preparar comida y cantar. Termino siendo contratado en la misma fiesta para las dos cosas, sea para un sancocho o un buffet, y voy con m\u00fasicos y todo\u201d, asegura, confesando que alterna sus dos pasiones con el oficio de enfermero.<\/p>\n<p>Lo dice ri\u00e9ndose, pero el problema, seg\u00fan cuenta, siempre ha sido c\u00f3mo llegar a cumplir con sus tres trabajos.<\/p>\n<p>\u201cHace ya muchos a\u00f1os un amigo me ense\u00f1\u00f3 a manejar. Comenc\u00e9 con una moto 80, peque\u00f1a. Yo me iba con \u00e9l y a veces me daba la moto para que yo la trajera. As\u00ed aprend\u00ed, pero siempre ten\u00eda inconvenientes\u201d, afirma.<\/p>\n<p>La cantidad de comida que llevaba en la moto a las fiestas y las altas horas a las que sal\u00eda de las mismas, no eran los mayores inconvenientes, sino la falta de licencia de conducci\u00f3n y dem\u00e1s documentaci\u00f3n normativa, lo que siempre le causaba roces con las autoridades.<\/p>\n<p>En m\u00e1s de una ocasi\u00f3n tuvo que recurrir a atajos y a la ayuda de otras personas para esquivar la ley, pero casi siempre le terminaba saliendo caro, dice. Por eso, a sus 55 a\u00f1os de edad, <strong>Fay Est\u00edvenson<\/strong> tom\u00f3 la decisi\u00f3n de cambiar su condici\u00f3n ante las autoridades de tr\u00e1nsito.<\/p>\n<p>En 2020, Fay accedi\u00f3 a uno de los cupos del curso de Conducci\u00f3n Segura que ofrec\u00eda el Tr\u00e1nsito del Atl\u00e1ntico, de manera gratuita, a 1.000 personas que quisieran legalizar su movilizaci\u00f3n en motocicleta.<\/p>\n<p>\u201cMe inscrib\u00ed para el curso por la voz de un amigo y me encontr\u00e9 con profesores que nos ense\u00f1aron y capacitaron en todo lo del Tr\u00e1nsito. Lo que uno se encuentra en las v\u00edas, las se\u00f1ales y normas de tr\u00e1nsito, y algunos decretos que nos pueden ayudar con las autoridades. As\u00ed fue mi proceso y al final lo logr\u00e9\u201d, asegura.<\/p>\n<p>Tras poco m\u00e1s de un mes asistiendo regularmente a una escuela de conducci\u00f3n en Barranquilla, a donde llegaba transportado por el <a href=\"https:\/\/transitodelatlantico.gov.co\/\">Instituto de Tr\u00e1nsito del Atl\u00e1ntico<\/a>, sin ning\u00fan costo y junto a sus compa\u00f1eros, Fay se gradu\u00f3 simb\u00f3licamente del curso de Conducci\u00f3n Segura, recibiendo la certificaci\u00f3n de manos de la gobernadora, <strong>Elsa Noguera<\/strong>, de quien recuerda haber escuchado las felicitaciones personalmente.<\/p>\n<p>Entonces, con la \u00abbendici\u00f3n\u00bb de la primera mandataria del Atl\u00e1ntico, Fay Est\u00edvenson empez\u00f3 a tramitar su licencia de conducci\u00f3n y, luego de culminar el proceso, el jueves 28 de enero de 2021 recibi\u00f3 en sus manos el documento que lo autoriza para manejar su motocicleta y lo acredita como un conductor seguro.<\/p>\n<p>\u201cCon esta licencia puedo transportarme de un lugar a otro, sabiendo que no voy a tener ning\u00fan problema con las autoridades, si lo hago de manera correcta. Este documento me da permiso para movilizarme por todas las v\u00edas nacionales y me alegra mucho\u201d, confiesa, a sabiendas de que ahora podr\u00e1 llevar tambi\u00e9n en su moto todo el sabor coste\u00f1o que emana de su m\u00fasica y de los platillos que prepara.<\/p>\n<p>As\u00ed como Fay, los 1.000 motociclistas de Santo Tom\u00e1s, Palmar de Varela, Sabanagrande y Polonuevo, beneficiarios del Curso de Conducci\u00f3n Segura, tambi\u00e9n se encuentran en capacidad de tramitar, sin inconvenientes ni pagos adicionales, sus licencias de tr\u00e1nsito.<\/p>\n<p>Continuando con el acompa\u00f1amiento que se les brind\u00f3 desde el inicio, el Instituto de Tr\u00e1nsito del Atl\u00e1ntico est\u00e1 desarrollando \u201ctodo un plan log\u00edstico para que los beneficiarios del curso se acerquen a las oficinas del Tr\u00e1nsito en Sabanagrande y tramiten su licencia\u201d, explic\u00f3 <strong>Javier Visbal Mart\u00ednez<\/strong>, subdirector operativo del <a href=\"https:\/\/transitodelatlantico.gov.co\/\">Instituto de Tr\u00e1nsito del Atl\u00e1ntico<\/a>, quien entreg\u00f3 a Fay, en sus manos, su nueva licencia de conducci\u00f3n.<\/p>\n<p>Justo a tiempo para que el quinto hijo del m\u00fasico, cocinero y enfermero, inicie a sus 16 a\u00f1os el mismo proceso que \u00e9l empez\u00f3 a los 55.<\/p>\n<p>El <a href=\"https:\/\/transitodelatlantico.gov.co\/\">Instituto de Tr\u00e1nsito del Atl\u00e1ntico<\/a> reiter\u00f3 la importancia de formarse en buenas pr\u00e1cticas de conducci\u00f3n, para reducir los riesgos en las v\u00edas y los \u00edndices de accidentalidad en el departamento. Por tal raz\u00f3n, la entidad trabaja para abrir nuevos cupos del Curso de Conducci\u00f3n Segura en 2021.<\/p>\n<p><em>Prensa Instituto de Tr\u00e1nsito del Atl\u00e1ntico<\/em><\/p>\n","protected":false},"excerpt":{"rendered":"<p>Beneficiarios del curso \u2018Conducci\u00f3n Segura\u2019 empiezan a recibir su licencia.<\/p>\n<p>Fay Est\u00edvenson Fern\u00e1ndez, de 55 a\u00f1os de edad, es el primero de los 1.000 beneficiarios en recibir su licencia de conducci\u00f3n. Tr\u00e1nsito del Atl\u00e1ntico dise\u00f1a una estrategia log\u00edstica para que todos los beneficiarios del programa adquieran el documento. Y anuncia que abrir\u00e1 nuevos cupos para este 2021.<\/p>\n","protected":false},"author":1,"featured_media":3802,"comment_status":"open","ping_status":"open","sticky":false,"template":"","format":"standard","meta":{"footnotes":""},"categories":[756,2,6,622],"tags":[2022,2023,31,2021,889,2020,2024],"class_list":["post-3801","post","type-post","status-publish","format-standard","has-post-thumbnail","hentry","category-comunidad","category-locales","category-region","category-transporte","tag-conduccion-segura","tag-curso","tag-elsa-noguera","tag-fay-estivenson","tag-instituto-de-transito-del-atlantico","tag-javier-visbal-martinez","tag-licencia-de-conduccion"],"_links":{"self":[{"href":"https:\/\/contrastes.com.co\/digital\/wp-json\/wp\/v2\/posts\/3801","targetHints":{"allow":["GET"]}}],"collection":[{"href":"https:\/\/contrastes.com.co\/digital\/wp-json\/wp\/v2\/posts"}],"about":[{"href":"https:\/\/contrastes.com.co\/digital\/wp-json\/wp\/v2\/types\/post"}],"author":[{"embeddable":true,"href":"https:\/\/contrastes.com.co\/digital\/wp-json\/wp\/v2\/users\/1"}],"replies":[{"embeddable":true,"href":"https:\/\/contrastes.com.co\/digital\/wp-json\/wp\/v2\/comments?post=3801"}],"version-history":[{"count":3,"href":"https:\/\/contrastes.com.co\/digital\/wp-json\/wp\/v2\/posts\/3801\/revisions"}],"predecessor-version":[{"id":3805,"href":"https:\/\/contrastes.com.co\/digital\/wp-json\/wp\/v2\/posts\/3801\/revisions\/3805"}],"wp:featuredmedia":[{"embeddable":true,"href":"https:\/\/contrastes.com.co\/digital\/wp-json\/wp\/v2\/media\/3802"}],"wp:attachment":[{"href":"https:\/\/contrastes.com.co\/digital\/wp-json\/wp\/v2\/media?parent=3801"}],"wp:term":[{"taxonomy":"category","embeddable":true,"href":"https:\/\/contrastes.com.co\/digital\/wp-json\/wp\/v2\/categories?post=3801"},{"taxonomy":"post_tag","embeddable":true,"href":"https:\/\/contrastes.com.co\/digital\/wp-json\/wp\/v2\/tags?post=3801"}],"curies":[{"name":"wp","href":"https:\/\/api.w.org\/{rel}","templated":true}]}}