{"id":3806,"date":"2021-01-30T22:00:01","date_gmt":"2021-01-31T03:00:01","guid":{"rendered":"https:\/\/contrastes.com.co\/digital\/?p=3806"},"modified":"2021-01-30T22:00:01","modified_gmt":"2021-01-31T03:00:01","slug":"soledenos-acudieron-masivamente-a-la-primera-jornada-nacional-de-vacunacion","status":"publish","type":"post","link":"https:\/\/contrastes.com.co\/digital\/soledenos-acudieron-masivamente-a-la-primera-jornada-nacional-de-vacunacion\/","title":{"rendered":"Solede\u00f1os acudieron masivamente a la Primera Jornada Nacional de Vacunaci\u00f3n"},"content":{"rendered":"<p style=\"text-align: center;\"><strong><em>En 19 puntos de atenci\u00f3n de las redes p\u00fablica y privada se aplicaron vacunas para prevenir 26 enfermedades. Alcalde Rodolfo Ucr\u00f3s destac\u00f3 el acompa\u00f1amiento de la Gobernaci\u00f3n del Atl\u00e1ntico.<\/em><\/strong><\/p>\n<p><strong>Soledad.-<\/strong> \u201cVacun\u00e9 a mi ni\u00f1o contra el polio gracias a esta jornada que nos trajo nuestro alcalde al barrio\u00bb, manifest\u00f3 <strong>Noemi Mu\u00f1oz<\/strong>, residente en el barrio San Vicente, quien fue con Pedro, un menor de dos a\u00f1os, y quien acudi\u00f3 desde tempranas horas al barrio Candelaria primera etapa, donde se llev\u00f3 a cabo el acto de apertura de la Primera Jornada Nacional de Vacunaci\u00f3n.<\/p>\n<p><strong>Diosmary Paola Orozco<\/strong>, residente del barrio Villa Sol, tambi\u00e9n agradeci\u00f3, pero ella dirigi\u00f3 sus reconocimientos a la Secretar\u00eda Municipal de Salud y al <a href=\"https:\/\/maternoinfantil.gov.co\/\">Hospital Materno Infantil de Soledad<\/a>: \u201cVine a vacunar a mi ni\u00f1a de un a\u00f1o y as\u00ed prevenir enfermedades en un futuro- Agradezco esta jornada de la Secretar\u00eda y del Materno. La atenci\u00f3n fue excelente porque fue r\u00e1pida, sin tantos tr\u00e1mites\u201d.<\/p>\n<p>Estos son solo dos de los muchos testimonios de agradecimiento que expresaron los solede\u00f1os por la jornada. Al hacer apertura de la misma, el alcalde de Soledad, <strong>Rodolfo Ucr\u00f3s<\/strong>, dijo que \u201ces importante iniciar, completar y finalizar el esquema de vacunaci\u00f3n. Me siento satisfecho con los moradores del municipio, porque acudieron a vacunarse para prevenir 26 enfermedades. No queremos que los solede\u00f1os se arrepientan m\u00e1s adelante por no vacunarse\u201d.<\/p>\n<p><strong>Ucr\u00f3s destac\u00f3 acompa\u00f1amiento de la Gobernaci\u00f3n <\/strong><\/p>\n<p>La subsecretaria de Salud P\u00fablica del Atl\u00e1ntico, <strong>Elo\u00edna Goenaga<\/strong>, destac\u00f3 que en el departamento se habilitaron 50 puntos de vacunaci\u00f3n y que el municipio de Soledad es fundamental para conseguir las metas de vacunaci\u00f3n, dado que es el municipio m\u00e1s poblado de esta parte del pa\u00eds. \u00abEn el marco de la pandemia del Covid-19, no podemos descuidar los esquemas de vacunaci\u00f3n porque corremos el riesgo de que las enfermedades reaparezcan y afecten a la comunidad y tambi\u00e9n nuestros indicadores\u00bb, expres\u00f3 la funcionaria.<\/p>\n<p>En esta jornada en Soledad se habilitaron 19 puntos de atenci\u00f3n de las redes p\u00fablica y privada, como los centros de salud del <a href=\"https:\/\/maternoinfantil.gov.co\/\">Hospital Materno Infantil<\/a>, la Cl\u00ednica Adela de Char, la Cl\u00ednica de la Polic\u00eda, el Hospital Universidad del Norte y la sede de la E.P.S. Salud Total, ubicada en el Centro Comercial Carnaval. As\u00ed mismo, se vincularon las E.P.S. Sura, Sanitas y Nueva EPS. De igual forma, se instalaron puntos de vacunaci\u00f3n en los barrios.<\/p>\n<p>La actividad, desarrollada hasta las 3 de la tarde de este s\u00e1bado, tuvo como prop\u00f3sito aplicar 792 biol\u00f3gicos a menores de edad entre los 9 y 17 a\u00f1os, menores de seis a\u00f1os, y a mujeres embarazadas, quienes, seg\u00fan el esquema que mantengan, podr\u00e1n vacunarse para prevenir enfermedades como la hepatitis A, el neumococo, el virus del papiloma humano y la poliomielitis. Se aplicaron las vacunas triple viral, pentavalente y polio inyectable y oral.<\/p>\n<p><em>Prensa Alcald\u00eda de Soledad<\/em><\/p>\n","protected":false},"excerpt":{"rendered":"<p>Solede\u00f1os acudieron masivamente a la Primera Jornada Nacional de Vacunaci\u00f3n<\/p>\n<p>En 19 puntos de atenci\u00f3n de las redes p\u00fablica y privada se aplicaron vacunas para prevenir 26 enfermedades. Alcalde Rodolfo Ucr\u00f3s destac\u00f3 el acompa\u00f1amiento de la Gobernaci\u00f3n del Atl\u00e1ntico.<\/p>\n","protected":false},"author":1,"featured_media":3807,"comment_status":"open","ping_status":"open","sticky":false,"template":"","format":"standard","meta":{"footnotes":""},"categories":[756,2,268],"tags":[35,1669,1988,1989,2016,30,431,1990,1994,1996,1848,1991,1993,1992,1862],"class_list":["post-3806","post","type-post","status-publish","format-standard","has-post-thumbnail","hentry","category-comunidad","category-locales","category-salud","tag-alcaldia-de-soledad","tag-centro-comercial-carnaval","tag-clinica-adela-de-char","tag-clinica-de-la-policia","tag-eloina-goenaga","tag-gobernacion-del-atlantico","tag-hospital-materno-infantil-de-soledad","tag-hospital-universidad-del-norte","tag-nueva-eps","tag-primera-jornada-nacional-de-vacunacion","tag-rodolfo-ucros-rosales","tag-salud-total","tag-sanitas","tag-sura","tag-vacunacion"],"_links":{"self":[{"href":"https:\/\/contrastes.com.co\/digital\/wp-json\/wp\/v2\/posts\/3806","targetHints":{"allow":["GET"]}}],"collection":[{"href":"https:\/\/contrastes.com.co\/digital\/wp-json\/wp\/v2\/posts"}],"about":[{"href":"https:\/\/contrastes.com.co\/digital\/wp-json\/wp\/v2\/types\/post"}],"author":[{"embeddable":true,"href":"https:\/\/contrastes.com.co\/digital\/wp-json\/wp\/v2\/users\/1"}],"replies":[{"embeddable":true,"href":"https:\/\/contrastes.com.co\/digital\/wp-json\/wp\/v2\/comments?post=3806"}],"version-history":[{"count":1,"href":"https:\/\/contrastes.com.co\/digital\/wp-json\/wp\/v2\/posts\/3806\/revisions"}],"predecessor-version":[{"id":3808,"href":"https:\/\/contrastes.com.co\/digital\/wp-json\/wp\/v2\/posts\/3806\/revisions\/3808"}],"wp:featuredmedia":[{"embeddable":true,"href":"https:\/\/contrastes.com.co\/digital\/wp-json\/wp\/v2\/media\/3807"}],"wp:attachment":[{"href":"https:\/\/contrastes.com.co\/digital\/wp-json\/wp\/v2\/media?parent=3806"}],"wp:term":[{"taxonomy":"category","embeddable":true,"href":"https:\/\/contrastes.com.co\/digital\/wp-json\/wp\/v2\/categories?post=3806"},{"taxonomy":"post_tag","embeddable":true,"href":"https:\/\/contrastes.com.co\/digital\/wp-json\/wp\/v2\/tags?post=3806"}],"curies":[{"name":"wp","href":"https:\/\/api.w.org\/{rel}","templated":true}]}}