{"id":3941,"date":"2021-02-05T16:33:42","date_gmt":"2021-02-05T21:33:42","guid":{"rendered":"https:\/\/contrastes.com.co\/digital\/?p=3941"},"modified":"2021-02-10T19:19:44","modified_gmt":"2021-02-11T00:19:44","slug":"que-no-me-pase-a-mi-columna","status":"publish","type":"post","link":"https:\/\/contrastes.com.co\/digital\/que-no-me-pase-a-mi-columna\/","title":{"rendered":"Que no me pase a m\u00ed (columna &#8216;El Escaparate&#8217;)"},"content":{"rendered":"<p style=\"text-align: center;\"><strong><em>\u201cDe lo \u00fanico que estoy segura es que no deseo que me pase a m\u00ed; y si sucede, solo quiero me busquen hasta encontrarme y no piensen o digan: se fue con el marido\u201d. No te pierdas la segunda entrega de \u2018El Escaparate\u2019, por nuestra columnista invitada Isabel Juliao Arnedo.<\/em><\/strong><\/p>\n<p style=\"text-align: left;\"><em><img loading=\"lazy\" decoding=\"async\" class=\"alignleft wp-image-3764\" src=\"https:\/\/contrastes.com.co\/digital\/wp-content\/uploads\/2021\/01\/Isabel-Juliao-Arnedo-1.jpeg\" alt=\"\" width=\"186\" height=\"273\" srcset=\"https:\/\/contrastes.com.co\/digital\/wp-content\/uploads\/2021\/01\/Isabel-Juliao-Arnedo-1.jpeg 1080w, https:\/\/contrastes.com.co\/digital\/wp-content\/uploads\/2021\/01\/Isabel-Juliao-Arnedo-1-204x300.jpeg 204w, https:\/\/contrastes.com.co\/digital\/wp-content\/uploads\/2021\/01\/Isabel-Juliao-Arnedo-1-697x1024.jpeg 697w, https:\/\/contrastes.com.co\/digital\/wp-content\/uploads\/2021\/01\/Isabel-Juliao-Arnedo-1-768x1129.jpeg 768w, https:\/\/contrastes.com.co\/digital\/wp-content\/uploads\/2021\/01\/Isabel-Juliao-Arnedo-1-1045x1536.jpeg 1045w, https:\/\/contrastes.com.co\/digital\/wp-content\/uploads\/2021\/01\/Isabel-Juliao-Arnedo-1-41x60.jpeg 41w\" sizes=\"auto, (max-width: 186px) 100vw, 186px\" \/><\/em><\/p>\n<p style=\"text-align: left;\"><em>\u2018El Escaparate\u2019. Por Isabel Juliao Arnedo* <\/em><\/p>\n<p style=\"text-align: left;\"><em>Lo pienso, lo digo. \u00a1No soy escaparate de nadie!<\/em><\/p>\n<p style=\"text-align: left;\">Estaba cerca de mi lugar de trabajo. Solo deb\u00eda cruzar la calle y doblar a la derecha. \u00a0Al pasar de un lado a otro, un taxi baj\u00f3 la velocidad. El conductor comenz\u00f3 a decir cosas. No deb\u00eda prestar atenci\u00f3n, solo caminar m\u00e1s r\u00e1pido. Quiz\u00e1s las personas en el paradero ayudar\u00edan, o \u00e9l se aburrir\u00eda r\u00e1pido y no escuchar\u00eda m\u00e1s sus sucios \u201cpiropos\u201d. Al percatarse de que no le \u201cparabas bolas\u201d, apag\u00f3 el motor y se baj\u00f3. Sent\u00eda sus pisadas detr\u00e1s de m\u00ed. De un momento a otro me agarr\u00f3 del brazo. Comenc\u00e9 a gritar.<\/p>\n<p style=\"text-align: left;\">Los hombres que estaban cerca se alertaron y, aunque el sujeto dec\u00eda que el deb\u00eda a llevarme a otro lugar con mi familia, ellos no le creyeron por mis s\u00faplicas. Los transe\u00fantes, al entender que quer\u00eda hacerme da\u00f1o, comenzaron a golpearlo. Aunque no estuve de acuerdo con ello, no presione. Me despert\u00e9 con el Cristo en la boca. Afortunadamente hab\u00eda sido un sue\u00f1o. Pero no podr\u00edan decir lo mismo las mujeres que recientemente hab\u00edan sufrido agresiones, violaciones y acoso.<\/p>\n<p>El panorama es desalentador. Solo hasta el 21 de enero de 2021, seg\u00fan el observatorio de violencia de la <a href=\"https:\/\/twitter.com\/FeminicidiosCol\">Fundaci\u00f3n Feminicidios Colombia<\/a>, se registraron al menos 20 feminicidios, 3 tentativas de feminicidio y 15 casos est\u00e1n en verificaci\u00f3n; 3 de estos fueron contra ni\u00f1as y adolescentes.<\/p>\n<p>Y si analizamos las cifras del a\u00f1o anterior, tampoco fueron buenas. De acuerdo con la misma entidad, en el pa\u00eds se presentaron 227 casos de feminicidios y 33 de ellos fueron contra de ni\u00f1as y adolescentes.<\/p>\n<p>Colombia es un pa\u00eds que, d\u00eda a d\u00eda, se vuelve m\u00e1s peligroso para nosotras las mujeres, en el que el abuso y el acoso no parecen terminar. Un territorio en el que somos familiares o cercanos de personas que han experimentado abuso y acoso.<\/p>\n<p>Un lugar donde, a pesar de conocer de cerca este tipo de actos, nos burlamos cuando una chica desaparece, la culpamos de su propia muerte e incluso menospreciamos estas situaciones.<\/p>\n<p>Un pa\u00eds donde, por miedo a las represalias o al qu\u00e9 dir\u00e1n, son pocas las mujeres que denuncian este tipo de actos cuando ocurren dentro de su familia. Un territorio en el que los medios de comunicaci\u00f3n, en vez de informar, generan desinformaci\u00f3n con sus titulares machistas y amarillistas. Donde hasta para dar tu opini\u00f3n pones en riesgo tu vida y la de los tuyos.<\/p>\n<p>\u00bfHemos naturalizado situaciones que no deb\u00edan serlo? \u00bfEstamos siendo indiferentes con los abusos, acosos y desapariciones? \u00bfSer\u00e1 que hemos perdido nuestra humanidad? De lo \u00fanico que estoy segura es que no deseo que me pase a m\u00ed; y si sucede, solo quiero me busquen hasta encontrarme y no piensen o digan: \u201cse fue con el marido\u201d. Y cuando me encuentren no pregunten d\u00f3nde fui hallada, sino que se regocijen por haber aparecido. Tampoco quiero que, si me violan o \u201cpiropean\u201d en la calle, digan \u201cella se lo busc\u00f3 porque tra\u00eda esa ropa\u201d, o traten de defender a quien es el culpable.<\/p>\n<p><strong><em>*<\/em><\/strong><em><strong>Isabel Juliao Arnedo\u00a0<\/strong><\/em><em>es\u00a0comunicadora social con \u00e9nfasis en Medios Digitales de la Universidad de la Costa; apasionada por los libros, el baile y las tradiciones.\u00a0S\u00edguela en\u00a0Instagram:\u00a0<a href=\"https:\/\/instagram.com\/isabeljuliaoa?igshid=e3m7t5mt2lrs\">@isabeljuliaoa<\/a><\/em><\/p>\n","protected":false},"excerpt":{"rendered":"<p>El panorama es desalentador. Solo hasta el 21 de enero de 2021, seg\u00fan el observatorio de violencia de la Fundaci\u00f3n Feminicidios Colombia, se registraron al menos 20 feminicidios, 3 tentativas de feminicidio y 15 casos est\u00e1n en verificaci\u00f3n; 3 de estos fueron contra ni\u00f1as y adolescentes.<\/p>\n<p>Y si analizamos las cifras del a\u00f1o anterior, tampoco fueron buenas. De acuerdo con la misma entidad, en el pa\u00eds se presentaron 227 casos de feminicidios y 33 de ellos fueron contra de ni\u00f1as y adolescentes.<\/p>\n","protected":false},"author":1,"featured_media":3943,"comment_status":"open","ping_status":"open","sticky":false,"template":"","format":"standard","meta":{"footnotes":""},"categories":[64,163,973,235],"tags":[2130,2131,2160,1983,1637,2129,1984,974,379,2132],"class_list":["post-3941","post","type-post","status-publish","format-standard","has-post-thumbnail","hentry","category-cultura","category-educacion","category-mujer","category-opinion","tag-abuso","tag-acoso","tag-columnistas","tag-el-escaparate","tag-feminicidio","tag-fundacion-feminicidios-colombia","tag-isabel-juliao-arnedo","tag-mujer","tag-violencia-contra-la-mujer","tag-violencia-de-genero"],"_links":{"self":[{"href":"https:\/\/contrastes.com.co\/digital\/wp-json\/wp\/v2\/posts\/3941","targetHints":{"allow":["GET"]}}],"collection":[{"href":"https:\/\/contrastes.com.co\/digital\/wp-json\/wp\/v2\/posts"}],"about":[{"href":"https:\/\/contrastes.com.co\/digital\/wp-json\/wp\/v2\/types\/post"}],"author":[{"embeddable":true,"href":"https:\/\/contrastes.com.co\/digital\/wp-json\/wp\/v2\/users\/1"}],"replies":[{"embeddable":true,"href":"https:\/\/contrastes.com.co\/digital\/wp-json\/wp\/v2\/comments?post=3941"}],"version-history":[{"count":11,"href":"https:\/\/contrastes.com.co\/digital\/wp-json\/wp\/v2\/posts\/3941\/revisions"}],"predecessor-version":[{"id":4007,"href":"https:\/\/contrastes.com.co\/digital\/wp-json\/wp\/v2\/posts\/3941\/revisions\/4007"}],"wp:featuredmedia":[{"embeddable":true,"href":"https:\/\/contrastes.com.co\/digital\/wp-json\/wp\/v2\/media\/3943"}],"wp:attachment":[{"href":"https:\/\/contrastes.com.co\/digital\/wp-json\/wp\/v2\/media?parent=3941"}],"wp:term":[{"taxonomy":"category","embeddable":true,"href":"https:\/\/contrastes.com.co\/digital\/wp-json\/wp\/v2\/categories?post=3941"},{"taxonomy":"post_tag","embeddable":true,"href":"https:\/\/contrastes.com.co\/digital\/wp-json\/wp\/v2\/tags?post=3941"}],"curies":[{"name":"wp","href":"https:\/\/api.w.org\/{rel}","templated":true}]}}