{"id":4129,"date":"2021-02-10T13:03:27","date_gmt":"2021-02-10T18:03:27","guid":{"rendered":"https:\/\/contrastes.com.co\/digital\/?p=4129"},"modified":"2021-02-10T16:30:06","modified_gmt":"2021-02-10T21:30:06","slug":"personas-con-discapacidad-podran-agilizar-proceso-para-obtener-tarjeta-militar","status":"publish","type":"post","link":"https:\/\/contrastes.com.co\/digital\/personas-con-discapacidad-podran-agilizar-proceso-para-obtener-tarjeta-militar\/","title":{"rendered":"Personas con discapacidad podr\u00e1n agilizar proceso para obtener tarjeta militar"},"content":{"rendered":"<p style=\"text-align: center;\"><strong><em>El pacto para la inclusi\u00f3n permitir\u00e1 brindar m\u00e1s oportunidades para el acceso a la educaci\u00f3n. Durante el 2020, se entregaron 278 tarjetas militares a trav\u00e9s de jornadas de atenci\u00f3n especial. Para este a\u00f1o se busca duplicar la cifra.<\/em><\/strong><\/p>\n<p><strong>Bogot\u00e1, D.C.-<\/strong> Con el fin de agilizar el proceso para la obtenci\u00f3n de la tarjeta militar, por parte de personas con discapacidad, el Ej\u00e9rcito Nacional, la Vicepresidencia de la Rep\u00fablica y la Consejer\u00eda Presidencial para la Participaci\u00f3n de Personas con Discapacidad, firmaron este martes un pacto por la inclusi\u00f3n y atenci\u00f3n de las personas con discapacidad.<\/p>\n<p>El objetivo es darles m\u00e1s oportunidades a las personas con discapacidad y que puedan tener acceso a educaci\u00f3n sin ning\u00fan obst\u00e1culo. \u201cLa iniciativa de nuestro consejero Presidencial para la Participaci\u00f3n de las Personas con Discapacidad, <strong>Jairo Clopatofsky Ghisays<\/strong>, que firmamos hoy con el Ej\u00e9rcito Nacional, deja en claro que la poblaci\u00f3n podr\u00e1 agilizar este tr\u00e1mite sin mayores dificultades, adem\u00e1s de que quedan exentas de la cuota de compensaci\u00f3n militar, cuando son exoneradas de la prestaci\u00f3n del servicio\u201d, destac\u00f3 la vicepresidente <strong>Marta Luc\u00eda Ram\u00edrez<\/strong>.<\/p>\n<p>De esta manera, se\u00f1al\u00f3, se abre tambi\u00e9n un abanico de oportunidades. \u201cLa tarjeta militar les permitir\u00e1 incorporarse a su actividad de educaci\u00f3n superior, al mundo laboral, y as\u00ed tener una vida productiva. Debemos entender que la discapacidad tiene muchas formas: puede ser auditiva, f\u00edsica, visual, y es necesario aprender a ser incluyentes\u201d, anot\u00f3.<\/p>\n<p>Por su parte, el Consejero Presidencial para la Participaci\u00f3n de las Personas con Discapacidad, Jairo Clopatofsky Ghisays, afirm\u00f3 que una de las metas desde la Consejer\u00eda es trabajar por la pol\u00edtica p\u00fablica en todo el territorio nacional y as\u00ed mismo fortalecer el Sistema Nacional de Discapacidad. \u201cContinuaremos impulsando estrategias para seguir trabajando por nuestra poblaci\u00f3n con discapacidad y lograr la inclusi\u00f3n, para que m\u00e1s j\u00f3venes cumplan con el sue\u00f1o y la ilusi\u00f3n de continuar con sus carreras profesionales, gracias a iniciativas como esta\u201d, afirm\u00f3.<\/p>\n<p>As\u00ed mismo, el Jefe de Estado Mayor Generador de Fuerza, <strong>general Germ\u00e1n L\u00f3pez Guerrero<\/strong>, afirm\u00f3 que est\u00e1n listos para seguir avanzando en inclusi\u00f3n. \u201cNos comprometemos a implementar acciones en conjunto para el desarrollo de la Estrategia para el Fortalecimiento del Sistema Nacional de Discapacidad, en especial aquellas acciones encaminadas a la inscripci\u00f3n y definici\u00f3n de situaci\u00f3n militar como reservistas de segunda, y as\u00ed puedan definir su situaci\u00f3n militar\u201d, dijo.<\/p>\n<p>Este pacto tambi\u00e9n promueve jornadas preparatorias y actividades de entrega de tarjetas militares digitales para las personas con discapacidad, de manera que no se vean expuestas a desplazamientos. Durante el evento tambi\u00e9n se cont\u00f3 con la participaci\u00f3n del Comandante de Reclutamiento y Control Reservas, <strong>general John Arturo S\u00e1nchez Pe\u00f1a. <\/strong><\/p>\n<p>Estas acciones hacen parte del Plan Nacional de Desarrollo &#8211; Pacto 13 \u201cInclusi\u00f3n de las Personas con Discapacidad\u201d. Durante el 2020, a trav\u00e9s de jornadas de atenci\u00f3n especial a personas con discapacidad, se entregaron 278 tarjetas militares. Para este a\u00f1o, se busca duplicar la cifra.<\/p>\n<h5><strong>Otros compromisos del Pacto<\/strong><\/h5>\n<p>El Pacto para la inclusi\u00f3n tambi\u00e9n establece actualizar y difundir la informaci\u00f3n, clara, precisa y accesible para que las personas con discapacidad, sus familiares y cuidadores conozcan los procesos, requisitos, documentos enmarcados en la Ley 1861 de 2017 y sus normas reglamentarias.<\/p>\n<p>As\u00ed mismo, busca fortalecer la participaci\u00f3n de las organizaciones sociales de personas con discapacidad, en articulaci\u00f3n con el trabajo social y comunitario del Ej\u00e9rcito. Tambi\u00e9n, fomentar un lenguaje Incluyente, difundir el manual de expresiones dignas y realizar la adopci\u00f3n de medidas de inclusi\u00f3n, accesibilidad universal, acciones afirmativas, ajustes razonables y la eliminaci\u00f3n de toda forma de discriminaci\u00f3n por raz\u00f3n de la discapacidad.<\/p>\n<p><em>Prensa Vicepresidencia de la Rep\u00fablica<\/em><\/p>\n","protected":false},"excerpt":{"rendered":"<p>Bogot\u00e1, D.C.- Con el fin de agilizar el proceso para la obtenci\u00f3n de la tarjeta militar, por parte de personas con discapacidad, el Ej\u00e9rcito Nacional, la Vicepresidencia de la Rep\u00fablica y la Consejer\u00eda Presidencial para la Participaci\u00f3n de Personas con Discapacidad, firmaron este martes un pacto por la inclusi\u00f3n y atenci\u00f3n de las personas con discapacidad.<\/p>\n<p>El objetivo es darles m\u00e1s oportunidades a las personas con discapacidad y que puedan tener acceso a educaci\u00f3n sin ning\u00fan obst\u00e1culo.<\/p>\n","protected":false},"author":1,"featured_media":4131,"comment_status":"open","ping_status":"open","sticky":false,"template":"","format":"standard","meta":{"footnotes":""},"categories":[756,163,4],"tags":[2324,2320,2321,2326,2325,2322,673,2323,2327,558],"class_list":["post-4129","post","type-post","status-publish","format-standard","has-post-thumbnail","hentry","category-comunidad","category-educacion","category-pais","tag-general-german-lopez-guerrero","tag-general-john-arturo-sanchez-pena","tag-inclusion","tag-jairo-clopatofsky-ghisays","tag-marta-lucia-ramirez","tag-pacto-13","tag-personas-con-discapacidad","tag-plan-nacional-de-desarrollo","tag-tarjeta-militar","tag-vicepresidencia-de-la-republica"],"_links":{"self":[{"href":"https:\/\/contrastes.com.co\/digital\/wp-json\/wp\/v2\/posts\/4129","targetHints":{"allow":["GET"]}}],"collection":[{"href":"https:\/\/contrastes.com.co\/digital\/wp-json\/wp\/v2\/posts"}],"about":[{"href":"https:\/\/contrastes.com.co\/digital\/wp-json\/wp\/v2\/types\/post"}],"author":[{"embeddable":true,"href":"https:\/\/contrastes.com.co\/digital\/wp-json\/wp\/v2\/users\/1"}],"replies":[{"embeddable":true,"href":"https:\/\/contrastes.com.co\/digital\/wp-json\/wp\/v2\/comments?post=4129"}],"version-history":[{"count":4,"href":"https:\/\/contrastes.com.co\/digital\/wp-json\/wp\/v2\/posts\/4129\/revisions"}],"predecessor-version":[{"id":4134,"href":"https:\/\/contrastes.com.co\/digital\/wp-json\/wp\/v2\/posts\/4129\/revisions\/4134"}],"wp:featuredmedia":[{"embeddable":true,"href":"https:\/\/contrastes.com.co\/digital\/wp-json\/wp\/v2\/media\/4131"}],"wp:attachment":[{"href":"https:\/\/contrastes.com.co\/digital\/wp-json\/wp\/v2\/media?parent=4129"}],"wp:term":[{"taxonomy":"category","embeddable":true,"href":"https:\/\/contrastes.com.co\/digital\/wp-json\/wp\/v2\/categories?post=4129"},{"taxonomy":"post_tag","embeddable":true,"href":"https:\/\/contrastes.com.co\/digital\/wp-json\/wp\/v2\/tags?post=4129"}],"curies":[{"name":"wp","href":"https:\/\/api.w.org\/{rel}","templated":true}]}}