{"id":4169,"date":"2021-02-10T14:25:48","date_gmt":"2021-02-10T19:25:48","guid":{"rendered":"https:\/\/contrastes.com.co\/digital\/?p=4169"},"modified":"2021-02-11T17:29:59","modified_gmt":"2021-02-11T22:29:59","slug":"personero-de-soledad-pide-mas-contundencia-a-las-autoridades-frente-a-las-fiestas-de-carnaval","status":"publish","type":"post","link":"https:\/\/contrastes.com.co\/digital\/personero-de-soledad-pide-mas-contundencia-a-las-autoridades-frente-a-las-fiestas-de-carnaval\/","title":{"rendered":"Personero de Soledad pide m\u00e1s contundencia a las autoridades frente a las fiestas de Carnaval \u00a0"},"content":{"rendered":"<p style=\"text-align: center;\"><strong><em>El funcionario solicit\u00f3 m\u00e1s rigurosidad y contundencia en los operativos de la Polic\u00eda, para evitar que se celebren eventos de Carnaval durante este fin de semana.<\/em><\/strong><\/p>\n<p>Debido a las diferentes publicaciones en las redes sociales sobre algunas fiestas realizadas en barrios de Soledad, el caso concreto de El Ferrocarril, el personero municipal, <strong>Aristarco Romero Meri\u00f1o<\/strong>, ha solicitado a la <a href=\"https:\/\/www.policia.gov.co\/\">Polic\u00eda Nacional<\/a> y las dem\u00e1s autoridades, mayor rigurosidad e incremento en los operativos en el fin de semana que se aproxima, con ocasi\u00f3n de celebrarse el Carnaval.<\/p>\n<p>El funcionario record\u00f3 que est\u00e1 prohibida la celebraci\u00f3n de eventos, bailes y conciertos en el municipio. Y considera como una absoluta irresponsabilidad de la ciudadan\u00eda que particip\u00f3 en estas fiestas Covid, al no acatar las medidas de las autoridades y propiciar un espacio para la propagaci\u00f3n del virus, tal y como se pudo apreciar en los v\u00eddeos que fueron difundidos en d\u00edas previos, donde no hubo distanciamiento f\u00edsico y ni uso de tapabocas.<\/p>\n<p>\u00abNuevamente hacemos el llamado a los habitantes del municipio de Soledad, para que no participen de estas actividades y denuncien las mismas en las l\u00edneas habilitadas por la Polic\u00eda Nacional. Esto es cuesti\u00f3n de vida, el llamado es a la sensatez y a sensibilizar a todos, para que entendamos que no estamos para fiestas\u00bb, expres\u00f3 Romero Meri\u00f1o, representante del Ministerio P\u00fablico en Soledad.<\/p>\n<p><em>Prensa Personer\u00eda de Soledad<\/em><\/p>\n","protected":false},"excerpt":{"rendered":"<p>Debido a las diferentes publicaciones en las redes sociales sobre algunas fiestas realizadas en barrios de Soledad, el caso concreto de El Ferrocarril, el personero municipal, Aristarco Romero Meri\u00f1o, ha solicitado a la Polic\u00eda Nacional y las dem\u00e1s autoridades, mayor rigurosidad e incremento en los operativos en el fin de semana que se aproxima, con ocasi\u00f3n de celebrarse el Carnaval.<\/p>\n","protected":false},"author":1,"featured_media":4171,"comment_status":"open","ping_status":"open","sticky":false,"template":"","format":"standard","meta":{"footnotes":""},"categories":[1769,64,10,2,998],"tags":[1288,1840,2364,134,2083,129,24],"class_list":["post-4169","post","type-post","status-publish","format-standard","has-post-thumbnail","hentry","category-carnaval","category-cultura","category-judicial","category-locales","category-seguridad-ciudadana","tag-aristarco-romero-merino","tag-carnaval-de-soledad","tag-el-ferrocarril","tag-operativos","tag-personeria-de-soledad","tag-policia-nacional","tag-soledad"],"_links":{"self":[{"href":"https:\/\/contrastes.com.co\/digital\/wp-json\/wp\/v2\/posts\/4169","targetHints":{"allow":["GET"]}}],"collection":[{"href":"https:\/\/contrastes.com.co\/digital\/wp-json\/wp\/v2\/posts"}],"about":[{"href":"https:\/\/contrastes.com.co\/digital\/wp-json\/wp\/v2\/types\/post"}],"author":[{"embeddable":true,"href":"https:\/\/contrastes.com.co\/digital\/wp-json\/wp\/v2\/users\/1"}],"replies":[{"embeddable":true,"href":"https:\/\/contrastes.com.co\/digital\/wp-json\/wp\/v2\/comments?post=4169"}],"version-history":[{"count":1,"href":"https:\/\/contrastes.com.co\/digital\/wp-json\/wp\/v2\/posts\/4169\/revisions"}],"predecessor-version":[{"id":4170,"href":"https:\/\/contrastes.com.co\/digital\/wp-json\/wp\/v2\/posts\/4169\/revisions\/4170"}],"wp:featuredmedia":[{"embeddable":true,"href":"https:\/\/contrastes.com.co\/digital\/wp-json\/wp\/v2\/media\/4171"}],"wp:attachment":[{"href":"https:\/\/contrastes.com.co\/digital\/wp-json\/wp\/v2\/media?parent=4169"}],"wp:term":[{"taxonomy":"category","embeddable":true,"href":"https:\/\/contrastes.com.co\/digital\/wp-json\/wp\/v2\/categories?post=4169"},{"taxonomy":"post_tag","embeddable":true,"href":"https:\/\/contrastes.com.co\/digital\/wp-json\/wp\/v2\/tags?post=4169"}],"curies":[{"name":"wp","href":"https:\/\/api.w.org\/{rel}","templated":true}]}}