{"id":4184,"date":"2021-02-12T14:32:19","date_gmt":"2021-02-12T19:32:19","guid":{"rendered":"https:\/\/contrastes.com.co\/digital\/?p=4184"},"modified":"2021-02-12T17:04:21","modified_gmt":"2021-02-12T22:04:21","slug":"este-fin-de-semana-no-tenemos-nada-que-celebrar-rodolfo-ucros","status":"publish","type":"post","link":"https:\/\/contrastes.com.co\/digital\/este-fin-de-semana-no-tenemos-nada-que-celebrar-rodolfo-ucros\/","title":{"rendered":"\u201cEste fin de semana no tenemos nada que celebrar\u201d: Rodolfo Ucr\u00f3s"},"content":{"rendered":"<p style=\"text-align: center;\"><strong><em>El alcalde de Soledad record\u00f3 que el toque de queda y la ley seca comienzan a regir desde hoy viernes, 12 de febrero, a partir de las 7 de la noche hasta las 5 de la ma\u00f1ana del s\u00e1bado.<\/em><\/strong><\/p>\n<p><strong>Soledad.-<\/strong> Un llamado especial a los solede\u00f1os hizo el alcalde <strong>Rodolfo Ucr\u00f3s Rosales,<\/strong> para que sean m\u00e1s disciplinados durante estos 3 d\u00edas de Carnaval virtual, cuando de nuevo entra en vigencia el Decreto Departamental n\u00famero 057 del 4 de febrero, que estableci\u00f3 tres fines de semana seguidos de toque de queda y ley seca.<\/p>\n<p>Dicha disposici\u00f3n fue expedida por la gobernadora del Atl\u00e1ntico, <strong>Elsa Noguera De la Espriella<\/strong>, en acuerdo con los alcaldes municipales y busca disminuir el n\u00famero de contagiados durante la pandemia por Covid-19.<\/p>\n<p>\u201cYa hemos venido reduciendo las cifras de sancionados, lo que demuestra que los habitantes de este ente territorial han entrado en disciplina, pero podemos seguir descendiendo esas cifras, podemos demostrar que somos m\u00e1s disciplinados\u201d, enfatiz\u00f3 el mandatario municipal.<\/p>\n<p>\u201cMitigar el virus del Covid-19 contin\u00faa siendo responsabilidad de cada uno de los habitantes del municipio de Soledad. Por ello, hacemos un llamado a los ciudadanos para que acojan las medidas de toque de queda y ley seca\u201d, agreg\u00f3.<\/p>\n<p>\u201cRealmente no tenemos nada que celebrar en este fin de semana. Tradicionalmente, es decir, cuando no ten\u00edamos la pandemia del Covid-19, disfrut\u00e1bamos en familia y con los amigos en espacios p\u00fablicos. En esta ocasi\u00f3n, el llamado es a evitar las reuniones sociales y as\u00ed continuar disminuyendo los contagios por el virus\u201d, insisti\u00f3.<\/p>\n<p>Para este fin de semana, <strong>el toque de queda y la ley seca comienzan a regir desde hoy viernes, 12 de febrero, a partir de las 7:00 de la noche hasta las 5:00 de la ma\u00f1ana de este s\u00e1bado, 13 de febrero.<\/strong><\/p>\n<p>Luego se retoma a partir de ma\u00f1ana s\u00e1bado, 13 de febrero, a las 2:00 de la tarde hasta las 5:00 de la ma\u00f1ana del domingo 14 de febrero; y, por \u00faltimo, se retoma desde las 2:00 de la tarde del domingo 14 de febrero hasta el lunes 15 de febrero a las 5:00 de la ma\u00f1ana. En otras palabras, el toque de queda y la ley seca se inician el s\u00e1bado y el domingo a las 2:00 de la tarde.<\/p>\n<p>Funcionarios de la Secretar\u00eda Municipal de Gobierno, con el acompa\u00f1amiento de la Comandancia de la Polic\u00eda Distrito 6, el Batall\u00f3n de Polic\u00eda Militar de Barranquilla, la Armada Nacional, la Fuerza A\u00e9rea y el Instituto de Tr\u00e1nsito y Transporte de Soledad, realizar\u00e1n los operativos de control en los barrios para el cumplimiento de las mencionadas normas restrictivas.<\/p>\n<p>Se continuar\u00e1 con la estrategia pedag\u00f3gica que lidera la Secretar\u00eda de Gobierno Municipal, que consiste en dialogar con la comunidad, en sus casas y en los locales comerciales, sobre las medidas para prevenir el Covid-19 y la importancia de acatar el decreto departamental. Esta estrategia se implementa antes de que entren en vigencia el toque de queda y la ley seca.<\/p>\n<p><em>Prensa <a href=\"http:\/\/www.soledad-atlantico.gov.co\/\">Alcald\u00eda de Soledad<\/a><\/em><\/p>\n","protected":false},"excerpt":{"rendered":"<p>El alcalde de Soledad record\u00f3 que el toque de queda y la ley seca comienzan a regir desde hoy viernes, 12 de febrero, a partir de las 7 de la noche hasta las 5 de la ma\u00f1ana del s\u00e1bado.<\/p>\n<p>Soledad.- Un llamado especial a los solede\u00f1os hizo el alcalde Rodolfo Ucr\u00f3s Rosales, para que sean m\u00e1s disciplinados durante estos 3 d\u00edas de Carnaval virtual, cuando de nuevo entra en vigencia el Decreto Departamental n\u00famero 057 del 4 de febrero, que estableci\u00f3 tres fines de semana seguidos de toque de queda y ley seca.<\/p>\n","protected":false},"author":1,"featured_media":4186,"comment_status":"open","ping_status":"open","sticky":false,"template":"","format":"standard","meta":{"footnotes":""},"categories":[1769,756,70,2],"tags":[35,2000,31,519,1848,24,215],"class_list":["post-4184","post","type-post","status-publish","format-standard","has-post-thumbnail","hentry","category-carnaval","category-comunidad","category-coronavirus","category-locales","tag-alcaldia-de-soledad","tag-carnaval","tag-elsa-noguera","tag-ley-seca","tag-rodolfo-ucros-rosales","tag-soledad","tag-toque-de-queda"],"_links":{"self":[{"href":"https:\/\/contrastes.com.co\/digital\/wp-json\/wp\/v2\/posts\/4184","targetHints":{"allow":["GET"]}}],"collection":[{"href":"https:\/\/contrastes.com.co\/digital\/wp-json\/wp\/v2\/posts"}],"about":[{"href":"https:\/\/contrastes.com.co\/digital\/wp-json\/wp\/v2\/types\/post"}],"author":[{"embeddable":true,"href":"https:\/\/contrastes.com.co\/digital\/wp-json\/wp\/v2\/users\/1"}],"replies":[{"embeddable":true,"href":"https:\/\/contrastes.com.co\/digital\/wp-json\/wp\/v2\/comments?post=4184"}],"version-history":[{"count":3,"href":"https:\/\/contrastes.com.co\/digital\/wp-json\/wp\/v2\/posts\/4184\/revisions"}],"predecessor-version":[{"id":4188,"href":"https:\/\/contrastes.com.co\/digital\/wp-json\/wp\/v2\/posts\/4184\/revisions\/4188"}],"wp:featuredmedia":[{"embeddable":true,"href":"https:\/\/contrastes.com.co\/digital\/wp-json\/wp\/v2\/media\/4186"}],"wp:attachment":[{"href":"https:\/\/contrastes.com.co\/digital\/wp-json\/wp\/v2\/media?parent=4184"}],"wp:term":[{"taxonomy":"category","embeddable":true,"href":"https:\/\/contrastes.com.co\/digital\/wp-json\/wp\/v2\/categories?post=4184"},{"taxonomy":"post_tag","embeddable":true,"href":"https:\/\/contrastes.com.co\/digital\/wp-json\/wp\/v2\/tags?post=4184"}],"curies":[{"name":"wp","href":"https:\/\/api.w.org\/{rel}","templated":true}]}}