{"id":4358,"date":"2021-02-18T16:24:01","date_gmt":"2021-02-18T21:24:01","guid":{"rendered":"https:\/\/contrastes.com.co\/digital\/?p=4358"},"modified":"2021-02-21T15:35:54","modified_gmt":"2021-02-21T20:35:54","slug":"personal-medico-del-cari-primero-en-recibir-vacuna-contra-covid-19-en-el-atlantico","status":"publish","type":"post","link":"https:\/\/contrastes.com.co\/digital\/personal-medico-del-cari-primero-en-recibir-vacuna-contra-covid-19-en-el-atlantico\/","title":{"rendered":"Personal m\u00e9dico del Cari, primero en recibir vacuna contra Covid-19 en el Atl\u00e1ntico"},"content":{"rendered":"<p style=\"text-align: center;\"><strong><em>Dayana Hern\u00e1ndez, auxiliar de enfermer\u00eda del hospital, fue la primera en recibir la vacuna. Un total de 564 vacunas llegaron en la primera etapa del Plan de Vacunaci\u00f3n para el departamento. Las pr\u00f3ximas jornadas ser\u00e1n en Puerto Colombia, Soledad, Baranoa y Sabanalarga.<\/em><\/strong><\/p>\n<p><strong>Barranquilla.-<\/strong> Trabajar en el centro especializado para la atenci\u00f3n de pacientes con Coronavirus, <a href=\"http:\/\/www.esecariatlantico.gov.co\/\">Cari<\/a>, fue una oferta que lleg\u00f3 en el momento m\u00e1s crucial de la pandemia en el Atl\u00e1ntico para <strong>Dayana Hern\u00e1ndez<\/strong>, auxiliar de enfermer\u00eda, quien hoy se convierte en la primera persona del cuerpo m\u00e9dico de la Red Hospitalaria del Atl\u00e1ntico en recibir la vacuna contra el Covid-19.<\/p>\n<p>\u00abCuando me enter\u00e9 que iba a ser la primera en recibir la vacuna sent\u00ed muchos nervios, pero a la vez sent\u00ed un alivio. Me gener\u00f3 tranquilidad y considero que es un privilegio ser una de las primeras personas en vacunarse y ser un ejemplo para la comunidad. Mi consejo a todas las personas es que se vacunen. S\u00e9 que muchos tienen dudas, pero es mejor estar protegidos que caer en una cama y puede que no se salven\u00bb, sostiene.<\/p>\n<p>Una vez se inici\u00f3 la operaci\u00f3n del centro asistencial en el mes de junio de 2020, la joven de 25 a\u00f1os empez\u00f3 labores sin saber a qu\u00e9 se enfrentar\u00eda.<\/p>\n<p>Siempre supo lo que quer\u00eda ser, porque servir es su vocaci\u00f3n. Sin embargo, una situaci\u00f3n de salud de su hijo de 4 a\u00f1os de edad, la hizo dudar de si deb\u00eda continuar o no al frente de la atenci\u00f3n de los pacientes con Coronavirus, pero su convicci\u00f3n la mantuvo segura y decidida a cuidar con su vida a pacientes y a su peque\u00f1o Alan Samuel.<\/p>\n<p>Aunque se expone al riesgo de manera permanente, por el contacto directo con sus pacientes, hasta ahora no ha contra\u00eddo el virus, ni los miembros de su familia.<\/p>\n<p>\u00abTengo contacto casi que a diario con todos los pacientes positivos y sospechosos, me he realizado pruebas cada mes y todas han salido negativas\u00bb, agreg\u00f3.<\/p>\n<p>Dayana Hern\u00e1ndez cumple turnos de 12 horas continuas, unas veces de d\u00eda y otras de noche; y descansa dos veces a la semana, tiempo que emplea para compartir en familia y realizar diligencias personales.<\/p>\n<p style=\"text-align: center;\"><img loading=\"lazy\" decoding=\"async\" class=\"alignleft size-full wp-image-4361\" src=\"https:\/\/contrastes.com.co\/digital\/wp-content\/uploads\/2021\/02\/vacunaci\u00f3n-covid-19-Soledad-1.jpg\" alt=\"\" width=\"1280\" height=\"816\" srcset=\"https:\/\/contrastes.com.co\/digital\/wp-content\/uploads\/2021\/02\/vacunaci\u00f3n-covid-19-Soledad-1.jpg 1280w, https:\/\/contrastes.com.co\/digital\/wp-content\/uploads\/2021\/02\/vacunaci\u00f3n-covid-19-Soledad-1-300x191.jpg 300w, https:\/\/contrastes.com.co\/digital\/wp-content\/uploads\/2021\/02\/vacunaci\u00f3n-covid-19-Soledad-1-1024x653.jpg 1024w, https:\/\/contrastes.com.co\/digital\/wp-content\/uploads\/2021\/02\/vacunaci\u00f3n-covid-19-Soledad-1-768x490.jpg 768w, https:\/\/contrastes.com.co\/digital\/wp-content\/uploads\/2021\/02\/vacunaci\u00f3n-covid-19-Soledad-1-94x60.jpg 94w\" sizes=\"auto, (max-width: 1280px) 100vw, 1280px\" \/><\/p>\n<p>&nbsp;<\/p>\n<p>Relat\u00f3 que la experiencia que ha vivido en el <a href=\"http:\/\/www.esecariatlantico.gov.co\/\">Cari<\/a> ha marcado su vida, tanto que es consciente de la necesidad de vacunar a las personas para controlar el virus y retornar a la normalidad. Cuenta que no ha sido f\u00e1cil despedir a pacientes que ingresan con la esperanza de regresar pronto a casa y que hoy ya no est\u00e1n.<\/p>\n<p>\u00abHa sido una experiencia dolorosa. Muchas veces me ha tocado recibir pacientes que llegan con dificultad respiratoria, llegan desaturados pidi\u00e9ndonos ayuda y nosotros damos lo mejor para ayudarlos y que puedan salir adelante. Es muy duro tener que regresar en un pr\u00f3ximo turno y saber que el paciente ya no est\u00e1 porque ha fallecido o, en su defecto, que el paciente fallezca en mi propio turno. Eso ha sido una de las cosas m\u00e1s dolorosas que me ha tocado vivir; ver morir pacientes a diario no es f\u00e1cil. Mi recomendaci\u00f3n para todos es vacunarse\u00bb, indic\u00f3.<\/p>\n<p>Sus pacientes la esperan en cada turno, porque su fortaleza y optimismo les hace pensar que el Coronavirus no los detendr\u00e1 y que a\u00fan existe un camino por recorrer.<\/p>\n<p>Lleg\u00f3 el gran d\u00eda, est\u00e1 tranquila, piensa en su hijo, esposo y madre. Mientras firma el consentimiento informado, cree que la vacuna pudo salvarle la vida a muchos que ya no est\u00e1n y que hoy acepta dar el paso en nombre de ellos, que esperaron y no tuvieron la oportunidad.<\/p>\n<p>\u00abYo nunca he tenido ninguna duda y, si he decidido vacunarme es porque s\u00e9 que es la soluci\u00f3n para todos, para que volvamos a tener una vida normal. Y digo normal entre comillas, porque de esta pandemia hemos aprendido bastante y creo que la forma de vivir de cada uno nos va a cambiar por completo\u00bb, asegur\u00f3.<\/p>\n<p>Dayana envi\u00f3 un mensaje final a la comunidad de seguir cuid\u00e1ndose, cumpliendo de manera estricta las medidas de autocuidado, de usar el tapabocas siempre que est\u00e9 fuera de casa, lavar las manos frecuentemente y guardar la distancia entre las personas.<\/p>\n<h5><strong>Siguientes municipios<\/strong><\/h5>\n<p>El Atl\u00e1ntico est\u00e1 listo para ejecutar el Plan Nacional de Vacunaci\u00f3n con el almacenamiento, distribuci\u00f3n y aplicaci\u00f3n de las dosis que reciba por parte del Gobierno Nacional.<\/p>\n<p>Un total de 564 vacunas llegaron en la primera etapa para el departamento. Las pr\u00f3ximas jornadas ser\u00e1n en Puerto Colombia, Soledad, Baranoa y Sabanalarga<\/p>\n<p><em>Prensa Gobernaci\u00f3n del Atl\u00e1ntico<\/em><\/p>\n","protected":false},"excerpt":{"rendered":"<p>Dayana Hern\u00e1ndez, auxiliar de enfermer\u00eda del hospital, fue la primera en recibir la vacuna. Un total de 564 vacunas llegaron en la primera etapa del Plan de Vacunaci\u00f3n para el departamento. Las pr\u00f3ximas jornadas ser\u00e1n en Puerto Colombia, Soledad, Baranoa y Sabanalarga.<\/p>\n","protected":false},"author":1,"featured_media":4360,"comment_status":"open","ping_status":"open","sticky":false,"template":"","format":"standard","meta":{"footnotes":""},"categories":[70,2,268],"tags":[1951,56,89,466,2510,30,2511,2157,2140,2139,24,1956],"class_list":["post-4358","post","type-post","status-publish","format-standard","has-post-thumbnail","hentry","category-coronavirus","category-locales","category-salud","tag-baranoa","tag-barranquilla","tag-cari","tag-covid-19","tag-dayana-hernandez","tag-gobernacion-del-atlantico","tag-personal-medico","tag-plan-nacional-de-vacunacion","tag-puerto-colombia","tag-sabanalarga","tag-soledad","tag-vacunas"],"_links":{"self":[{"href":"https:\/\/contrastes.com.co\/digital\/wp-json\/wp\/v2\/posts\/4358","targetHints":{"allow":["GET"]}}],"collection":[{"href":"https:\/\/contrastes.com.co\/digital\/wp-json\/wp\/v2\/posts"}],"about":[{"href":"https:\/\/contrastes.com.co\/digital\/wp-json\/wp\/v2\/types\/post"}],"author":[{"embeddable":true,"href":"https:\/\/contrastes.com.co\/digital\/wp-json\/wp\/v2\/users\/1"}],"replies":[{"embeddable":true,"href":"https:\/\/contrastes.com.co\/digital\/wp-json\/wp\/v2\/comments?post=4358"}],"version-history":[{"count":2,"href":"https:\/\/contrastes.com.co\/digital\/wp-json\/wp\/v2\/posts\/4358\/revisions"}],"predecessor-version":[{"id":4362,"href":"https:\/\/contrastes.com.co\/digital\/wp-json\/wp\/v2\/posts\/4358\/revisions\/4362"}],"wp:featuredmedia":[{"embeddable":true,"href":"https:\/\/contrastes.com.co\/digital\/wp-json\/wp\/v2\/media\/4360"}],"wp:attachment":[{"href":"https:\/\/contrastes.com.co\/digital\/wp-json\/wp\/v2\/media?parent=4358"}],"wp:term":[{"taxonomy":"category","embeddable":true,"href":"https:\/\/contrastes.com.co\/digital\/wp-json\/wp\/v2\/categories?post=4358"},{"taxonomy":"post_tag","embeddable":true,"href":"https:\/\/contrastes.com.co\/digital\/wp-json\/wp\/v2\/tags?post=4358"}],"curies":[{"name":"wp","href":"https:\/\/api.w.org\/{rel}","templated":true}]}}