{"id":4522,"date":"2021-02-24T13:42:33","date_gmt":"2021-02-24T18:42:33","guid":{"rendered":"https:\/\/contrastes.com.co\/digital\/?p=4522"},"modified":"2021-02-24T20:22:21","modified_gmt":"2021-02-25T01:22:21","slug":"campana-pedagogica-me-muevo-seguro-llego-al-barrio-los-robles","status":"publish","type":"post","link":"https:\/\/contrastes.com.co\/digital\/campana-pedagogica-me-muevo-seguro-llego-al-barrio-los-robles\/","title":{"rendered":"Campa\u00f1a pedag\u00f3gica \u2018Me muevo seguro\u2019, lleg\u00f3 al barrio Los Robles"},"content":{"rendered":"<p style=\"text-align: center;\"><strong><em>Funcionarios del Instituto de Tr\u00e1nsito y Transporte de Soledad, desarrollaron charlas pedag\u00f3gicas y despejaron dudas entre los ciclistas y motociclistas del sector. Se entregaron kits de bioseguridad y elementos de protecci\u00f3n a 30 ciclistas participantes de la actividad.<\/em><\/strong><\/p>\n<p><strong><em>Soledad.-<\/em><\/strong> Seg\u00fan el Ministerio de Transporte, los actores m\u00e1s vulnerables en la v\u00eda contin\u00faan siendo los motociclistas, seguidos de los ciclistas y los peatones, dejando aproximadamente un 81% de las muertes en accidentes de tr\u00e1nsito.<\/p>\n<p>Uno de los puntos neur\u00e1lgicos de movilidad en el municipio de Soledad, se encuentra en el barrio Los Robles. Por eso, atendiendo el llamado de la comunidad, funcionarios del <a href=\"https:\/\/transitosoledad.gov.co\/\">Instituto de Tr\u00e1nsito y Transporte de Soledad<\/a> se desplazaron hasta este sector, con el fin de realizar la campa\u00f1a \u201cMe muevo seguro\u201d, en la que desarrollaron charlas pedag\u00f3gicas y despejaron dudas.<\/p>\n<p>\u201cEn el <a href=\"https:\/\/transitosoledad.gov.co\/\">Instituto de Tr\u00e1nsito y Transporte de Soledad<\/a> le apostamos a salvar vidas. Por eso, a trav\u00e9s de estas charlas pedag\u00f3gicas queremos que nuestros actores viales se sientan seguros cuando se desplazan por nuestras carreteras\u201d, dijo el alcalde de Soledad, <strong>Rodolfo Ucr\u00f3s Rosales<\/strong>.<\/p>\n<p>Agreg\u00f3 que: \u201cLa Ley 769 del a\u00f1o 2002 del C\u00f3digo Nacional de Tr\u00e1nsito establece, en el art\u00edculo 95, que los ciclistas cuando circulan en horas nocturnas, deben llevar dispositivos en la parte delantera que proyecten luz blanca, y en la parte trasera, que reflecten la luz roja. De no cumplir ser\u00e1n sancionados con un comparendo tipo A, equivalente a una multa de cuatro salarios m\u00ednimos legales diarios vigentes\u201d.<\/p>\n<p style=\"text-align: center;\"><img loading=\"lazy\" decoding=\"async\" class=\"alignleft size-full wp-image-4525\" src=\"https:\/\/contrastes.com.co\/digital\/wp-content\/uploads\/2021\/02\/Campa\u00f1a-Me-muevo-seguro-Tr\u00e1nsito-Soledad-3.jpg\" alt=\"\" width=\"1280\" height=\"853\" srcset=\"https:\/\/contrastes.com.co\/digital\/wp-content\/uploads\/2021\/02\/Campa\u00f1a-Me-muevo-seguro-Tr\u00e1nsito-Soledad-3.jpg 1280w, https:\/\/contrastes.com.co\/digital\/wp-content\/uploads\/2021\/02\/Campa\u00f1a-Me-muevo-seguro-Tr\u00e1nsito-Soledad-3-300x200.jpg 300w, https:\/\/contrastes.com.co\/digital\/wp-content\/uploads\/2021\/02\/Campa\u00f1a-Me-muevo-seguro-Tr\u00e1nsito-Soledad-3-1024x682.jpg 1024w, https:\/\/contrastes.com.co\/digital\/wp-content\/uploads\/2021\/02\/Campa\u00f1a-Me-muevo-seguro-Tr\u00e1nsito-Soledad-3-768x512.jpg 768w, https:\/\/contrastes.com.co\/digital\/wp-content\/uploads\/2021\/02\/Campa\u00f1a-Me-muevo-seguro-Tr\u00e1nsito-Soledad-3-90x60.jpg 90w\" sizes=\"auto, (max-width: 1280px) 100vw, 1280px\" \/><\/p>\n<p>&nbsp;<\/p>\n<p>El jefe operativo del <a href=\"https:\/\/transitosoledad.gov.co\/\">Instituto de Tr\u00e1nsito y Transporte de Soledad<\/a>, <strong>Jorge Mar\u00eda D\u00edaz<\/strong>, se\u00f1al\u00f3 que \u201cla campa\u00f1a \u2018Me muevo seguro\u2019 llega hasta el sector de Los Robles por llamado de la comunidad, para brindarle informaci\u00f3n a los ciclistas y motociclistas sobre los puntos ciegos de los veh\u00edculos\u201d.<\/p>\n<p>Tambi\u00e9n explic\u00f3 que: \u201cA los treinta ciclistas que se acercaron hasta las carpas instaladas en la calle 80 con carrera 23D del barrio Los Robles, les entregamos kits de bioseguridad y elementos de protecci\u00f3n para que cuiden sus vidas y sean visibles ante los dem\u00e1s actores que transitan en las v\u00edas\u201d.<\/p>\n<p>Reinaldo Castrill\u00f3n, quien utiliza diariamente su bicicleta como medio de transporte para dirigirse a su lugar de trabajo, se mostr\u00f3 satisfecho por la realizaci\u00f3n de la actividad.<\/p>\n<p>\u201cMe parece bueno que la <a href=\"http:\/\/www.soledad-atlantico.gov.co\/\">Alcald\u00eda<\/a> y el <a href=\"https:\/\/transitosoledad.gov.co\/\">Tr\u00e1nsito Municipal<\/a> nos tengan en cuenta como ciclistas porque muchas veces, por el d\u00eda a d\u00eda, se nos olvidan las normas. Esto nos recuerda c\u00f3mo debemos preservar nuestras vidas\u201d, afirm\u00f3.<\/p>\n<p>Las campa\u00f1as de formaci\u00f3n vial han permitido que las cifras de accidentalidad se reduzcan en un 39 por ciento durante enero, y hasta los 24 d\u00edas de febrero de este a\u00f1o, en comparaci\u00f3n con el mismo per\u00edodo de los a\u00f1os 2020 y 2019.<\/p>\n<p style=\"text-align: center;\"><img loading=\"lazy\" decoding=\"async\" class=\"alignleft size-full wp-image-4526\" src=\"https:\/\/contrastes.com.co\/digital\/wp-content\/uploads\/2021\/02\/Campa\u00f1a-Me-muevo-seguro-Tr\u00e1nsito-Soledad-1.jpg\" alt=\"\" width=\"1280\" height=\"829\" srcset=\"https:\/\/contrastes.com.co\/digital\/wp-content\/uploads\/2021\/02\/Campa\u00f1a-Me-muevo-seguro-Tr\u00e1nsito-Soledad-1.jpg 1280w, https:\/\/contrastes.com.co\/digital\/wp-content\/uploads\/2021\/02\/Campa\u00f1a-Me-muevo-seguro-Tr\u00e1nsito-Soledad-1-300x194.jpg 300w, https:\/\/contrastes.com.co\/digital\/wp-content\/uploads\/2021\/02\/Campa\u00f1a-Me-muevo-seguro-Tr\u00e1nsito-Soledad-1-1024x663.jpg 1024w, https:\/\/contrastes.com.co\/digital\/wp-content\/uploads\/2021\/02\/Campa\u00f1a-Me-muevo-seguro-Tr\u00e1nsito-Soledad-1-768x497.jpg 768w, https:\/\/contrastes.com.co\/digital\/wp-content\/uploads\/2021\/02\/Campa\u00f1a-Me-muevo-seguro-Tr\u00e1nsito-Soledad-1-93x60.jpg 93w\" sizes=\"auto, (max-width: 1280px) 100vw, 1280px\" \/><\/p>\n<p>&nbsp;<\/p>\n<p><em>Prensa Alcald\u00eda de Soledad<\/em><\/p>\n","protected":false},"excerpt":{"rendered":"<p>Uno de los puntos neur\u00e1lgicos de movilidad en el municipio de Soledad, se encuentra en el barrio Los Robles. Por eso, atendiendo el llamado de la comunidad, funcionarios del Instituto de Tr\u00e1nsito y Transporte de Soledad se desplazaron hasta este sector, con el fin de realizar la campa\u00f1a \u201cMe muevo seguro\u201d, en la que desarrollaron charlas pedag\u00f3gicas y despejaron dudas.<\/p>\n","protected":false},"author":1,"featured_media":4527,"comment_status":"open","ping_status":"open","sticky":false,"template":"","format":"standard","meta":{"footnotes":""},"categories":[2,622,1364],"tags":[35,492,2620,687,2617,2622,2619,2618,1097,2621,1848,1386,24],"class_list":["post-4522","post","type-post","status-publish","format-standard","has-post-thumbnail","hentry","category-locales","category-transporte","category-vias-y-movilidad","tag-alcaldia-de-soledad","tag-campana","tag-ciclistas","tag-instituto-de-transito-y-transporte-de-soledad","tag-jorge-maria-diaz","tag-kits-de-proteccion","tag-los-robles","tag-me-muevo-seguro","tag-ministerio-de-transporte","tag-motociclistas","tag-rodolfo-ucros-rosales","tag-seguridad-vial","tag-soledad"],"_links":{"self":[{"href":"https:\/\/contrastes.com.co\/digital\/wp-json\/wp\/v2\/posts\/4522","targetHints":{"allow":["GET"]}}],"collection":[{"href":"https:\/\/contrastes.com.co\/digital\/wp-json\/wp\/v2\/posts"}],"about":[{"href":"https:\/\/contrastes.com.co\/digital\/wp-json\/wp\/v2\/types\/post"}],"author":[{"embeddable":true,"href":"https:\/\/contrastes.com.co\/digital\/wp-json\/wp\/v2\/users\/1"}],"replies":[{"embeddable":true,"href":"https:\/\/contrastes.com.co\/digital\/wp-json\/wp\/v2\/comments?post=4522"}],"version-history":[{"count":4,"href":"https:\/\/contrastes.com.co\/digital\/wp-json\/wp\/v2\/posts\/4522\/revisions"}],"predecessor-version":[{"id":4529,"href":"https:\/\/contrastes.com.co\/digital\/wp-json\/wp\/v2\/posts\/4522\/revisions\/4529"}],"wp:featuredmedia":[{"embeddable":true,"href":"https:\/\/contrastes.com.co\/digital\/wp-json\/wp\/v2\/media\/4527"}],"wp:attachment":[{"href":"https:\/\/contrastes.com.co\/digital\/wp-json\/wp\/v2\/media?parent=4522"}],"wp:term":[{"taxonomy":"category","embeddable":true,"href":"https:\/\/contrastes.com.co\/digital\/wp-json\/wp\/v2\/categories?post=4522"},{"taxonomy":"post_tag","embeddable":true,"href":"https:\/\/contrastes.com.co\/digital\/wp-json\/wp\/v2\/tags?post=4522"}],"curies":[{"name":"wp","href":"https:\/\/api.w.org\/{rel}","templated":true}]}}