{"id":4670,"date":"2021-03-01T10:55:10","date_gmt":"2021-03-01T15:55:10","guid":{"rendered":"https:\/\/contrastes.com.co\/digital\/?p=4670"},"modified":"2021-03-02T00:48:09","modified_gmt":"2021-03-02T05:48:09","slug":"hoy-inicia-el-xv-carnaval-internacional-de-las-artes","status":"publish","type":"post","link":"https:\/\/contrastes.com.co\/digital\/hoy-inicia-el-xv-carnaval-internacional-de-las-artes\/","title":{"rendered":"Hoy inicia el XV Carnaval Internacional de las Artes"},"content":{"rendered":"<p style=\"text-align: center;\"><strong><em>En el primer d\u00eda del evento, que re\u00fane en Barranquilla a pensadores y creadores del mundo, se inaugurar\u00e1n exposiciones art\u00edsticas y el p\u00fablico podr\u00e1 disfrutar del trabajo de figuras como Flora Mart\u00ednez, Fabiana Cantilo y el chileno Pedro Lemebel.<\/em><\/strong><\/p>\n<p>El mes de marzo inicia con la celebraci\u00f3n cultural que, por d\u00e9cada y media, ha reunido a pensadores y creadores en Barranquilla, el <a href=\"https:\/\/carnavaldelasartes.com\/\">Carnaval Internacional de las Artes<\/a>, que se desarrollar\u00e1 del 1 al 7 de marzo.<\/p>\n<p>En su versi\u00f3n n\u00famero quince, el evento podr\u00e1 verse de forma presencial y virtual, a trav\u00e9s de la p\u00e1gina en <a href=\"https:\/\/www.facebook.com\/carnavalartes\/\">Facebook del Carnaval Internacional de las Artes<\/a> y del canal de <a href=\"https:\/\/www.youtube.com\/channel\/UC8OplhgOuRomkAhqh70pO7w\">Youtube de la Fundaci\u00f3n La Cueva<\/a>.<\/p>\n<p>Este lunes, la programaci\u00f3n empieza con la inauguraci\u00f3n de exposiciones art\u00edsticas, como ha sido caracter\u00edstico en las versiones anteriores del festival.<\/p>\n<h5><strong>Las mujeres de Lily<\/strong><\/h5>\n<p>Es una exposici\u00f3n de fotograf\u00eda de la italiana <strong>Lily Di Marco. <\/strong>Podr\u00e1 apreciarse en el Gran Malec\u00f3n del R\u00edo y en selectas estaciones de Transmetro. En esta colecci\u00f3n fotogr\u00e1fica, Di Marco traduce al lenguaje fotogr\u00e1fico algunas de las pinturas can\u00f3nicas de la historia del arte.<\/p>\n<p>Entre los artistas cuyas obras toma como punto de partida, puede nombrarse a <strong>Gustav Klimt, a Amedeo Modigliani y a Ren\u00e9 Magritte<\/strong>. La fot\u00f3grafa compartir\u00e1, de manera virtual, unas palabras acerca de las obras exhibidas en Barranquilla.<\/p>\n<p>Di Marco es la creadora de la imagen oficial del Carnaval Internacional de las Artes.<\/p>\n<p style=\"text-align: center;\"><img loading=\"lazy\" decoding=\"async\" class=\"size-full wp-image-4672 aligncenter\" src=\"https:\/\/contrastes.com.co\/digital\/wp-content\/uploads\/2021\/03\/Carnaval-de-las-artes-2021.jpg\" alt=\"\" width=\"768\" height=\"432\" srcset=\"https:\/\/contrastes.com.co\/digital\/wp-content\/uploads\/2021\/03\/Carnaval-de-las-artes-2021.jpg 768w, https:\/\/contrastes.com.co\/digital\/wp-content\/uploads\/2021\/03\/Carnaval-de-las-artes-2021-300x169.jpg 300w, https:\/\/contrastes.com.co\/digital\/wp-content\/uploads\/2021\/03\/Carnaval-de-las-artes-2021-107x60.jpg 107w\" sizes=\"auto, (max-width: 768px) 100vw, 768px\" \/><\/p>\n<p>&nbsp;<\/p>\n<h5><strong>Exhibici\u00f3n Internacional de Poster Art<\/strong><\/h5>\n<p>Conservando la intenci\u00f3n de convertir espacios p\u00fablicos de la ciudad en una galer\u00eda, se presentar\u00e1 esta exhibici\u00f3n que decorar\u00e1 las esquinas de Barranquilla. Este tipo de arte callejero, data del siglo XIX, cuando empez\u00f3 a cubrir los muros de las grandes ciudades, en un principio con fines publicitarios.<\/p>\n<p>El curador de la muestra, el artista y dise\u00f1ador italiano <strong>Valerio Bindi<\/strong>, seleccion\u00f3 obras de diversos or\u00edgenes, y hablar\u00e1, desde su pa\u00eds natal, sobre la diversa selecci\u00f3n que compone esta heterog\u00e9nea muestra.<\/p>\n<p><strong>Lea tambi\u00e9n: <\/strong><a href=\"https:\/\/contrastes.com.co\/digital\/esta-sera-la-cuota-italiana-en-el-xv-carnaval-internacional-de-las-artes\/\">Esta ser\u00e1 la cuota italiana en el XV Carnaval Internacional de las Artes<\/a><\/p>\n<h5><strong>Invitados <\/strong><\/h5>\n<p><strong>A partir de las 6:00 p.m.,<\/strong> el humorista y m\u00fasico <strong>Roberto Camargo<\/strong>, presentador oficial del festival, dar\u00e1 inicio a la fiesta de la reflexi\u00f3n.<\/p>\n<p><strong><img loading=\"lazy\" decoding=\"async\" class=\"alignleft wp-image-4677\" src=\"https:\/\/contrastes.com.co\/digital\/wp-content\/uploads\/2021\/03\/Pedro-Lemebel-scaled.jpg\" alt=\"\" width=\"169\" height=\"242\" srcset=\"https:\/\/contrastes.com.co\/digital\/wp-content\/uploads\/2021\/03\/Pedro-Lemebel-scaled.jpg 1783w, https:\/\/contrastes.com.co\/digital\/wp-content\/uploads\/2021\/03\/Pedro-Lemebel-209x300.jpg 209w, https:\/\/contrastes.com.co\/digital\/wp-content\/uploads\/2021\/03\/Pedro-Lemebel-713x1024.jpg 713w, https:\/\/contrastes.com.co\/digital\/wp-content\/uploads\/2021\/03\/Pedro-Lemebel-768x1103.jpg 768w, https:\/\/contrastes.com.co\/digital\/wp-content\/uploads\/2021\/03\/Pedro-Lemebel-1070x1536.jpg 1070w, https:\/\/contrastes.com.co\/digital\/wp-content\/uploads\/2021\/03\/Pedro-Lemebel-1426x2048.jpg 1426w, https:\/\/contrastes.com.co\/digital\/wp-content\/uploads\/2021\/03\/Pedro-Lemebel-42x60.jpg 42w\" sizes=\"auto, (max-width: 169px) 100vw, 169px\" \/>A las 6:30 p.m.,<\/strong> vuelve uno de los pesos pesados de la historia del festival, as\u00ed como de la historia de las letras hispanas. Mediante un in\u00e9dito documento de archivo, el difunto autor chileno <strong>Pedro Lemebel<\/strong> habla por \u00e9l mismo.<\/p>\n<p>Sangu\u00edneo y contestatario, referente de la literatura queer, reflexiona, en conversaci\u00f3n con el escritor barranquillero <strong>John Better<\/strong>, sobre sus descarnadas cr\u00f3nicas y sobre su literatura vivencial. Adem\u00e1s de la lectura de su bien conocido manifiesto, el p\u00fablico puede esperar mucho color, humor, maquillaje y excentricidad.<\/p>\n<p><strong>A las 7:00 p.m.<\/strong> otro referente cultural de Latinoam\u00e9rica y con personalidad del Cono Sur llegar\u00e1 a la transmisi\u00f3n con <strong>Fabiana Cantilo<\/strong>, m\u00e1s all\u00e1 del rock &amp; roll. Con una larga y envidiable trayectoria de m\u00e1s de 30 a\u00f1os en los escenarios, Cantilo pertenece al selecto grupo de pioneras del rock en nuestro hemisferio y en nuestra lengua.<\/p>\n<p>La artista, que forj\u00f3 a su audiencia masiva en los noventa con el \u00e1lbum Algo mejor (disco que contiene canciones propias, de Calamaro, de P\u00e1ez y de Celeste Carballo), conversar\u00e1 con el <strong>profe \u00c1lvaro Gonz\u00e1lez<\/strong>, gran conocedor de los sonidos alternativos y emergentes de nuestro continente.<\/p>\n<p><strong>A las 7:30 p.m.<\/strong> el primer d\u00eda del <a href=\"https:\/\/carnavaldelasartes.com\/\">Carnaval Internacional de las Artes<\/a> cerrar\u00e1 con una artista colombiana, la actriz <strong>Flora Mart\u00ednez, <\/strong>quien presentar\u00e1 a \u2018La Frida de Flora\u2019. Se transmitir\u00e1n segmentos, de manera in\u00e9dita, de su mon\u00f3logo musical Frida libre, que se basa en la vida de la pintora mexicana.<\/p>\n<p>A prop\u00f3sito, la propia Flora declar\u00f3, refiri\u00e9ndose a los tiempos actuales, que \u201c\u2026nadie nos puede mostrar de mejor manera c\u00f3mo transformar el encierro en algo positivo como Frida Kahlo\u201d.<\/p>\n<p>Cabe destacar y reconocer el esfuerzo del equipo organizador para conservar la posibilidad de que, manteniendo las debidas normas de bioseguridad, la audiencia pueda disfrutar del arte visual en presencia, como la experiencia demanda.<\/p>\n<p>Para acceder a la programaci\u00f3n completa del <strong>XV Carnaval Internacional de las Artes<\/strong>, cat\u00e1logo, perfiles biogr\u00e1ficos de los invitados y m\u00e1s, ingrese a <a href=\"https:\/\/fundacionlacueva.org\/\">Fundaci\u00f3nlacueva.org<\/a> o a\u00a0 <a href=\"https:\/\/carnavaldelasartes.com\/\">Carnavaldelasartes.com<\/a><\/p>\n<p><em>Comunicaciones La Cueva<\/em><\/p>\n","protected":false},"excerpt":{"rendered":"<p>El mes de marzo inicia con la celebraci\u00f3n cultural que, por d\u00e9cada y media, ha reunido a pensadores y creadores en Barranquilla, el Carnaval Internacional de las Artes, que se desarrollar\u00e1 del 1 al 7 de marzo.<\/p>\n<p>En su versi\u00f3n n\u00famero quince, el evento podr\u00e1 verse de forma presencial y virtual, a trav\u00e9s de la p\u00e1gina en Facebook del Carnaval Internacional de las Artes y del canal de Youtube de la Fundaci\u00f3n La Cueva.<\/p>\n","protected":false},"author":1,"featured_media":4673,"comment_status":"open","ping_status":"open","sticky":false,"template":"","format":"standard","meta":{"footnotes":""},"categories":[64,2148,2707,2548,2047],"tags":[2703,2692,2542,2690,2696,2693,2691,2544,2695,2547,2297,2702,2697,2705,2706,2698,2701,2704,2699,2694,2541,2700],"class_list":["post-4670","post","type-post","status-publish","format-standard","has-post-thumbnail","hentry","category-cultura","category-eventos","category-exposiciones","category-literatura","category-musica","tag-a-amedeo-modigliani","tag-alvaro-gonzalez","tag-arte-callejero","tag-carnaval-internacional-de-las-artes","tag-exposiciones","tag-fabiana-cantilo","tag-flora-martinez","tag-fotografia","tag-frida-kahlo","tag-fundacion-la-cueva","tag-gran-malecon-del-rio","tag-gustav-klimt","tag-john-better","tag-las-mujeres-de-lily","tag-lily-di-marco","tag-pedro-lemebel","tag-poster-art","tag-rene-magritte","tag-roberto-camargo","tag-rock-roll","tag-transmetro","tag-valerio-bindi"],"_links":{"self":[{"href":"https:\/\/contrastes.com.co\/digital\/wp-json\/wp\/v2\/posts\/4670","targetHints":{"allow":["GET"]}}],"collection":[{"href":"https:\/\/contrastes.com.co\/digital\/wp-json\/wp\/v2\/posts"}],"about":[{"href":"https:\/\/contrastes.com.co\/digital\/wp-json\/wp\/v2\/types\/post"}],"author":[{"embeddable":true,"href":"https:\/\/contrastes.com.co\/digital\/wp-json\/wp\/v2\/users\/1"}],"replies":[{"embeddable":true,"href":"https:\/\/contrastes.com.co\/digital\/wp-json\/wp\/v2\/comments?post=4670"}],"version-history":[{"count":6,"href":"https:\/\/contrastes.com.co\/digital\/wp-json\/wp\/v2\/posts\/4670\/revisions"}],"predecessor-version":[{"id":4679,"href":"https:\/\/contrastes.com.co\/digital\/wp-json\/wp\/v2\/posts\/4670\/revisions\/4679"}],"wp:featuredmedia":[{"embeddable":true,"href":"https:\/\/contrastes.com.co\/digital\/wp-json\/wp\/v2\/media\/4673"}],"wp:attachment":[{"href":"https:\/\/contrastes.com.co\/digital\/wp-json\/wp\/v2\/media?parent=4670"}],"wp:term":[{"taxonomy":"category","embeddable":true,"href":"https:\/\/contrastes.com.co\/digital\/wp-json\/wp\/v2\/categories?post=4670"},{"taxonomy":"post_tag","embeddable":true,"href":"https:\/\/contrastes.com.co\/digital\/wp-json\/wp\/v2\/tags?post=4670"}],"curies":[{"name":"wp","href":"https:\/\/api.w.org\/{rel}","templated":true}]}}