{"id":4814,"date":"2021-03-08T17:24:07","date_gmt":"2021-03-08T22:24:07","guid":{"rendered":"https:\/\/contrastes.com.co\/digital\/?p=4814"},"modified":"2021-03-09T14:05:48","modified_gmt":"2021-03-09T19:05:48","slug":"trabajamos-con-ahinco-para-mejorar-la-calidad-de-vida-de-nuestra-soledad-ucros-rosales","status":"publish","type":"post","link":"https:\/\/contrastes.com.co\/digital\/trabajamos-con-ahinco-para-mejorar-la-calidad-de-vida-de-nuestra-soledad-ucros-rosales\/","title":{"rendered":"\u201cTrabajamos con ah\u00ednco para mejorar la calidad de vida de nuestra Soledad\u201d: Ucr\u00f3s Rosales"},"content":{"rendered":"<p style=\"text-align: center;\"><strong><em>Durante la conmemoraci\u00f3n de los 207 a\u00f1os del municipio de Soledad, el alcalde Rodolfo Ucr\u00f3s hizo un balance sobre los proyectos que est\u00e1n construyendo ciudad y beneficiando a los solede\u00f1os, as\u00ed como los que se ejecutar\u00e1n durante el 2021.<\/em><\/strong><\/p>\n<p><strong>Soledad.-<\/strong> \u201cCada d\u00eda trabajamos con ah\u00ednco para mejorar la calidad de vida de nuestra Soledad; el compromiso de nuestro equipo de trabajo se refrenda cada d\u00eda\u201d, manifest\u00f3 el alcalde de Soledad, <strong>Rodolfo Ucr\u00f3s Rosales<\/strong>, durante la celebraci\u00f3n de los 207 a\u00f1os de haber sido erigido en Villa el municipio, la cual se realiz\u00f3 de manera virtual.<\/p>\n<p style=\"text-align: left;\">El homenaje a Soledad inici\u00f3 en horas de la ma\u00f1ana, con el acto de honores a la bandera, a cargo del se\u00f1or alcalde y miembros de la Fuerza P\u00fablica, quienes colocaron una ofrenda floral en la estatua del Libertador Sim\u00f3n Bol\u00edvar, ubicada en la plaza central.<\/p>\n<p style=\"text-align: left;\">Posterior al discurso, pronunciado por el mandatario en el Museo Casa de Bol\u00edvar, se llev\u00f3 a cabo una eucarist\u00eda de Acci\u00f3n de Gracias en el templo San Antonio de Padua, oficiada por el sacerdote <strong>Luis De La Rosa Mercado<\/strong>.<\/p>\n<h5 style=\"text-align: left;\"><strong>Vivienda<\/strong><\/h5>\n<p style=\"text-align: left;\">El alcalde, en su discurso, se refiri\u00f3 a algunos proyectos importantes adelantados por la administraci\u00f3n municipal como la <strong>entrega de t\u00edtulos de propiedad<\/strong> a familias que, desde hace muchos a\u00f1os, esperaban tener su escritura. \u201cLogramos materializar el sue\u00f1o de miles de solede\u00f1os de nacimiento y de adopci\u00f3n y convertirlo en realidad\u201d, se\u00f1al\u00f3.<\/p>\n<p style=\"text-align: left;\"><img loading=\"lazy\" decoding=\"async\" class=\"wp-image-4816 alignright\" src=\"https:\/\/contrastes.com.co\/digital\/wp-content\/uploads\/2021\/03\/207-a\u00f1os-de-Soledad.jpg\" alt=\"\" width=\"325\" height=\"434\" srcset=\"https:\/\/contrastes.com.co\/digital\/wp-content\/uploads\/2021\/03\/207-a\u00f1os-de-Soledad.jpg 853w, https:\/\/contrastes.com.co\/digital\/wp-content\/uploads\/2021\/03\/207-a\u00f1os-de-Soledad-225x300.jpg 225w, https:\/\/contrastes.com.co\/digital\/wp-content\/uploads\/2021\/03\/207-a\u00f1os-de-Soledad-767x1024.jpg 767w, https:\/\/contrastes.com.co\/digital\/wp-content\/uploads\/2021\/03\/207-a\u00f1os-de-Soledad-768x1026.jpg 768w, https:\/\/contrastes.com.co\/digital\/wp-content\/uploads\/2021\/03\/207-a\u00f1os-de-Soledad-45x60.jpg 45w\" sizes=\"auto, (max-width: 325px) 100vw, 325px\" \/>\u201cDurante el 2020 fuimos el municipio a nivel nacional que ocup\u00f3 el primer lugar en materia de entrega de t\u00edtulos de propiedad. Logramos entregar 4.484, incluidos los que est\u00e1n en etapa de calificaci\u00f3n y corresponden a familias residentes en los barrios Moras Occidente, Ciudad Caribe I, III y IV, Villa Sol, Villa Mar\u00eda Selene, Ferrocarril y Cuchilla de los \u00c1ngeles\u201d, indic\u00f3 Ucr\u00f3s Rosales.<\/p>\n<p>El gobernante municipal afirm\u00f3 que la administraci\u00f3n se ha propuesto entregar 20 mil t\u00edtulos de propiedad durante su mandato. \u201cCumpliremos con esa meta ambiciosa. Para ello, es importante seguir contando con el apoyo de los ministerios de Vivienda y de Justicia. Al igual que el acompa\u00f1amiento de la Superintendencia de Notariado y Registro y la Oficina de Instrumentos P\u00fablicos de Soledad\u201d, agreg\u00f3.<\/p>\n<p>Otro punto explicado por el alcalde Rodolfo Ucr\u00f3s en su alocuci\u00f3n, fue el del <strong>mejoramiento de vivienda<\/strong>, programa que, de la mano del <a href=\"https:\/\/www.minvivienda.gov.co\/\">Ministerio de Vivienda<\/a> y la <a href=\"https:\/\/www.atlantico.gov.co\">Gobernaci\u00f3n del Atl\u00e1ntico<\/a>, busca que las carencias b\u00e1sicas de muchos habitantes sean resueltas.<\/p>\n<p>\u201cEn estos momentos existen 918 beneficiarios de los barrios San Vicente, Prado Soledad IV, Moras Occidente y Altos de Jes\u00fas. Ya contamos con 1.300 subsidios aprobados para habitantes de otros barrios como Porvenir, Juan Dom\u00ednguez Romero, 7 de agosto, 12 de octubre, La Loma, Ciudad Bonita y Villa Sol. En total ser\u00e1n 2.300 personas que durante los a\u00f1os 2020 y 2021 se van a beneficiar de este programa\u201d, anot\u00f3 Ucr\u00f3s.<\/p>\n<h5><strong>Educaci\u00f3n <\/strong><\/h5>\n<p>El alcalde afirm\u00f3 que la Secretar\u00eda de Educaci\u00f3n y la primera gestora del municipio, <strong>Darley Santos<\/strong>, siguen trabajando en la campa\u00f1a para entregar <strong>herramientas tecnol\u00f3gicas a estudiantes<\/strong> de d\u00e9cimo y und\u00e9cimo grados de las instituciones educativas oficiales. \u201cEn estos momentos en que la virtualidad y la alternancia juegan un papel fundamental en el proceso de formaci\u00f3n de nuestros j\u00f3venes, son importantes estas herramientas, garantiz\u00e1ndoles, al mismo tiempo, la conectividad\u201d, expres\u00f3.<\/p>\n<p>El alcalde anunci\u00f3 el proyecto de construcci\u00f3n de dos megacolegios, en dos sectores estrat\u00e9gicos del municipio que han crecido de manera importante desde el punto de vista poblacional en los \u00faltimos a\u00f1os; al igual que la inversi\u00f3n de recursos importantes en el mantenimiento y adecuaci\u00f3n de varias instituciones educativas que se encuentran en regulares y malas condiciones.<\/p>\n<p style=\"text-align: center;\"><img loading=\"lazy\" decoding=\"async\" class=\"size-full wp-image-4818 aligncenter\" src=\"https:\/\/contrastes.com.co\/digital\/wp-content\/uploads\/2021\/03\/207-a\u00f1os-de-Soledad-2.jpg\" alt=\"\" width=\"794\" height=\"432\" srcset=\"https:\/\/contrastes.com.co\/digital\/wp-content\/uploads\/2021\/03\/207-a\u00f1os-de-Soledad-2.jpg 794w, https:\/\/contrastes.com.co\/digital\/wp-content\/uploads\/2021\/03\/207-a\u00f1os-de-Soledad-2-300x163.jpg 300w, https:\/\/contrastes.com.co\/digital\/wp-content\/uploads\/2021\/03\/207-a\u00f1os-de-Soledad-2-768x418.jpg 768w, https:\/\/contrastes.com.co\/digital\/wp-content\/uploads\/2021\/03\/207-a\u00f1os-de-Soledad-2-110x60.jpg 110w\" sizes=\"auto, (max-width: 794px) 100vw, 794px\" \/><\/p>\n<h5><strong>Seguridad <\/strong><\/h5>\n<p>En materia de seguridad, Ucr\u00f3s Rosales dijo: \u201cEn coordinaci\u00f3n con la Polic\u00eda Nacional, estamos realizado un trabajo integral para hacerle frente al accionar de las bandas que delinquen en el municipio, las cuales disputan territorios para expandir actividades de microtr\u00e1fico de estupefacientes\u201d.<\/p>\n<p>Y habl\u00f3 acerca de la llegada de 150 hombres pertenecientes a las fuerzas especiales de la Polic\u00eda Nacional (la Sij\u00edn, el Gaula y el Goes), para reforzar el grupo que habitualmente opera en el municipio, y quienes ya se encuentran realizando su labor en los diferentes barrios del ente territorial.<\/p>\n<h5><strong>Parques, plazas y escenarios deportivos<\/strong><\/h5>\n<p>En cuanto a la <strong>recuperaci\u00f3n y construcci\u00f3n de parques y escenarios deportivos<\/strong>, el dirigente coment\u00f3 que, con los recursos del presupuesto anual del municipio, se intervendr\u00e1n los parques de los barrios Cachimbero, Juan Dom\u00ednguez Romero y Salamanca, y anunci\u00f3 que la pista atl\u00e9tica del colegio Caldas ser\u00e1 entregada en d\u00edas pr\u00f3ximos.<\/p>\n<p>\u201cLa gobernadora del departamento del Atl\u00e1ntico est\u00e1 reinvirtiendo un porcentaje importante de esos recursos aportados por nosotros los solede\u00f1os aqu\u00ed en nuestro municipio, cosa que no ocurr\u00eda en administraciones anteriores. Entre ellos la <strong>construcci\u00f3n y adecuaci\u00f3n de la plaza principal<\/strong> que se encuentra en ejecuci\u00f3n\u201d, agreg\u00f3 el mandatario solede\u00f1o.<\/p>\n<p>El alcalde a\u00f1adi\u00f3 que la <a href=\"https:\/\/www.atlantico.gov.co\">Gobernaci\u00f3n del Atl\u00e1ntico<\/a> asumi\u00f3 tambi\u00e9n la <strong>construcci\u00f3n del primer nodo del Sena<\/strong>, el cual ser\u00e1 entregado dentro de unos meses. De igual manera, <strong>La Casa de las Juventudes, la sede de la Fiscal\u00eda<\/strong>, en el barrio Juan Dom\u00ednguez Romero, y <strong>la estaci\u00f3n de Polic\u00eda del Centro Hist\u00f3rico. <\/strong><\/p>\n<p>El mandatario explic\u00f3 que, en asocio con la empresa privada Dolmen, se entreg\u00f3 el parque de La Viola y con la misma constructora se intervendr\u00e1 el del barrio Salamanca. Adem\u00e1s, con el apoyo de esta constructora se gestion\u00f3 la construcci\u00f3n de estos escenarios en los lugares donde se construyen complejos habitacionales.<\/p>\n<p>\u201cEl parque de Ciudad Salitre ser\u00e1 inaugurado en pr\u00f3ximos d\u00edas, al igual que el parque de Nueva Esperanza, financiado por el orden nacional. Se est\u00e1 construyendo un CDI en el sector Los N\u00edsperos de Soledad con los mismos recursos\u201d, indic\u00f3 el alcalde de Soledad.<\/p>\n<h5><strong>Proyectos 2021<\/strong><\/h5>\n<p>La <strong>pavimentaci\u00f3n de v\u00edas principales, la construcci\u00f3n del mercado p\u00fablico<\/strong>, el saneamiento b\u00e1sico en algunos barrios, la <strong>construcci\u00f3n de las nuevas Casa de la Cultura, Biblioteca P\u00fablica y Estaci\u00f3n de Bomberos<\/strong>, son algunos de los proyectos en los que trabajar\u00e1 la administraci\u00f3n municipal durante el actual a\u00f1o. Igualmente, el mandatario solede\u00f1o indic\u00f3 que en pr\u00f3ximos d\u00edas estar\u00e1 listo el <strong>Palacio Municipal<\/strong>, ubicado en el barrio Manuela Beltr\u00e1n.<\/p>\n<p>Finalmente, el alcalde Ucr\u00f3s Rosales asegur\u00f3: \u201cNuestras mujeres pronto contar\u00e1n con una pol\u00edtica p\u00fablica para refrendar nuestro compromiso con ellas. Lanzamos una campa\u00f1a maravillosa, liderada por la primera gestora, <strong>Darley Santos Moreno<\/strong>, denominada \u2018<strong>Alza tu voz, mujer solede\u00f1a, por tus derechos, contra la discriminaci\u00f3n y la violencia de g\u00e9nero\u2019,<\/strong> que busca promover, respetar, proteger y garantizar los derechos de la mujer solede\u00f1a\u201d.<\/p>\n<p>\u201cTengan la certeza que, junto a ustedes y mi equipo de colaboradores, seguiremos trabajando para alcanzar las metas propuestas y hacer de Soledad una gran ciudad\u201d, puntualiz\u00f3.<\/p>\n<p><em>Prensa <a href=\"http:\/\/www.soledad-atlantico.gov.co\/\">Alcald\u00eda de Soledad<\/a><\/em><\/p>\n","protected":false},"excerpt":{"rendered":"<p>Durante la conmemoraci\u00f3n de los 207 a\u00f1os del municipio de Soledad, el alcalde Rodolfo Ucr\u00f3s hizo un balance sobre los proyectos que est\u00e1n construyendo ciudad y beneficiando a los solede\u00f1os, as\u00ed como los que se ejecutar\u00e1n durante el 2021.<\/p>\n","protected":false},"author":1,"featured_media":4817,"comment_status":"open","ping_status":"open","sticky":false,"template":"","format":"standard","meta":{"footnotes":""},"categories":[533,2,1247],"tags":[2813,2814,1155,30,1140,2034,1848],"class_list":["post-4814","post","type-post","status-publish","format-standard","has-post-thumbnail","hentry","category-gestion-social","category-locales","category-sucesos","tag-207-anos-de-soledad","tag-aniversario-de-soledad","tag-avances","tag-gobernacion-del-atlantico","tag-ministerio-de-vivienda","tag-proyectos","tag-rodolfo-ucros-rosales"],"_links":{"self":[{"href":"https:\/\/contrastes.com.co\/digital\/wp-json\/wp\/v2\/posts\/4814","targetHints":{"allow":["GET"]}}],"collection":[{"href":"https:\/\/contrastes.com.co\/digital\/wp-json\/wp\/v2\/posts"}],"about":[{"href":"https:\/\/contrastes.com.co\/digital\/wp-json\/wp\/v2\/types\/post"}],"author":[{"embeddable":true,"href":"https:\/\/contrastes.com.co\/digital\/wp-json\/wp\/v2\/users\/1"}],"replies":[{"embeddable":true,"href":"https:\/\/contrastes.com.co\/digital\/wp-json\/wp\/v2\/comments?post=4814"}],"version-history":[{"count":11,"href":"https:\/\/contrastes.com.co\/digital\/wp-json\/wp\/v2\/posts\/4814\/revisions"}],"predecessor-version":[{"id":4828,"href":"https:\/\/contrastes.com.co\/digital\/wp-json\/wp\/v2\/posts\/4814\/revisions\/4828"}],"wp:featuredmedia":[{"embeddable":true,"href":"https:\/\/contrastes.com.co\/digital\/wp-json\/wp\/v2\/media\/4817"}],"wp:attachment":[{"href":"https:\/\/contrastes.com.co\/digital\/wp-json\/wp\/v2\/media?parent=4814"}],"wp:term":[{"taxonomy":"category","embeddable":true,"href":"https:\/\/contrastes.com.co\/digital\/wp-json\/wp\/v2\/categories?post=4814"},{"taxonomy":"post_tag","embeddable":true,"href":"https:\/\/contrastes.com.co\/digital\/wp-json\/wp\/v2\/tags?post=4814"}],"curies":[{"name":"wp","href":"https:\/\/api.w.org\/{rel}","templated":true}]}}