{"id":4923,"date":"2021-03-15T08:29:21","date_gmt":"2021-03-15T13:29:21","guid":{"rendered":"https:\/\/contrastes.com.co\/digital\/?p=4923"},"modified":"2021-03-15T10:31:46","modified_gmt":"2021-03-15T15:31:46","slug":"policia-anuncia-dos-nuevos-frentes-de-seguridad-para-las-moras-en-soledad","status":"publish","type":"post","link":"https:\/\/contrastes.com.co\/digital\/policia-anuncia-dos-nuevos-frentes-de-seguridad-para-las-moras-en-soledad\/","title":{"rendered":"Polic\u00eda anuncia dos nuevos frentes de seguridad para Las Moras, en Soledad"},"content":{"rendered":"<p style=\"text-align: center;\"><strong><em>Estar\u00e1n equipados con audio, video, alarmas y conectividad de \u00faltima tecnolog\u00eda. El anuncio lo hizo el comandante de la Polic\u00eda Metropolitana de Barranquilla, brigadier general Diego Rosero Giraldo.<\/em><\/strong><\/p>\n<p><strong>Soledad.-<\/strong> El comandante de la <a href=\"https:\/\/www.policia.gov.co\/barranquilla\">Polic\u00eda Metropolitana de Barranquilla<\/a>, brigadier general <strong>Diego Hern\u00e1n Rosero Giraldo<\/strong>, anunci\u00f3 a la comunidad de Las Moras la implementaci\u00f3n de dos frentes de seguridad equipados con audio, video, alarmas y conectividad de \u00faltima tecnolog\u00eda.<\/p>\n<p>El anuncio lo hizo durante una visita realizada al barrio, en compa\u00f1\u00eda del secretario municipal de Gobierno, <strong>Rosmell Hern\u00e1ndez Bresneider.<\/strong><\/p>\n<p>Este compromiso se consolid\u00f3 luego de dialogar y recibir peticiones de los vecinos de Las Moras en materia de seguridad y convivencia ciudadana, en el desarrollo de la tercera caminata de seguridad realizada en el municipio con el prop\u00f3sito de dialogar con los residentes y comerciantes, casa a casa.<\/p>\n<p>La jornada cont\u00f3 con el acompa\u00f1amiento de los miembros del Gaula, la Polic\u00eda de Infancia y Adolescencia, el <a href=\"https:\/\/transitosoledad.gov.co\/\">Instituto de Tr\u00e1nsito y Transporte<\/a> y la Polic\u00eda de Prevenci\u00f3n y Educaci\u00f3n Ciudadana, Preci.<\/p>\n<p>El alcalde de Soledad, <strong>Rodolfo Ucr\u00f3s Rosales<\/strong>, agradeci\u00f3 a la Polic\u00eda Nacional por acercarse a la gente. \u201cEsto demuestra que la Polic\u00eda est\u00e1 comprometida con Soledad. Tener la c\u00fapula de la comandancia Metropolitana caminado las calles, buscando conocer de primera mano las necesidades de la comunidad en materia de seguridad, es socializar y consolidar espacios y herramientas que frenan a mediano plazo el actuar del delincuente y fortalece la seguridad y convivencia ciudadana\u201d.<\/p>\n<p><strong>Miguel \u00c1ngel Reales Duarte<\/strong>, de 60 a\u00f1os de edad, docente pensionado y con 37 a\u00f1os viviendo en Las Moras, asegur\u00f3 sentirse satisfecho con la presencia de los uniformados en el barrio. \u201cEstas acciones nos hacen sentir seguros. Ya concretamos la creaci\u00f3n de un frente de seguridad. La pr\u00f3xima semana comienza la capacitaci\u00f3n de los vecinos l\u00edderes; esto es gesti\u00f3n inmediata\u201d.<\/p>\n<p>El secretario municipal de Gobierno, Rosmell Hern\u00e1ndez Bresneider, manifest\u00f3 al respecto: \u201cEs la tercera caminata de seguridad que hacemos en compa\u00f1\u00eda del comandante de la Polic\u00eda Metropolitana, general Rosero. Las anteriores fueron en Los Robles y Urbanizaci\u00f3n El Parque. Nos sentimos complacidos de que un oficial superior camine con su equipo de trabajo, casa a casa, calle a calle. Todos tenemos el mismo prop\u00f3sito de brindar el apoyo irrestricto a la ciudadan\u00eda para generar estrategias con la comunidad que ayuden a mejorar la seguridad y convivencia\u201d.<\/p>\n<p>Y agreg\u00f3: \u201cEstamos escuchando de viva voz sus peticiones e inquietudes para conformar, por ejemplo, frentes de seguridad con equipos de \u00faltima tecnolog\u00eda que permitan conexi\u00f3n inmediata con las plataformas de comunicaci\u00f3n de la Polic\u00eda y que la acci\u00f3n de esta sea oportuna\u00bb.<\/p>\n<p>El comandante de la <a href=\"https:\/\/www.policia.gov.co\/barranquilla\">Polic\u00eda Metropolitana de Barranquilla<\/a>, brigadier general Diego Hern\u00e1n Rosero Giraldo, ratific\u00f3 que las caminatas de seguridad tienen como prop\u00f3sito el acercamiento con la comunidad. \u00abTenemos un inter\u00e9s especial en la seguridad de este municipio, por eso, con mis hombres caminamos por los sectores m\u00e1s concurridos como Las Moras\u00bb.<\/p>\n<p>\u00abLa comunidad tiene informaci\u00f3n valiosa para nosotros, informaci\u00f3n de individuos dedicados a actividades delincuenciales o ventas de estupefacientes. Concretamos con los vecinos la creaci\u00f3n de frentes de seguridad que cuenten con elementos tecnol\u00f3gicos de sonido, video y alarma que permitan la conectividad con las l\u00edneas de emergencia 123 y los cuadrantes del sector de manera tal que le brindamos a la comunidad una herramienta eficaz\u00bb, puntualiz\u00f3 el general Rosero.<\/p>\n<p><em>Prensa <a href=\"http:\/\/www.soledad-atlantico.gov.co\/\">Alcald\u00eda de Soledad<\/a><\/em><\/p>\n","protected":false},"excerpt":{"rendered":"<p>Soledad.- El comandante de la Polic\u00eda Metropolitana de Barranquilla, brigadier general Diego Hern\u00e1n Rosero Giraldo, anunci\u00f3 a la comunidad de Las Moras la implementaci\u00f3n de dos frentes de seguridad equipados con audio, video, alarmas y conectividad de \u00faltima tecnolog\u00eda.<\/p>\n<p>El anuncio lo hizo durante una visita realizada al barrio, en compa\u00f1\u00eda del secretario municipal de Gobierno, Rosmell Hern\u00e1ndez Bresneider.<\/p>\n","protected":false},"author":1,"featured_media":4925,"comment_status":"open","ping_status":"open","sticky":false,"template":"","format":"standard","meta":{"footnotes":""},"categories":[756,2,998],"tags":[35,2902,354,2904,2907,2903,2906,2905,2599,1848,353],"class_list":["post-4923","post","type-post","status-publish","format-standard","has-post-thumbnail","hentry","category-comunidad","category-locales","category-seguridad-ciudadana","tag-alcaldia-de-soledad","tag-brigadier-general-diego-hernan-rosero-giraldo","tag-gaula","tag-instituto-de-transito-y-transporte","tag-las-moras","tag-miguel-angel-reales-duarte","tag-policia-de-infancia-y-adolescencia","tag-policia-de-prevencion-y-educacion-ciudadana","tag-policia-metropolitana-de-barranquilla","tag-rodolfo-ucros-rosales","tag-rosmell-hernandez-bresneider"],"_links":{"self":[{"href":"https:\/\/contrastes.com.co\/digital\/wp-json\/wp\/v2\/posts\/4923","targetHints":{"allow":["GET"]}}],"collection":[{"href":"https:\/\/contrastes.com.co\/digital\/wp-json\/wp\/v2\/posts"}],"about":[{"href":"https:\/\/contrastes.com.co\/digital\/wp-json\/wp\/v2\/types\/post"}],"author":[{"embeddable":true,"href":"https:\/\/contrastes.com.co\/digital\/wp-json\/wp\/v2\/users\/1"}],"replies":[{"embeddable":true,"href":"https:\/\/contrastes.com.co\/digital\/wp-json\/wp\/v2\/comments?post=4923"}],"version-history":[{"count":2,"href":"https:\/\/contrastes.com.co\/digital\/wp-json\/wp\/v2\/posts\/4923\/revisions"}],"predecessor-version":[{"id":4926,"href":"https:\/\/contrastes.com.co\/digital\/wp-json\/wp\/v2\/posts\/4923\/revisions\/4926"}],"wp:featuredmedia":[{"embeddable":true,"href":"https:\/\/contrastes.com.co\/digital\/wp-json\/wp\/v2\/media\/4925"}],"wp:attachment":[{"href":"https:\/\/contrastes.com.co\/digital\/wp-json\/wp\/v2\/media?parent=4923"}],"wp:term":[{"taxonomy":"category","embeddable":true,"href":"https:\/\/contrastes.com.co\/digital\/wp-json\/wp\/v2\/categories?post=4923"},{"taxonomy":"post_tag","embeddable":true,"href":"https:\/\/contrastes.com.co\/digital\/wp-json\/wp\/v2\/tags?post=4923"}],"curies":[{"name":"wp","href":"https:\/\/api.w.org\/{rel}","templated":true}]}}