{"id":4952,"date":"2021-03-16T18:12:16","date_gmt":"2021-03-16T23:12:16","guid":{"rendered":"https:\/\/contrastes.com.co\/digital\/?p=4952"},"modified":"2021-03-16T19:25:56","modified_gmt":"2021-03-17T00:25:56","slug":"internas-del-buen-pastor-conmemoran-el-mes-de-la-mujer","status":"publish","type":"post","link":"https:\/\/contrastes.com.co\/digital\/internas-del-buen-pastor-conmemoran-el-mes-de-la-mujer\/","title":{"rendered":"Internas de El Buen Pastor conmemoran el mes de la mujer"},"content":{"rendered":"<p style=\"text-align: center;\"><strong><em>El evento es organizado por la &#8216;Fundaci\u00f3n Esperanza Tejiendo Hilos de Fe&#8217; y el Centro de Rehabilitaci\u00f3n El Buen Pastor. Contar\u00e1 con la participaci\u00f3n del arzobispo de Barranquilla y la primera dama del Distrito.<\/em><\/strong><\/p>\n<p><strong>Barranquilla.-<\/strong> La \u2018Fundaci\u00f3n Esperanza Tejiendo Hilos de fe\u2019 y el Centro de Rehabilitaci\u00f3n El Buen Pastor, con el apoyo de la Secretar\u00eda de Gobierno de Barranquilla, conmemorar\u00e1n el mes de la mujer este mi\u00e9rcoles 17 de marzo.<\/p>\n<p>El evento ser\u00e1 precedido por el arzobispo de Barranquilla, <strong>monse\u00f1or Pablo Salas<\/strong> y contar\u00e1 con la participaci\u00f3n de la primera dama del Distrito, <strong>Silvana Puello<\/strong>; la secretaria de Gobierno, <strong>Jennifer Villarreal<\/strong>; la directora del Centro de Rehabilitaci\u00f3n El Buen Pastor, <strong>Ofelia D\u00edaz<\/strong>, y la directora de la Fundaci\u00f3n Esperanza, <strong>Claudia Quintero<\/strong>.<\/p>\n<p>Tambi\u00e9n se vincular\u00e1 el coach motivacional <strong>Robert Barraza<\/strong> y la cantante vallenata <strong>Margarita Doria.<\/strong><\/p>\n<p><img loading=\"lazy\" decoding=\"async\" class=\"alignleft size-full wp-image-4955\" src=\"https:\/\/contrastes.com.co\/digital\/wp-content\/uploads\/2021\/03\/El-buen-pastor-D\u00eda-de-la-mujer-1.jpg\" alt=\"\" width=\"1280\" height=\"960\" srcset=\"https:\/\/contrastes.com.co\/digital\/wp-content\/uploads\/2021\/03\/El-buen-pastor-D\u00eda-de-la-mujer-1.jpg 1280w, https:\/\/contrastes.com.co\/digital\/wp-content\/uploads\/2021\/03\/El-buen-pastor-D\u00eda-de-la-mujer-1-300x225.jpg 300w, https:\/\/contrastes.com.co\/digital\/wp-content\/uploads\/2021\/03\/El-buen-pastor-D\u00eda-de-la-mujer-1-1024x768.jpg 1024w, https:\/\/contrastes.com.co\/digital\/wp-content\/uploads\/2021\/03\/El-buen-pastor-D\u00eda-de-la-mujer-1-768x576.jpg 768w, https:\/\/contrastes.com.co\/digital\/wp-content\/uploads\/2021\/03\/El-buen-pastor-D\u00eda-de-la-mujer-1-80x60.jpg 80w\" sizes=\"auto, (max-width: 1280px) 100vw, 1280px\" \/><\/p>\n<p>&nbsp;<\/p>\n<p>La Esperanza y las segundas oportunidades se constituyen en el mensaje en esta ceremonia que exaltar\u00e1 los cambios de conducta y la resocializaci\u00f3n de internas y post-penadas de esta instituci\u00f3n, que encuentran en este espacio un lugar que logra ser productivo para el sustento de sus familias, al participar de la mano de obra de art\u00edculos de bisuter\u00eda y del hogar de la marca Esperanza.<\/p>\n<p>La \u2018Fundaci\u00f3n Esperanza Tejiendo hilos de fe\u2019 trabaja hace dos a\u00f1os con la comunidad del Centro de Rehabilitaci\u00f3n El Buen Pastor, en la capacitaci\u00f3n de las mujeres en los talleres ubicados internamente. Actualmente vincula a 40 internas y 20 post-penadas.<\/p>\n<p style=\"text-align: center;\"><img loading=\"lazy\" decoding=\"async\" class=\"alignleft size-full wp-image-4954\" src=\"https:\/\/contrastes.com.co\/digital\/wp-content\/uploads\/2021\/03\/El-buen-pastor-D\u00eda-de-la-mujer-2.jpg\" alt=\"\" width=\"1280\" height=\"857\" srcset=\"https:\/\/contrastes.com.co\/digital\/wp-content\/uploads\/2021\/03\/El-buen-pastor-D\u00eda-de-la-mujer-2.jpg 1280w, https:\/\/contrastes.com.co\/digital\/wp-content\/uploads\/2021\/03\/El-buen-pastor-D\u00eda-de-la-mujer-2-300x201.jpg 300w, https:\/\/contrastes.com.co\/digital\/wp-content\/uploads\/2021\/03\/El-buen-pastor-D\u00eda-de-la-mujer-2-1024x686.jpg 1024w, https:\/\/contrastes.com.co\/digital\/wp-content\/uploads\/2021\/03\/El-buen-pastor-D\u00eda-de-la-mujer-2-768x514.jpg 768w, https:\/\/contrastes.com.co\/digital\/wp-content\/uploads\/2021\/03\/El-buen-pastor-D\u00eda-de-la-mujer-2-90x60.jpg 90w\" sizes=\"auto, (max-width: 1280px) 100vw, 1280px\" \/><\/p>\n<p>&nbsp;<\/p>\n<p><em>Prensa Fundaci\u00f3n Esperanza<\/em><\/p>\n","protected":false},"excerpt":{"rendered":"<p>Barranquilla.- La \u2018Fundaci\u00f3n Esperanza Tejiendo Hilos de fe\u2019 y el Centro de Rehabilitaci\u00f3n El Buen Pastor, con el apoyo de la Secretar\u00eda de Gobierno de Barranquilla, conmemorar\u00e1n el mes de la mujer este mi\u00e9rcoles 17 de marzo.<\/p>\n<p>El evento ser\u00e1 precedido por el arzobispo de Barranquilla, monse\u00f1or Pablo Salas y contar\u00e1 con la participaci\u00f3n de la primera dama del Distrito, Silvana Puello<\/p>\n","protected":false},"author":1,"featured_media":4956,"comment_status":"open","ping_status":"open","sticky":false,"template":"","format":"standard","meta":{"footnotes":""},"categories":[2148,533,973],"tags":[2928,2933,698,2926,2932,2922,2930,2925,2927,2929,2931,2924,2608,2934,2923],"class_list":["post-4952","post","type-post","status-publish","format-standard","has-post-thumbnail","hentry","category-eventos","category-gestion-social","category-mujer","tag-arzobispo-de-barranquilla","tag-bisuteria","tag-capacitacion","tag-centro-de-rehabilitacion-el-buen-pastor","tag-claudia-quintero","tag-fundacion-esperanza","tag-jennifer-villarreal","tag-margarita-doria","tag-mes-de-la-mujer","tag-monsenor-pablo-salas","tag-ofelia-diaz","tag-robert-barraza","tag-silvana-puello","tag-tejidos","tag-tejiendo-hilos-de-fe"],"_links":{"self":[{"href":"https:\/\/contrastes.com.co\/digital\/wp-json\/wp\/v2\/posts\/4952","targetHints":{"allow":["GET"]}}],"collection":[{"href":"https:\/\/contrastes.com.co\/digital\/wp-json\/wp\/v2\/posts"}],"about":[{"href":"https:\/\/contrastes.com.co\/digital\/wp-json\/wp\/v2\/types\/post"}],"author":[{"embeddable":true,"href":"https:\/\/contrastes.com.co\/digital\/wp-json\/wp\/v2\/users\/1"}],"replies":[{"embeddable":true,"href":"https:\/\/contrastes.com.co\/digital\/wp-json\/wp\/v2\/comments?post=4952"}],"version-history":[{"count":5,"href":"https:\/\/contrastes.com.co\/digital\/wp-json\/wp\/v2\/posts\/4952\/revisions"}],"predecessor-version":[{"id":4960,"href":"https:\/\/contrastes.com.co\/digital\/wp-json\/wp\/v2\/posts\/4952\/revisions\/4960"}],"wp:featuredmedia":[{"embeddable":true,"href":"https:\/\/contrastes.com.co\/digital\/wp-json\/wp\/v2\/media\/4956"}],"wp:attachment":[{"href":"https:\/\/contrastes.com.co\/digital\/wp-json\/wp\/v2\/media?parent=4952"}],"wp:term":[{"taxonomy":"category","embeddable":true,"href":"https:\/\/contrastes.com.co\/digital\/wp-json\/wp\/v2\/categories?post=4952"},{"taxonomy":"post_tag","embeddable":true,"href":"https:\/\/contrastes.com.co\/digital\/wp-json\/wp\/v2\/tags?post=4952"}],"curies":[{"name":"wp","href":"https:\/\/api.w.org\/{rel}","templated":true}]}}