{"id":4970,"date":"2021-03-17T16:36:24","date_gmt":"2021-03-17T21:36:24","guid":{"rendered":"https:\/\/contrastes.com.co\/digital\/?p=4970"},"modified":"2021-03-19T02:13:26","modified_gmt":"2021-03-19T07:13:26","slug":"cuando-una-fiebre-debe-alertar-a-los-padres","status":"publish","type":"post","link":"https:\/\/contrastes.com.co\/digital\/cuando-una-fiebre-debe-alertar-a-los-padres\/","title":{"rendered":"\u00bfCu\u00e1ndo una fiebre debe alertar a los padres?"},"content":{"rendered":"<p style=\"text-align: center;\"><strong><em>\u00bfQu\u00e9 hacer ante ciertos malestares o enfermedades que presentan los ni\u00f1os y beb\u00e9s? \u00bfCu\u00e1ndo debemos alarmarnos y c\u00f3mo actuar si somos padres o cuidadores? Estas y muchas interrogantes m\u00e1s ser\u00e1n respondidas por la Dra. Rosita Rinc\u00f3n, especialista en Pediatr\u00eda con m\u00e1s de 10 a\u00f1os de experiencia en los Estados Unidos.<\/em><\/strong><\/p>\n<p>Son muchas las inquietudes que se presentan entre madres, padres y cuidadores de ni\u00f1os, frente a algunos s\u00edntomas o malestares f\u00edsicos que los menores pueden presentar. Es com\u00fan preguntarse qu\u00e9 hacer en esos casos y si es necesario acudir a un centro de salud o de urgencias.<\/p>\n<p>Para despejar algunas de estas inquietudes, presentamos la columna \u2018Apuntes de Pediatr\u00eda\u2019, a cargo de <strong>Rosita Rinc\u00f3n<\/strong>, M.D. y Pediatra del <a href=\"https:\/\/www.driscollchildrens.org\/es\">Driscoll Children\u2019s Hospital<\/a> de Corpus Christi, Texas y el <a href=\"https:\/\/medicine.tamu.edu\/\">Texas A&amp;M Health Science Center College of Medicine.<\/a><\/p>\n<p>La fiebre en ni\u00f1os y beb\u00e9s es uno de los motivos de consulta m\u00e1s comunes en Pediatr\u00eda. Muchos padres de familia y cuidadores no saben qu\u00e9 hacer ante una fiebre. Por tanto, despejaremos a continuaci\u00f3n algunas de las inquietudes que m\u00e1s se presentan.<\/p>\n<h5><strong>\u00bfCu\u00e1ndo se trata de una fiebre y c\u00f3mo debe medirse?<\/strong><\/h5>\n<p>Hablamos de fiebre cuando la temperatura corporal es <a href=\"https:\/\/www.cdc.gov\/\">mayor a 38 grados celsius (38 \u00b0C) o 100.4 grados fahrenheit (100.4 \u00b0F)<\/a>. En ni\u00f1os menores de 3 meses, la recomendaci\u00f3n es tomarla con un term\u00f3metro rectal. En mayores de 3 meses, se puede usar un term\u00f3metro convencional y medir la temperatura por la boca (cuando el ni\u00f1o ya pueda cooperar) o en la axila.<\/p>\n<p>Existen otras alternativas que permiten usar un aparato en la parte lateral de la frente del ni\u00f1o y tambi\u00e9n existe uno para tomar la temperatura por los o\u00eddos, que es la m\u00e1s recomendada en bebes y ni\u00f1os de edad preescolar. Estas dos \u00faltimas alternativas son muy usadas entre los pediatras de Estados Unidos, porque el resultado se puede obtener en cuesti\u00f3n de segundos.<\/p>\n<h5><strong>\u00bfCu\u00e1les son las causas de fiebre en ni\u00f1os?<\/strong><\/h5>\n<p>La principal causa de fiebre en ni\u00f1os es viral, producida por virus que generalmente atacan el sistema respiratorio o gastrointestinal, as\u00ed como los o\u00eddos y garganta. Algunos ejemplos son el virus de la influenza, parainfluenza, el adenovirus, rhinovirus, virus sincitial respiratorio y coronavirus a nivel respiratorio. A nivel gastrointestinal, existen virus como rotavirus y norovirus, entre otros.<\/p>\n<p><strong>En algunas ocasiones, la fiebre puede originarse por bacterias.<\/strong> Algunos ejemplos de enfermedades bacterianas son la meningitis y neumon\u00edas, aunque estas tambi\u00e9n podr\u00edan ser ocasionadas por causa viral o por hongo. Existen tambi\u00e9n las infecciones de v\u00edas urinarias, apendicitis, celulitis, entre muchas otras. En cualquiera de estos casos, los ni\u00f1os presentar\u00e1n s\u00edntomas diversos que solo el pediatra podr\u00e1 determinar.<\/p>\n<p>Si el ni\u00f1o llegase a presentar v\u00f3mito y diarrea, lo que se conoce como gastroenteritis aguda, las causas pueden responder a virus, bacterias o par\u00e1sitos.<\/p>\n<p><img loading=\"lazy\" decoding=\"async\" class=\"size-full wp-image-4974\" src=\"https:\/\/contrastes.com.co\/digital\/wp-content\/uploads\/2021\/03\/beb\u00e9-con-fiebre-freepik.jpg\" alt=\"\" width=\"1280\" height=\"721\" srcset=\"https:\/\/contrastes.com.co\/digital\/wp-content\/uploads\/2021\/03\/beb\u00e9-con-fiebre-freepik.jpg 1280w, https:\/\/contrastes.com.co\/digital\/wp-content\/uploads\/2021\/03\/beb\u00e9-con-fiebre-freepik-300x169.jpg 300w, https:\/\/contrastes.com.co\/digital\/wp-content\/uploads\/2021\/03\/beb\u00e9-con-fiebre-freepik-1024x577.jpg 1024w, https:\/\/contrastes.com.co\/digital\/wp-content\/uploads\/2021\/03\/beb\u00e9-con-fiebre-freepik-768x433.jpg 768w, https:\/\/contrastes.com.co\/digital\/wp-content\/uploads\/2021\/03\/beb\u00e9-con-fiebre-freepik-107x60.jpg 107w\" sizes=\"auto, (max-width: 1280px) 100vw, 1280px\" \/><\/p>\n<p style=\"text-align: center;\"><em>Foto de shurkin_son en Freepik<\/em><\/p>\n<h5><strong>\u00bfCu\u00e1ndo deben alertarse los padres y cuidadores? <\/strong><\/h5>\n<p>En t\u00e9rminos generales, una fiebre no es una emergencia m\u00e9dica a no ser que el ni\u00f1o est\u00e9 demasiado let\u00e1rgico (adormecido, que no responda como normalmente lo hace), vomite la medicina o se deshidrate. Sin embargo, <strong>toda fiebre en un neonato (beb\u00e9 entre los 0 y los 30 d\u00edas de nacido) es una emergencia y debe acudirse a un hospital<\/strong> para que el ni\u00f1o sea revisado por un m\u00e9dico, sin excepciones, pues podr\u00eda necesitar hospitalizaci\u00f3n.<\/p>\n<p>En el caso de fiebres en beb\u00e9s <strong>entre 1 y 12 meses de nacidos<\/strong>, no es necesario ir al centro de emergencias u hospital si el ni\u00f1o no presenta agravantes, pero s\u00ed debe acudirse al pediatra para descartar que se trate de algo de mayor cuidado.<\/p>\n<p>Los ni\u00f1os mayores de 1 a\u00f1o tampoco requieren ser llevados a una emergencia por fiebres menores, excepto que presentes agravantes.<\/p>\n<h5><strong>\u00bfCu\u00e1les son esos agravantes?<\/strong><\/h5>\n<p>Los padres y cuidadores <strong>deben acudir siempre a los servicios de emergencia cuando la fiebre del ni\u00f1o es mayor a 105 \u00b0F (farenheit) o 40.5 \u00b0C (celsius).<\/strong> Asimismo, cuando un ni\u00f1o se vea let\u00e1rgico o demasiado enfermo, cuando hayan pasado 5 d\u00edas consecutivos con fiebre y cuando la temperatura no baje con antipir\u00e9ticos u otras medidas.<\/p>\n<h5><strong>\u00bfQu\u00e9 se puede hacer en casa, si no es posible acudir a la emergencia?<\/strong><\/h5>\n<p>Si no es posible acudir al servicio de emergencia porque la fiebre se present\u00f3 en horas de la madrugada, o por cualquier otro motivo, los padres o cuidadores pueden usar antipir\u00e9ticos y medidas como colocar un pa\u00f1o de agua fr\u00eda en la nuca del beb\u00e9, en la frente y en las axilas. Con esto la fiebre debe disminuir.<\/p>\n<p><strong>Si se le da un ba\u00f1o al ni\u00f1o, debe ser en agua tibia, nunca en agua fr\u00eda<\/strong> <strong>porque generar\u00e1 una reacci\u00f3n de rebote.<\/strong><\/p>\n<p>En cuanto a medicamentos, la fiebre se maneja con acetaminof\u00e9n en beb\u00e9s menores de 6 meses. Si el beb\u00e9 tiene m\u00e1s de 6 meses puede suministrarse acetaminof\u00e9n y tambi\u00e9n ibuprofeno. La dosis debe ser indicada por un profesional de la salud, seg\u00fan el peso del ni\u00f1o, pero nunca se debe suministrar m\u00e1s de 4 dosis del medicamento al d\u00eda.<\/p>\n<p>Es importante aqu\u00ed recalcar el uso y abuso de los antibi\u00f3ticos. Estos no deben usarse cuando se presente fiebre, a menos que el pediatra as\u00ed lo indique porque, en un 90% de los casos, la fiebre en ni\u00f1os la origina un virus.<\/p>\n<p><strong><em>*<\/em><\/strong><em>La Dra.<strong> Rosita Rinc\u00f3n<\/strong> cuenta con 10 a\u00f1os de experiencia en la atenci\u00f3n a pacientes entre los 0 y 21 a\u00f1os de edad, en Estados Unidos. Es egresada del programa de Medicina de la Universidad Aut\u00f3noma de Bucaramanga y posee especialidad en Pediatr\u00eda, otorgada por el Driscoll Children\u2019s Hospital de Corpus Christi (Texas, E.E.U.U) y el Texas A&amp;M Health Science Center College of Medicine.<\/em><\/p>\n<p><em>Foto principal de\u00a0@user18526052 en Freepik<\/em><\/p>\n","protected":false},"excerpt":{"rendered":"<p>\u00bfQu\u00e9 hacer ante ciertos malestares o enfermedades que presentan los ni\u00f1os y beb\u00e9s? \u00bfCu\u00e1ndo debemos alarmarnos y c\u00f3mo actuar si somos padres o cuidadores? Estas y muchas interrogantes m\u00e1s ser\u00e1n respondidas desde hoy por la Dra. Rosita Rinc\u00f3n, especialista en Pediatr\u00eda con m\u00e1s de 10 a\u00f1os de experiencia en los Estados Unidos.<\/p>\n","protected":false},"author":1,"featured_media":4973,"comment_status":"open","ping_status":"open","sticky":false,"template":"","format":"standard","meta":{"footnotes":""},"categories":[2378,2071,268],"tags":[2943,2947,2946,2940,2948,2942,2941,1919,2945,741,2944],"class_list":["post-4970","post","type-post","status-publish","format-standard","has-post-thumbnail","hentry","category-columnistas","category-infancia","category-salud","tag-apuntes-de-pediatria","tag-bebes","tag-cuidadores","tag-dra-rosita-rincon","tag-enfermedades","tag-fiebre","tag-fiebre-en-ninos","tag-infancia","tag-madres","tag-ninos","tag-padres"],"_links":{"self":[{"href":"https:\/\/contrastes.com.co\/digital\/wp-json\/wp\/v2\/posts\/4970","targetHints":{"allow":["GET"]}}],"collection":[{"href":"https:\/\/contrastes.com.co\/digital\/wp-json\/wp\/v2\/posts"}],"about":[{"href":"https:\/\/contrastes.com.co\/digital\/wp-json\/wp\/v2\/types\/post"}],"author":[{"embeddable":true,"href":"https:\/\/contrastes.com.co\/digital\/wp-json\/wp\/v2\/users\/1"}],"replies":[{"embeddable":true,"href":"https:\/\/contrastes.com.co\/digital\/wp-json\/wp\/v2\/comments?post=4970"}],"version-history":[{"count":6,"href":"https:\/\/contrastes.com.co\/digital\/wp-json\/wp\/v2\/posts\/4970\/revisions"}],"predecessor-version":[{"id":4978,"href":"https:\/\/contrastes.com.co\/digital\/wp-json\/wp\/v2\/posts\/4970\/revisions\/4978"}],"wp:featuredmedia":[{"embeddable":true,"href":"https:\/\/contrastes.com.co\/digital\/wp-json\/wp\/v2\/media\/4973"}],"wp:attachment":[{"href":"https:\/\/contrastes.com.co\/digital\/wp-json\/wp\/v2\/media?parent=4970"}],"wp:term":[{"taxonomy":"category","embeddable":true,"href":"https:\/\/contrastes.com.co\/digital\/wp-json\/wp\/v2\/categories?post=4970"},{"taxonomy":"post_tag","embeddable":true,"href":"https:\/\/contrastes.com.co\/digital\/wp-json\/wp\/v2\/tags?post=4970"}],"curies":[{"name":"wp","href":"https:\/\/api.w.org\/{rel}","templated":true}]}}