{"id":5075,"date":"2021-03-23T08:42:46","date_gmt":"2021-03-23T13:42:46","guid":{"rendered":"https:\/\/contrastes.com.co\/digital\/?p=5075"},"modified":"2021-03-23T13:45:49","modified_gmt":"2021-03-23T18:45:49","slug":"soledad-inicio-vacunacion-covid-19-para-adultos-mayores-de-75-anos","status":"publish","type":"post","link":"https:\/\/contrastes.com.co\/digital\/soledad-inicio-vacunacion-covid-19-para-adultos-mayores-de-75-anos\/","title":{"rendered":"Soledad inici\u00f3 vacunaci\u00f3n Covid-19 para adultos mayores de 75 a\u00f1os"},"content":{"rendered":"<p style=\"text-align: center;\"><strong><em>Los puntos de vacunaci\u00f3n definidos son los centros de salud 13 de junio, Salamanca, La Central, Costa Hermosa; y los centros comerciales: Plaza del Sol, Carnaval y Nuestro Atl\u00e1ntico, en horario de 8 de la ma\u00f1ana a 4 de la tarde.<\/em><\/strong><\/p>\n<p><strong>Soledad.-<\/strong> Los adultos mayores de 75 a\u00f1os comenzaron a recibir la vacuna contra el Covid-19, en los diferentes puntos de vacunaci\u00f3n definidos por la <a href=\"http:\/\/www.soledad-atlantico.gov.co\/\">Alcald\u00eda de Soledad<\/a>, a trav\u00e9s de la Secretar\u00eda de Salud y el <a href=\"https:\/\/maternoinfantil.gov.co\/\">Hospital Materno Infantil<\/a>.<\/p>\n<p>La jornada de vacunaci\u00f3n es sin barrera, es decir, los adultos mayores pueden acudir sin cita previa y no es necesaria la afiliaci\u00f3n a una Entidades Prestadoras de Salud, EPS. Solo deben presentar su c\u00e9dula de ciudadan\u00eda y mantener los protocolos de bioseguridad, en horario de 8 de la ma\u00f1ana a 4 de la tarde.<\/p>\n<p>Los puntos de vacunaci\u00f3n definidos son los centros de salud 13 de junio, Salamanca, La Central, Costa Hermosa. Y los centros comerciales: Plaza del Sol, Carnaval y Nuestro Atl\u00e1ntico.<\/p>\n<p>El alcalde de Soledad, <strong>Rodolfo Ucr\u00f3s Rosales<\/strong>, insisti\u00f3 en la importancia de vacunar a los adultos mayores. \u201cQuiero invitarlos a que se acerquen al punto de vacunaci\u00f3n m\u00e1s cercano a su vivienda y recordarles que, la aplicaci\u00f3n de la vacuna nos permitir\u00e1 mitigar el virus del Covid-19 en nuestro ente territorial\u201d, expres\u00f3.<\/p>\n<p>El secretario de Salud <strong>Javier Carbarcas Pinedo<\/strong>, agreg\u00f3 que: \u201cUna vez recibimos la autorizaci\u00f3n por parte del departamento del Atl\u00e1ntico, comenzamos a vacunar a los mayores de 75 a\u00f1os en adelante, cumpliendo con el Plan Nacional de Vacunaci\u00f3n.\u00a0 Aclaramos que, a la poblaci\u00f3n mayor de 80 a\u00f1os, aun se le continuar\u00e1 aplicando la dosis\u201d, enfatiz\u00f3 el funcionario.<\/p>\n<p>A corte de este domingo 21 de marzo, en el municipio de Soledad se hab\u00edan aplicado 6.410 biol\u00f3gicos contra el Covid-19, de los cuales 2.154 corresponden a trabajadores de la salud de primera l\u00ednea, 234 a poblaci\u00f3n entre 75 y 79 a\u00f1os y 4.022 a mayores de 80 a\u00f1os.<\/p>\n<p><em>Prensa <a href=\"http:\/\/www.soledad-atlantico.gov.co\/\">Alcald\u00eda de Soledad<\/a><\/em><\/p>\n","protected":false},"excerpt":{"rendered":"<p>Soledad.- Los adultos mayores de 75 a\u00f1os comenzaron a recibir la vacuna contra el Covid-19, en los diferentes puntos de vacunaci\u00f3n definidos por la Alcald\u00eda de Soledad, a trav\u00e9s de la Secretar\u00eda de Salud y el Hospital Materno Infantil.<\/p>\n","protected":false},"author":1,"featured_media":5079,"comment_status":"open","ping_status":"open","sticky":false,"template":"","format":"standard","meta":{"footnotes":""},"categories":[70,2,268,2861],"tags":[3011,131,35,431,3010,1848,2583],"class_list":["post-5075","post","type-post","status-publish","format-standard","has-post-thumbnail","hentry","category-coronavirus","category-locales","category-salud","category-vacunacion","tag-adultos-mayores-de-75-anos","tag-alcalde-de-soledad","tag-alcaldia-de-soledad","tag-hospital-materno-infantil-de-soledad","tag-javier-carbarcas-pinedo","tag-rodolfo-ucros-rosales","tag-vacunacion-covid-19"],"_links":{"self":[{"href":"https:\/\/contrastes.com.co\/digital\/wp-json\/wp\/v2\/posts\/5075","targetHints":{"allow":["GET"]}}],"collection":[{"href":"https:\/\/contrastes.com.co\/digital\/wp-json\/wp\/v2\/posts"}],"about":[{"href":"https:\/\/contrastes.com.co\/digital\/wp-json\/wp\/v2\/types\/post"}],"author":[{"embeddable":true,"href":"https:\/\/contrastes.com.co\/digital\/wp-json\/wp\/v2\/users\/1"}],"replies":[{"embeddable":true,"href":"https:\/\/contrastes.com.co\/digital\/wp-json\/wp\/v2\/comments?post=5075"}],"version-history":[{"count":2,"href":"https:\/\/contrastes.com.co\/digital\/wp-json\/wp\/v2\/posts\/5075\/revisions"}],"predecessor-version":[{"id":5077,"href":"https:\/\/contrastes.com.co\/digital\/wp-json\/wp\/v2\/posts\/5075\/revisions\/5077"}],"wp:featuredmedia":[{"embeddable":true,"href":"https:\/\/contrastes.com.co\/digital\/wp-json\/wp\/v2\/media\/5079"}],"wp:attachment":[{"href":"https:\/\/contrastes.com.co\/digital\/wp-json\/wp\/v2\/media?parent=5075"}],"wp:term":[{"taxonomy":"category","embeddable":true,"href":"https:\/\/contrastes.com.co\/digital\/wp-json\/wp\/v2\/categories?post=5075"},{"taxonomy":"post_tag","embeddable":true,"href":"https:\/\/contrastes.com.co\/digital\/wp-json\/wp\/v2\/tags?post=5075"}],"curies":[{"name":"wp","href":"https:\/\/api.w.org\/{rel}","templated":true}]}}