{"id":5081,"date":"2021-03-23T16:11:08","date_gmt":"2021-03-23T21:11:08","guid":{"rendered":"https:\/\/contrastes.com.co\/digital\/?p=5081"},"modified":"2021-03-25T00:24:44","modified_gmt":"2021-03-25T05:24:44","slug":"jineth-bedoya-rechazo-perdon-del-estado-colombiano-tras-sentencia-de-la-cidh","status":"publish","type":"post","link":"https:\/\/contrastes.com.co\/digital\/jineth-bedoya-rechazo-perdon-del-estado-colombiano-tras-sentencia-de-la-cidh\/","title":{"rendered":"Jineth Bedoya rechaz\u00f3 perd\u00f3n del Estado colombiano, tras sentencia de la CIDH"},"content":{"rendered":"<p style=\"text-align: center;\"><strong><em>La Corte Interamericana de Derechos Humanos juzg\u00f3 a Colombia por el secuestro y violaci\u00f3n de la periodista en el a\u00f1o 2000. Bedoya critic\u00f3 que el Estado no haya acompa\u00f1ado sus peticiones de reparaci\u00f3n.<\/em><\/strong><\/p>\n<p>La periodista Jineth Bedoya rechaz\u00f3 el perd\u00f3n que el Estado colombiano le pidi\u00f3 ante la <a href=\"https:\/\/www.corteidh.or.cr\/\">Corte Interamericana de Derechos Humanos<\/a> por la violaci\u00f3n que sufri\u00f3 por parte de paramilitares en el a\u00f1o 2000.<\/p>\n<p>Aunque el representante del Estado Camilo G\u00f3mez acept\u00f3 que la comunicadora fue revictimizada al tener que contar ante la Fiscal\u00eda 12 veces los hechos y reconoci\u00f3 las falencias en las investigaciones, para Bedoya es lamentable que no hayan aceptado responsabilidad por el deber de prevenir los delitos sexuales que sufri\u00f3.<\/p>\n<p>Tambi\u00e9n critic\u00f3 que el Estado no haya acompa\u00f1ado sus peticiones de reparaci\u00f3n.<\/p>\n<p>\u201cEse perd\u00f3n parcial que ofreci\u00f3 el Estado colombiano hoy es una bofetada m\u00e1s. Reconocer, solamente que en 12 ocasiones me hicieron declarar mi violaci\u00f3n, que efectivamente no hay investigaci\u00f3n por las amenazas, y que no admiten las reparaciones que he presentado es como esos casos que yo denuncio todos los d\u00edas donde el marido golpea a la mujer y al otro d\u00eda le dice perd\u00f3name, estaba de mal genio\u201d, sentenci\u00f3.<\/p>\n<p>La periodista adem\u00e1s reiter\u00f3 que no aceptar\u00e1 ning\u00fan tipo de soluci\u00f3n amistosa con el Gobierno y que espera una sentencia ejemplarizante por parte de la <a href=\"https:\/\/www.corteidh.or.cr\/\">Corte Interamericana de Derechos Humanos<\/a>, que incluya el cierre de la c\u00e1rcel Modelo de Bogot\u00e1.<\/p>\n<p>\u201cAll\u00ed empez\u00f3 este ciclo de terror, mucho antes de mi secuestro, y es justo que este dolor individual que se convirti\u00f3 en un s\u00edmbolo colectivo de impunidad se cierre\u201d, indic\u00f3 ante los jueces del tribunal internacional.<\/p>\n<p>Adem\u00e1s, consider\u00f3 lamentable que se haya presentado el protocolo de atenci\u00f3n de la Fiscal\u00eda a v\u00edctimas de violencia sexual como un protocolo eficiente, cuando para ella y muchas mujeres no lo ha sido.<\/p>\n<h5><strong>El perd\u00f3n del Estado<\/strong><\/h5>\n<p>Ante la <a href=\"https:\/\/www.corteidh.or.cr\/\">Corte Interamericana de Derechos Humanos<\/a> (CIDH), el Estado colombiano pidi\u00f3 perd\u00f3n y reconoci\u00f3 su responsabilidad por el secuestro y la violaci\u00f3n a la periodista Jineth Bedoya.<\/p>\n<p>Camilo G\u00f3mez, director de la Agencia de Defensa Jur\u00eddica del Estado, asegur\u00f3 ante ese Tribunal Internacional que en Colombia nunca se pretendi\u00f3 minimizar el caso de la periodista.<\/p>\n<p>\u201cA nombre del Estado colombiano reconozco la responsabilidad por las fallas del sistema judicial que no realiz\u00f3 una investigaci\u00f3n penal digna para la v\u00edctima, al recaudar 12 declaraciones, y le pide perd\u00f3n a Jineth Bedoya, por estos hechos y por el da\u00f1o que le causaron\u201d, dijo G\u00f3mez ante el Alto Tribunal.<\/p>\n<p>El apoderado del Estado calific\u00f3 lo ocurrido como un crimen atroz e indic\u00f3 ante la CIDH que el mismo ya fue catalogado de lesa humanidad. Incluso, puso de presente que solicit\u00f3 a la Jurisdicci\u00f3n Especial para la Paz (JEP) que abriera un macro caso sobre violencia sexual dentro del conflicto armado.<\/p>\n<p>La petici\u00f3n de perd\u00f3n se dio una semana despu\u00e9s de que Colombia recus\u00f3 a los magistrados de la Corte Interamericana alegando imparcialidad, sin embargo, la Defensa Jur\u00eddica evalu\u00f3 el proceso y reconoci\u00f3 la responsabilidad del Estado en el caso Bedoya.<\/p>\n<h5><strong>El caso ante la CIDH<\/strong><\/h5>\n<p>El caso de la periodista colombiana Jineth Bedoya, secuestrada y v\u00edctima de violencia sexual en el ejercicio de su profesi\u00f3n, lleg\u00f3 la semana pasada al conocimiento de la <a href=\"https:\/\/www.corteidh.or.cr\/\">Corte Interamericana de Derechos Humanos<\/a> (CIDH), con sede en Costa Rica.<\/p>\n<p>El tribunal internacional realiz\u00f3 una audiencia virtual de tres d\u00edas por la demanda de Bedoya contra el Estado colombiano, a ra\u00edz del secuestro, violaci\u00f3n y torturas de las que fue v\u00edctima la periodista en el a\u00f1o 2000, cuando esperaba la confirmaci\u00f3n de una entrevista en las afueras de la c\u00e1rcel Modelo de Bogot\u00e1.<\/p>\n<p>La demanda se\u00f1ala que el Estado tuvo conocimiento de la situaci\u00f3n de riesgo real e inminente en que se encontraba la periodista y no adopt\u00f3 medidas entendidas como razonables para protegerla, en un contexto generalizado de violencia sexual contra las mujeres en el conflicto armado colombiano.<\/p>\n<p>La periodista dijo en una conferencia de prensa el pasado 5 de marzo que pedir\u00eda a la CIDH ordenar medidas de protecci\u00f3n para las comunicadoras colombianas y de reparaci\u00f3n para las mujeres que han sufrido violencia sexual, especialmente en el marco del conflicto armado de Colombia.<\/p>\n<h5><strong>El ataque <\/strong><\/h5>\n<p>El 25 de mayo del a\u00f1o 2000 la periodista trabajaba en El Espectador y ven\u00eda haciendo graves denuncias sobre la violencia que se viv\u00eda dentro de la c\u00e1rcel La Modelo de Bogot\u00e1, en donde los patios se dividieron entre paramilitares, guerrilleros y mafiosos que se enfrentaban dentro del penal. Dentro de la c\u00e1rcel se registraban homicidios, secuestros, torturas y desapariciones forzadas.<\/p>\n<p>Bedoya Lima fue secuestrada en la puerta del penal, sacada de la ciudad a un sitio en el que fue amenazada, torturada y violada. <em><strong>Lea m\u00e1s sobre el caso,<\/strong> <a href=\"https:\/\/www.eltiempo.com\/justicia\/cortes\/jineth-bedoya-5-puntos-para-entender-el-caso-en-la-corte-idh-574887\">AQU\u00cd<\/a><\/em><\/p>\n<p><em>Fuentes: W Radio, El Tiempo y Caracol Radio<\/em><\/p>\n","protected":false},"excerpt":{"rendered":"<p>La periodista Jineth Bedoya rechaz\u00f3 el perd\u00f3n que el Estado colombiano le pidi\u00f3 ante la Corte Interamericana de Derechos Humanos por la violaci\u00f3n que sufri\u00f3 por parte de paramilitares en el a\u00f1o 2000.<\/p>\n","protected":false},"author":1,"featured_media":5083,"comment_status":"open","ping_status":"open","sticky":false,"template":"","format":"standard","meta":{"footnotes":""},"categories":[2985,10,4],"tags":[3018,3014,1927,3013,1926,3015,2719,3012,3019,356,3017,3016],"class_list":["post-5081","post","type-post","status-publish","format-standard","has-post-thumbnail","hentry","category-investigacion","category-judicial","category-pais","tag-carcel-modelo-de-bogota","tag-cidh","tag-conflicto-armado","tag-corte-interamericana-de-derechos-humanos","tag-derechos-humanos","tag-estado-colombiano","tag-investigacion","tag-jineth-bedoya","tag-reparacion-a-las-victimas","tag-secuestro","tag-violacion","tag-violencia-sexual"],"_links":{"self":[{"href":"https:\/\/contrastes.com.co\/digital\/wp-json\/wp\/v2\/posts\/5081","targetHints":{"allow":["GET"]}}],"collection":[{"href":"https:\/\/contrastes.com.co\/digital\/wp-json\/wp\/v2\/posts"}],"about":[{"href":"https:\/\/contrastes.com.co\/digital\/wp-json\/wp\/v2\/types\/post"}],"author":[{"embeddable":true,"href":"https:\/\/contrastes.com.co\/digital\/wp-json\/wp\/v2\/users\/1"}],"replies":[{"embeddable":true,"href":"https:\/\/contrastes.com.co\/digital\/wp-json\/wp\/v2\/comments?post=5081"}],"version-history":[{"count":2,"href":"https:\/\/contrastes.com.co\/digital\/wp-json\/wp\/v2\/posts\/5081\/revisions"}],"predecessor-version":[{"id":5084,"href":"https:\/\/contrastes.com.co\/digital\/wp-json\/wp\/v2\/posts\/5081\/revisions\/5084"}],"wp:featuredmedia":[{"embeddable":true,"href":"https:\/\/contrastes.com.co\/digital\/wp-json\/wp\/v2\/media\/5083"}],"wp:attachment":[{"href":"https:\/\/contrastes.com.co\/digital\/wp-json\/wp\/v2\/media?parent=5081"}],"wp:term":[{"taxonomy":"category","embeddable":true,"href":"https:\/\/contrastes.com.co\/digital\/wp-json\/wp\/v2\/categories?post=5081"},{"taxonomy":"post_tag","embeddable":true,"href":"https:\/\/contrastes.com.co\/digital\/wp-json\/wp\/v2\/tags?post=5081"}],"curies":[{"name":"wp","href":"https:\/\/api.w.org\/{rel}","templated":true}]}}