{"id":5149,"date":"2021-04-05T14:11:45","date_gmt":"2021-04-05T19:11:45","guid":{"rendered":"https:\/\/contrastes.com.co\/digital\/?p=5149"},"modified":"2021-04-05T19:14:31","modified_gmt":"2021-04-06T00:14:31","slug":"gobernadora-del-atlantico-destaca-avance-de-soledad-en-proceso-de-vacunacion-contra-covid-19","status":"publish","type":"post","link":"https:\/\/contrastes.com.co\/digital\/gobernadora-del-atlantico-destaca-avance-de-soledad-en-proceso-de-vacunacion-contra-covid-19\/","title":{"rendered":"Gobernadora destaca avance de Soledad en proceso de vacunaci\u00f3n contra Covid-19"},"content":{"rendered":"<p style=\"text-align: center;\"><strong><em>Durante visita realizada a la sede del centro de salud La Central, la mandataria resalt\u00f3 la gesti\u00f3n que adelanta el municipio a trav\u00e9s de la Secretar\u00eda de Salud y el Hospital Materno Infantil.<\/em><\/strong><\/p>\n<p><strong>Soledad.-<\/strong> La gobernadora <strong>Elsa Noguera<\/strong>, destac\u00f3 los avances que ha logrado la <a href=\"http:\/\/www.soledad-atlantico.gov.co\/\">Alcald\u00eda de Soledad<\/a> en el proceso de vacunaci\u00f3n Covid-19 dirigido a los adultos mayores de 70 a\u00f1os.<\/p>\n<p>La mandataria resalt\u00f3 la gesti\u00f3n que adelanta el ente territorial, a trav\u00e9s de la Secretar\u00eda de Salud y el Hospital Materno Infantil, durante el desarrollo de una visita que realiz\u00f3 en la ma\u00f1ana de este s\u00e1bado a la sede del centro de salud La Central.<\/p>\n<p>\u201cEstamos muy complacidos de ver la organizaci\u00f3n que ha venido adelantando la <a href=\"http:\/\/www.soledad-atlantico.gov.co\/\">Alcald\u00eda de Soledad<\/a> para vacunar a todos nuestros adultos mayores de 70 a\u00f1os, cumpliendo con el Plan Nacional de Vacunaci\u00f3n. Invit\u00f3 a todas las personas que tengan adultos mayores de 70 a\u00f1os a que se acerquen a vacunarlos\u201d, enfatiz\u00f3 la gobernadora.<\/p>\n<p>Por su parte, el alcalde de Soledad, <strong>Rodolfo Ucr\u00f3s Rosales<\/strong>, expres\u00f3 que \u201ceste avance y organizaci\u00f3n -en materia de la vacunaci\u00f3n Covid-19 que hoy destaca la gobernadora- es el resultado de 25 equipos trabajando en los centros de salud, centros comerciales, casa a casa. Llevamos m\u00e1s de 13 mil vacunados y esperamos que esta cifra se incremente en los pr\u00f3ximos d\u00edas de manera importante, porque las jornadas de vacunaci\u00f3n contin\u00faan\u201d.<\/p>\n<p style=\"text-align: center;\"><img loading=\"lazy\" decoding=\"async\" class=\"alignleft size-full wp-image-5152\" src=\"https:\/\/contrastes.com.co\/digital\/wp-content\/uploads\/2021\/04\/Elsa-Noguera-y-Rodolfo-Ucr\u00f3s.jpg\" alt=\"\" width=\"1280\" height=\"825\" srcset=\"https:\/\/contrastes.com.co\/digital\/wp-content\/uploads\/2021\/04\/Elsa-Noguera-y-Rodolfo-Ucr\u00f3s.jpg 1280w, https:\/\/contrastes.com.co\/digital\/wp-content\/uploads\/2021\/04\/Elsa-Noguera-y-Rodolfo-Ucr\u00f3s-300x193.jpg 300w, https:\/\/contrastes.com.co\/digital\/wp-content\/uploads\/2021\/04\/Elsa-Noguera-y-Rodolfo-Ucr\u00f3s-1024x660.jpg 1024w, https:\/\/contrastes.com.co\/digital\/wp-content\/uploads\/2021\/04\/Elsa-Noguera-y-Rodolfo-Ucr\u00f3s-768x495.jpg 768w, https:\/\/contrastes.com.co\/digital\/wp-content\/uploads\/2021\/04\/Elsa-Noguera-y-Rodolfo-Ucr\u00f3s-93x60.jpg 93w\" sizes=\"auto, (max-width: 1280px) 100vw, 1280px\" \/><\/p>\n<p>&nbsp;<\/p>\n<p>Las jornadas de vacunaci\u00f3n se desarrollan de lunes a domingo en las sedes del <a href=\"https:\/\/maternoinfantil.gov.co\/\">Hospital Materno Infantil<\/a>, el Centro Regional de V\u00edctimas, el centro de vida del barrio Villa Adela, Los Almendros, Ferrocarril, Ciudadela Metropolitana, Manuela Beltr\u00e1n y en los centros comerciales Gran Plaza del Sol, Carnaval y Nuestro Atl\u00e1ntico. Uno funciona en la Isla Cabica, tres equipos realizan domicilios y otros cuatro tienen la misi\u00f3n de ir casa a casa.<\/p>\n<p>En el municipio de Soledad se han aplicado 13.198 dosis de la vacuna del Covid-19, de las cuales 3.018 se han destinado a los trabajadores de la salud de primera y segunda l\u00ednea; y 10.180 a adultos mayores de 70 a\u00f1os.<\/p>\n<p><em>Prensa <a href=\"http:\/\/www.soledad-atlantico.gov.co\/\">Alcald\u00eda de Soledad<\/a><\/em><\/p>\n","protected":false},"excerpt":{"rendered":"<p>Soledad.- La gobernadora Elsa Noguera, destac\u00f3 los avances que ha logrado la Alcald\u00eda de Soledad en el proceso de vacunaci\u00f3n Covid-19 dirigido a los adultos mayores de 70 a\u00f1os.<\/p>\n","protected":false},"author":1,"featured_media":5151,"comment_status":"open","ping_status":"open","sticky":false,"template":"","format":"standard","meta":{"footnotes":""},"categories":[70,2,268,2861],"tags":[525,35,31,431,1848,2583],"class_list":["post-5149","post","type-post","status-publish","format-standard","has-post-thumbnail","hentry","category-coronavirus","category-locales","category-salud","category-vacunacion","tag-adultos-mayores","tag-alcaldia-de-soledad","tag-elsa-noguera","tag-hospital-materno-infantil-de-soledad","tag-rodolfo-ucros-rosales","tag-vacunacion-covid-19"],"_links":{"self":[{"href":"https:\/\/contrastes.com.co\/digital\/wp-json\/wp\/v2\/posts\/5149","targetHints":{"allow":["GET"]}}],"collection":[{"href":"https:\/\/contrastes.com.co\/digital\/wp-json\/wp\/v2\/posts"}],"about":[{"href":"https:\/\/contrastes.com.co\/digital\/wp-json\/wp\/v2\/types\/post"}],"author":[{"embeddable":true,"href":"https:\/\/contrastes.com.co\/digital\/wp-json\/wp\/v2\/users\/1"}],"replies":[{"embeddable":true,"href":"https:\/\/contrastes.com.co\/digital\/wp-json\/wp\/v2\/comments?post=5149"}],"version-history":[{"count":3,"href":"https:\/\/contrastes.com.co\/digital\/wp-json\/wp\/v2\/posts\/5149\/revisions"}],"predecessor-version":[{"id":5154,"href":"https:\/\/contrastes.com.co\/digital\/wp-json\/wp\/v2\/posts\/5149\/revisions\/5154"}],"wp:featuredmedia":[{"embeddable":true,"href":"https:\/\/contrastes.com.co\/digital\/wp-json\/wp\/v2\/media\/5151"}],"wp:attachment":[{"href":"https:\/\/contrastes.com.co\/digital\/wp-json\/wp\/v2\/media?parent=5149"}],"wp:term":[{"taxonomy":"category","embeddable":true,"href":"https:\/\/contrastes.com.co\/digital\/wp-json\/wp\/v2\/categories?post=5149"},{"taxonomy":"post_tag","embeddable":true,"href":"https:\/\/contrastes.com.co\/digital\/wp-json\/wp\/v2\/tags?post=5149"}],"curies":[{"name":"wp","href":"https:\/\/api.w.org\/{rel}","templated":true}]}}