{"id":5244,"date":"2021-04-18T13:36:07","date_gmt":"2021-04-18T18:36:07","guid":{"rendered":"https:\/\/contrastes.com.co\/digital\/?p=5244"},"modified":"2021-04-30T13:44:18","modified_gmt":"2021-04-30T18:44:18","slug":"por-trayectoria-academica-y-cientifica-rinden-homenaje-a-luis-carlos-gutierrez","status":"publish","type":"post","link":"https:\/\/contrastes.com.co\/digital\/por-trayectoria-academica-y-cientifica-rinden-homenaje-a-luis-carlos-gutierrez\/","title":{"rendered":"Por trayectoria acad\u00e9mica y cient\u00edfica: rinden homenaje a Luis Carlos Guti\u00e9rrez"},"content":{"rendered":"<p><em><strong>Gobernaci\u00f3n del Atl\u00e1ntico rindi\u00f3 homenaje a Luis Carlos Guti\u00e9rrez por su trayectoria acad\u00e9mica y cient\u00edfica<\/strong><\/em><\/p>\n<p><em><strong>\u2022 Luis Carlos Guti\u00e9rrez Moreno, fue un destacado docente e investigador en el \u00e1rea de las Ciencias B\u00e1sicas, quien asumi\u00f3 el liderazgo y coordinaci\u00f3n de la comisi\u00f3n de expertos para la investigaci\u00f3n contra el Covid-19 en el departamento del Atl\u00e1ntico.<\/strong><\/em><\/p>\n<p><em><strong>\u2022 Fue adem\u00e1s, un acad\u00e9mico comprometido quien se encarg\u00f3 de la creaci\u00f3n y puesta en marcha del Laboratorio de Investigaci\u00f3n en Biolog\u00eda Molecular de la <\/strong><\/em><br \/>\n<em><strong>Universidad del Atl\u00e1ntico.<\/strong><\/em><\/p>\n<p><strong>Barranquilla.-<\/strong> La Gobernadora del Atl\u00e1ntico, Elsa Noguera, rindi\u00f3 un homenaje p\u00f3stumo al bi\u00f3logo y qu\u00edmico Luis Carlos Guti\u00e9rrez Moreno, prominente acad\u00e9mico de la ciudad, quien aport\u00f3 sus conocimientos y experiencia al desarrollo cient\u00edfico del pa\u00eds, la regi\u00f3n Caribe y en especial al departamento del Atl\u00e1ntico, donde realiz\u00f3 importantes estudios no solo sobre el Covid-19 sino adem\u00e1s en biodiversidad, ecosistemas y humedales, entre otros.<\/p>\n<p>\u201cLamentamos profundamente el fallecimiento de Luis Carlos y queremos extenderle nuestras condolencias a su familia. Adem\u00e1s, con este homenaje queremos hacerle un reconocimiento a quien en vida fue un gran ejemplo de liderazgo y participaci\u00f3n en el \u00e1rea acad\u00e9mica y social de nuestro departamento. Por esta raz\u00f3n, desde la gobernaci\u00f3n, acogiendo el sentir de sus estudiantes y docentes, proponemos a las directivas de la Universidad del Atl\u00e1ntico se bautice con su nombre el Laboratorio de Investigaci\u00f3n en Biolog\u00eda Molecular de la Instituci\u00f3n, donde se procesan en la actualidad las pruebas Covid-19, como testimonio de su legado y de la meritoria gesti\u00f3n que realiz\u00f3 en este proyecto\u201d, indic\u00f3 la gobernadora.<\/p>\n<p>Luis Carlos Gutierrez Moreno tambi\u00e9n particip\u00f3 como miembro de comit\u00e9s evaluadores para la acreditaci\u00f3n de programas de diferentes universidades del pa\u00eds, destac\u00e1ndose adem\u00e1s por su activa participaci\u00f3n o direcci\u00f3n de art\u00edculos cient\u00edficos para revistas especializadas y libros. De igual manera, obtuvo el premio a la mejor y m\u00e1s completa investigaci\u00f3n en humedales, con la Corporaci\u00f3n Centro de Investigaci\u00f3n Cient\u00edfica del R\u00edo Magdalena- Alfonso Palacios Rudas \u2013 en agosto de 2015.<\/p>\n<p>Este homenaje p\u00f3stumo se oficializa mediante Decreto No. 152 de 2021 de la Gobernaci\u00f3n del Atl\u00e1ntico como reconocimiento a su trayectoria cient\u00edfica y aportes al bienestar social.<\/p>\n","protected":false},"excerpt":{"rendered":"<p>Luis Carlos Guti\u00e9rrez Moreno, fue un destacado docente e investigador en el \u00e1rea de las Ciencias B\u00e1sicas, quien asumi\u00f3 el liderazgo y coordinaci\u00f3n de la comisi\u00f3n de expertos para la investigaci\u00f3n contra el Covid-19 en el departamento del Atl\u00e1ntico<\/p>\n","protected":false},"author":1,"featured_media":5245,"comment_status":"open","ping_status":"open","sticky":false,"template":"","format":"standard","meta":{"footnotes":""},"categories":[2506,70,6],"tags":[3097,42,466,68,2594],"class_list":["post-5244","post","type-post","status-publish","format-standard","has-post-thumbnail","hentry","category-ciencia","category-coronavirus","category-region","tag-cientifico","tag-coronavirus","tag-covid-19","tag-departamento-del-atlantico","tag-liderazgo"],"_links":{"self":[{"href":"https:\/\/contrastes.com.co\/digital\/wp-json\/wp\/v2\/posts\/5244","targetHints":{"allow":["GET"]}}],"collection":[{"href":"https:\/\/contrastes.com.co\/digital\/wp-json\/wp\/v2\/posts"}],"about":[{"href":"https:\/\/contrastes.com.co\/digital\/wp-json\/wp\/v2\/types\/post"}],"author":[{"embeddable":true,"href":"https:\/\/contrastes.com.co\/digital\/wp-json\/wp\/v2\/users\/1"}],"replies":[{"embeddable":true,"href":"https:\/\/contrastes.com.co\/digital\/wp-json\/wp\/v2\/comments?post=5244"}],"version-history":[{"count":1,"href":"https:\/\/contrastes.com.co\/digital\/wp-json\/wp\/v2\/posts\/5244\/revisions"}],"predecessor-version":[{"id":5246,"href":"https:\/\/contrastes.com.co\/digital\/wp-json\/wp\/v2\/posts\/5244\/revisions\/5246"}],"wp:featuredmedia":[{"embeddable":true,"href":"https:\/\/contrastes.com.co\/digital\/wp-json\/wp\/v2\/media\/5245"}],"wp:attachment":[{"href":"https:\/\/contrastes.com.co\/digital\/wp-json\/wp\/v2\/media?parent=5244"}],"wp:term":[{"taxonomy":"category","embeddable":true,"href":"https:\/\/contrastes.com.co\/digital\/wp-json\/wp\/v2\/categories?post=5244"},{"taxonomy":"post_tag","embeddable":true,"href":"https:\/\/contrastes.com.co\/digital\/wp-json\/wp\/v2\/tags?post=5244"}],"curies":[{"name":"wp","href":"https:\/\/api.w.org\/{rel}","templated":true}]}}