{"id":5456,"date":"2021-05-05T14:35:56","date_gmt":"2021-05-05T19:35:56","guid":{"rendered":"https:\/\/contrastes.com.co\/digital\/?p=5456"},"modified":"2021-05-05T14:35:56","modified_gmt":"2021-05-05T19:35:56","slug":"calmemonos-y-abramos-el-espacio-a-un-dialogo-amplio","status":"publish","type":"post","link":"https:\/\/contrastes.com.co\/digital\/calmemonos-y-abramos-el-espacio-a-un-dialogo-amplio\/","title":{"rendered":"Calm\u00e9monos y abramos el espacio a un di\u00e1logo amplio"},"content":{"rendered":"<p><strong>Calm\u00e9monos y abramos el espacio a un di\u00e1logo amplio, la editorial de El Espectador<\/strong><\/p>\n<blockquote><p><em><strong>La forma indicada de frenar esta espiral es aceptar un di\u00e1logo abierto, que sea convocado por el presidente Iv\u00e1n Duque y que incluya a todas las fuerzas pol\u00edticas y sociales sin excepci\u00f3n, incluidas, por supuesto, las que protestan. <\/strong><\/em><\/p><\/blockquote>\n<p><em><strong><a href=\"https:\/\/www.elespectador.com\/opinion\/editorial\/calmemonos-y-abramos-el-espacio-a-un-dialogo-amplio\/\">El Espectador<\/a><\/strong><\/em><\/p>\n<p><em><strong>La editorial de hoy del diario El Espectador, y que transcribimos \u00edntegramente, resume el punto en el que se encuentra el pa\u00eds y llama a la cordura de todos los actores enredados en la grave situaci\u00f3n que atraviesa la naci\u00f3n. El dialogo y la relegaci\u00f3n de posturas intransigentes, son las claves para apagar este incendio que amenaza con arrasar al pa\u00eds.\u00a0\u00a0<\/strong><\/em><\/p>\n<p><img loading=\"lazy\" decoding=\"async\" class=\"alignleft  wp-image-584\" src=\"https:\/\/contrastes.com.co\/digital\/wp-content\/uploads\/2020\/04\/l-capitular.png\" alt=\"l capitular\" width=\"64\" height=\"64\" srcset=\"https:\/\/contrastes.com.co\/digital\/wp-content\/uploads\/2020\/04\/l-capitular.png 100w, https:\/\/contrastes.com.co\/digital\/wp-content\/uploads\/2020\/04\/l-capitular-60x60.png 60w\" sizes=\"auto, (max-width: 64px) 100vw, 64px\" \/>a grave situaci\u00f3n por la que atraviesa el pa\u00eds en estos momentos requiere una gran dosis de humildad de parte de todos los actores, de deponer los egos y unir voluntades. Lo que fue una protesta pac\u00edfica frente a la impopular reforma tributaria ha escalado a un nivel de violencia y vandalismo en varias ciudades que es inaceptable y que condenamos. La manera de cerrar esta caja de Pandora, que en mala hora se abri\u00f3, no puede ser la de la represi\u00f3n ni la militarizaci\u00f3n que, como lo tem\u00edamos desde estas l\u00edneas el pasado lunes, no ha hecho sino enardecer m\u00e1s los \u00e1nimos ya suficientemente caldeados. Si la Fuerza P\u00fablica, al intentar supuestamente proteger las ciudades, desconoce los l\u00edmites legales, lo \u00fanico que hace es agregar gasolina al incendio que arde hoy en el pa\u00eds. Hay que detener y judicializar a los violentos y a los v\u00e1ndalos, eso no tiene discusi\u00f3n, pero sin poner en pausa la Constituci\u00f3n y la ley.<\/p>\n<p>La forma indicada de frenar esta espiral es, por el contrario, aceptar un di\u00e1logo abierto, que sea convocado por el presidente Iv\u00e1n Duque y que incluya a todas las fuerzas pol\u00edticas y sociales sin excepci\u00f3n, incluidas, por supuesto, las que protestan. Ya varios expresidentes, ente ellos Juan Manuel Santos y Ernesto Samper, se han ofrecido para reunirse con el Gobierno y 11 representantes de la Coalici\u00f3n de la Esperanza enviaron una comunicaci\u00f3n bastante sensata al primer mandatario, donde plantean pasos concretos para ambientar puntos de consenso inmediato.<\/p>\n<p>Ayuda que el ministro del Interior hubiera aceptado reunirse con la Coalici\u00f3n de la Esperanza, que el nuevo ministro de Hacienda, Jos\u00e9 Manuel Restrepo, haya dado se\u00f1ales de sensatez y apertura al di\u00e1logo en sus primeras declaraciones, y que el presidente Duque haya instalado ayer la mesa de di\u00e1logo nacional que, vale repetir, no se puede circunscribir a un nuevo acuerdo de \u00e9lites. La calle ha hablado y su voz tiene que estar en el centro de esa mesa con participaci\u00f3n amplia e incluyente.<\/p>\n<p>No hacerlo es dejar la puerta abierta a la anarqu\u00eda. Si los actores involucrados act\u00faan solo desde su propia orilla seguiremos en un di\u00e1logo de sordos. \u00d3scar Iv\u00e1n Zuluaga, del partido de gobierno, sugiri\u00f3 un gabinete de unidad nacional. Es algo que podr\u00eda explorarse, de nuevo, con representaci\u00f3n m\u00e1s all\u00e1 de la \u00e9lite pol\u00edtica. Los 11 firmantes de la comunicaci\u00f3n de la Coalici\u00f3n de la Esperanza trazan una hoja de ruta que demuestra sind\u00e9resis, as\u00ed como propuestas para analizar y poner en pr\u00e1ctica de inmediato. Entre otros temas, acordar una reforma tributaria, necesaria, pero que no puede afectar a\u00fan m\u00e1s el golpeado bolsillo de las clases medias y bajas.<\/p>\n","protected":false},"excerpt":{"rendered":"<p>La editorial de hoy del diario El Espectador, y que transcribimos \u00edntegramente, resume el punto en el que se encuentra el pa\u00eds y llama a la cordura de todos los actores enredados en la grave situaci\u00f3n que atraviesa la naci\u00f3n. El dialogo y la relegaci\u00f3n de posturas intransigentes, son las claves para apagar este incendio que amenaza con arrasar al pa\u00eds.\u00a0<\/p>\n","protected":false},"author":1,"featured_media":5457,"comment_status":"open","ping_status":"open","sticky":false,"template":"","format":"standard","meta":{"footnotes":""},"categories":[85,235,4,3234],"tags":[3235,98,3236,843],"class_list":["post-5456","post","type-post","status-publish","format-standard","has-post-thumbnail","hentry","category-analisis","category-opinion","category-pais","category-protestas","tag-diario-el-espectador","tag-editorial","tag-protestas-en-colombia","tag-violencia"],"_links":{"self":[{"href":"https:\/\/contrastes.com.co\/digital\/wp-json\/wp\/v2\/posts\/5456","targetHints":{"allow":["GET"]}}],"collection":[{"href":"https:\/\/contrastes.com.co\/digital\/wp-json\/wp\/v2\/posts"}],"about":[{"href":"https:\/\/contrastes.com.co\/digital\/wp-json\/wp\/v2\/types\/post"}],"author":[{"embeddable":true,"href":"https:\/\/contrastes.com.co\/digital\/wp-json\/wp\/v2\/users\/1"}],"replies":[{"embeddable":true,"href":"https:\/\/contrastes.com.co\/digital\/wp-json\/wp\/v2\/comments?post=5456"}],"version-history":[{"count":1,"href":"https:\/\/contrastes.com.co\/digital\/wp-json\/wp\/v2\/posts\/5456\/revisions"}],"predecessor-version":[{"id":5458,"href":"https:\/\/contrastes.com.co\/digital\/wp-json\/wp\/v2\/posts\/5456\/revisions\/5458"}],"wp:featuredmedia":[{"embeddable":true,"href":"https:\/\/contrastes.com.co\/digital\/wp-json\/wp\/v2\/media\/5457"}],"wp:attachment":[{"href":"https:\/\/contrastes.com.co\/digital\/wp-json\/wp\/v2\/media?parent=5456"}],"wp:term":[{"taxonomy":"category","embeddable":true,"href":"https:\/\/contrastes.com.co\/digital\/wp-json\/wp\/v2\/categories?post=5456"},{"taxonomy":"post_tag","embeddable":true,"href":"https:\/\/contrastes.com.co\/digital\/wp-json\/wp\/v2\/tags?post=5456"}],"curies":[{"name":"wp","href":"https:\/\/api.w.org\/{rel}","templated":true}]}}