{"id":5522,"date":"2021-05-07T13:31:27","date_gmt":"2021-05-07T18:31:27","guid":{"rendered":"https:\/\/contrastes.com.co\/digital\/?p=5522"},"modified":"2021-05-07T13:32:39","modified_gmt":"2021-05-07T18:32:39","slug":"apuntes-de-un-ciudadano-que-salio-a-marchar-colombia-la-obra-en-la-que-nadie-quiere-actuar","status":"publish","type":"post","link":"https:\/\/contrastes.com.co\/digital\/apuntes-de-un-ciudadano-que-salio-a-marchar-colombia-la-obra-en-la-que-nadie-quiere-actuar\/","title":{"rendered":"Apuntes de un ciudadano que sali\u00f3 a marchar: Colombia&#8230; la obra en la que nadie quiere actuar"},"content":{"rendered":"<p><strong>Apuntes de un ciudadano que sali\u00f3 a marchar: Colombia&#8230; la obra en la que nadie quiere actuar<\/strong><\/p>\n<blockquote><p><em><strong>\u00bfQu\u00e9 dicen sin hablar los actores ausentes de esta tragedia: la iglesia, la banca y la clase pol\u00edtica tradicional?<\/strong><\/em><\/p><\/blockquote>\n<p><strong><img loading=\"lazy\" decoding=\"async\" class=\"alignleft wp-image-5523\" src=\"https:\/\/contrastes.com.co\/digital\/wp-content\/uploads\/2021\/05\/lester-padilla-articulos.png\" alt=\"lester padilla articulos\" width=\"191\" height=\"201\" srcset=\"https:\/\/contrastes.com.co\/digital\/wp-content\/uploads\/2021\/05\/lester-padilla-articulos.png 851w, https:\/\/contrastes.com.co\/digital\/wp-content\/uploads\/2021\/05\/lester-padilla-articulos-285x300.png 285w, https:\/\/contrastes.com.co\/digital\/wp-content\/uploads\/2021\/05\/lester-padilla-articulos-768x809.png 768w\" sizes=\"auto, (max-width: 191px) 100vw, 191px\" \/>Por Lester Padilla\u00a0<\/strong><b>S\u00e1nchez<\/b><\/p>\n<p><img loading=\"lazy\" decoding=\"async\" class=\"alignleft wp-image-1523\" src=\"https:\/\/contrastes.com.co\/digital\/wp-content\/uploads\/2020\/06\/h-capitular.png\" alt=\"h capitular\" width=\"76\" height=\"68\" srcset=\"https:\/\/contrastes.com.co\/digital\/wp-content\/uploads\/2020\/06\/h-capitular.png 100w, https:\/\/contrastes.com.co\/digital\/wp-content\/uploads\/2020\/06\/h-capitular-67x60.png 67w\" sizes=\"auto, (max-width: 76px) 100vw, 76px\" \/>oy me llene de valor, tome mi gorra, camisa manga larga para el sol, el tapabocas que ya ni cosquilla hace a quien no lo lleve por estos d\u00edas, ya que la pandemia ha pasado a un quinto plano en este pa\u00eds, e hice lo que nunca pens\u00e9 hacer\u2026 entr\u00e9 a una marcha \u201cpacifica\u201d.<\/p>\n<p>Mis motivos ser\u00e1n siempre parte de mi reserva personal, pero lo cierto es que hoy viv\u00ed en carne propia las dos caras de una moneda. Por un lado vi cientos de j\u00f3venes a quienes les duele la patria y los contextos sociales, j\u00f3venes que ven el esfuerzo de sus padres para salir adelante, as\u00ed como tambi\u00e9n j\u00f3venes a los que la sociedad no les ha dado una sola oportunidad para surgir, para salir de la incertidumbre.\u00a0 Por otro lado, pude ver directamente a los ojos al mismo <strong><em>satan\u00e1s encarnado<\/em><\/strong>, posesionado de cientos de j\u00f3venes que parecieran no tener ya nada que perder en la vida; j\u00f3venes a los que la sociedad, y en especial las clases dominantes, no les han dado oportunidad alguna de ser diferentes, porque desde que fueron engendrados ya estaban condenados a la miseria en la que se levantaron ellos, sus padres y sus hijos.<\/p>\n<p><img loading=\"lazy\" decoding=\"async\" class=\"size-full wp-image-5525 aligncenter\" src=\"https:\/\/contrastes.com.co\/digital\/wp-content\/uploads\/2021\/05\/articulo-lester-2.jpg\" alt=\"protestas en barranquilla\" width=\"1280\" height=\"720\" srcset=\"https:\/\/contrastes.com.co\/digital\/wp-content\/uploads\/2021\/05\/articulo-lester-2.jpg 1280w, https:\/\/contrastes.com.co\/digital\/wp-content\/uploads\/2021\/05\/articulo-lester-2-300x169.jpg 300w, https:\/\/contrastes.com.co\/digital\/wp-content\/uploads\/2021\/05\/articulo-lester-2-1024x576.jpg 1024w, https:\/\/contrastes.com.co\/digital\/wp-content\/uploads\/2021\/05\/articulo-lester-2-768x432.jpg 768w\" sizes=\"auto, (max-width: 1280px) 100vw, 1280px\" \/><\/p>\n<p>Hoy lo vi, \u201c<em><strong>a satan\u00e1s<\/strong><\/em>\u201d, lo mire a los ojos mientras vandalizaba estaciones del Transmetro, locales comerciales, el mism\u00edsimo CAI del Suri Salcedo y ni que decir de los grandes almacenes de cadena del norte de la ciudad. El maligno, encarnado en los\u00a0 j\u00f3venes pose\u00eddos a quienes les val\u00eda madre si eran impactados por las balas de la polic\u00eda. Una sola realidad, con dos tipos de protagonistas con algo en com\u00fan: \u201cambos tienen derechos\u201d; solo que unos protestan con justicia y otros protestan a trav\u00e9s del caos.<\/p>\n<p>La olla a presi\u00f3n que cocinaba a millones de colombianos que a trav\u00e9s de d\u00e9cadas de aguante, de violencia pol\u00edtica, de corrupci\u00f3n y sobre todo de desigualdad social, ha explotado y esta vez apagar ese vapor humeante requerir\u00e1 de toda una operaci\u00f3n delicada a los tejidos de las fibras sociales m\u00e1s sensibles, no se ve cercana una cirug\u00eda inmediata de parte del estado porque sus inquilinos de turno con sus desafortunadas decisiones diarias durante el paro, encienden cada vez m\u00e1s el fuego. Lamentablemente este gobierno de turno parece haber sepultado -con sus decisiones prepotentes y absurdas- cualquier posibilidad de cese de acciones violentas y vand\u00e1licas.<\/p>\n<p><img loading=\"lazy\" decoding=\"async\" class=\"size-full wp-image-5526 aligncenter\" src=\"https:\/\/contrastes.com.co\/digital\/wp-content\/uploads\/2021\/05\/articulo-lester-3.jpg\" alt=\"\" width=\"1280\" height=\"720\" srcset=\"https:\/\/contrastes.com.co\/digital\/wp-content\/uploads\/2021\/05\/articulo-lester-3.jpg 1280w, https:\/\/contrastes.com.co\/digital\/wp-content\/uploads\/2021\/05\/articulo-lester-3-300x169.jpg 300w, https:\/\/contrastes.com.co\/digital\/wp-content\/uploads\/2021\/05\/articulo-lester-3-1024x576.jpg 1024w, https:\/\/contrastes.com.co\/digital\/wp-content\/uploads\/2021\/05\/articulo-lester-3-768x432.jpg 768w\" sizes=\"auto, (max-width: 1280px) 100vw, 1280px\" \/><\/p>\n<p>&nbsp;<\/p>\n<blockquote><p><em><strong>Esta obra dram\u00e1tica tiene actores con sospechosos papeles y hasta -porqu\u00e9 no decirlo- se nota un suspicaz silencio. Veamos por qu\u00e9.<\/strong><\/em><\/p><\/blockquote>\n<p><strong>LA IGLESIA <\/strong><\/p>\n<p>Muy a pesar de ser Colombia un estado laico, en muchos momentos de la historia se ha visto y notado la presencia activa de estos actores de la fe. La iglesia cat\u00f3lica, como mayor\u00eda y siempre cercana al estado, tradicionalmente participaba, mediaba y hasta aparec\u00eda en la foto final de las grandes decisiones del pa\u00eds. En menor proporci\u00f3n otros grupos religiosos, porque ellos solo tienen sus intereses y participaciones en asuntos propios de su fe. En estos d\u00edas de crisis social ninguno aparece, ni hace por lo menos un llamado a la calma, mucho menos se ofrecen a mediar. En conclusi\u00f3n la religi\u00f3n dice en esta obra: <strong>Esta boca no es m\u00eda.<\/strong><\/p>\n<p><strong>LA BANCA <\/strong><\/p>\n<p>Todos los mandatarios de estado en los \u00faltimos 50 a\u00f1os han contado y seguir\u00e1n haci\u00e9ndolo con el brazo financiero de estos grupos. Se dice que este poder es quien \u201csienta\u201d a un presidente en el palacio de Nari\u00f1o, y por obvias razones todas las decisiones de estado en estas \u00faltimas d\u00e9cadas se toman para beneficiarlos a ellos. Nunca veremos una ley o pol\u00edtica de gobierno en este pa\u00eds que no beneficie primero a la banca. El estado les da dinero para que despu\u00e9s ellos lo presten al pueblo a cambio de altos intereses, son los intermediarios que ganan con justicia su comisi\u00f3n. En conclusi\u00f3n, la banca y los gremios econ\u00f3micos dicen en esta obra: <strong>No muerdas la mano que te da de comer.<\/strong><\/p>\n<p><strong>LOS SENADORES Y REPRESENTANTES<\/strong><\/p>\n<p>En cierta ocasi\u00f3n en un partido de futbol en el barrio Hip\u00f3dromo de Soledad, me top\u00e9 con un entonces candidato que como acto heroico y demostraci\u00f3n de igualdad, se untaba con la pomada llamada pueblo mezcl\u00e1ndose con una barra del frente rojiblanco, gritando las arengas del equipo que jugaba ese d\u00eda. A otro de esos candidatos lo vi con mis propios ojos llorar de emoci\u00f3n al ver a la multitud aplaudirle y recibirle en el barrio Ferrocarril de Soledad, una fr\u00eda noche de enero. Sus l\u00e1grimas de emoci\u00f3n al ver el calor de la gente no lo dejaban hablar y expresarles que cuando fuese senador, devolver\u00eda a cada ciudadano el bienestar y las soluciones necesarias. bla,bla,bla.\u00a0 De esos dos hay 254 en toda Colombia, refugiados en sus estudios de hogar, debatiendo las grandes decisiones que beneficiaran a este dolido pa\u00eds, algunos de ellos sesionando con whiski a la mano, para que sus decisiones sean muy relajadas. Estos s\u00ed que son el verdadero c\u00e1ncer del pa\u00eds, ahora no apoyaron a Duque en la reforma, quien sabe por qu\u00e9, pero pocos de los honorables senadores y representantes ponen pecho para impedir que Colombia no se desangre m\u00e1s. Los senadores y representantes dicen en esta obra: <strong>No voy a patear mi vianda<\/strong>.<\/p>\n<p><strong>CONCLUSI\u00d3N<\/strong><\/p>\n<p>La mesa est\u00e1 servida, solo faltan los comensales. Mientras el estado demuestra su incapacidad de gobernar de mejor manera al pa\u00eds, nos seguimos haciendo da\u00f1o, van ya 9 d\u00edas de terror y no sabemos cu\u00e1ntos m\u00e1s faltan. Tal vez la soluci\u00f3n este en una nueva generaci\u00f3n de l\u00edderes, una generaci\u00f3n libre de esa corrupci\u00f3n que se ha adherido al ADN de nuestro pa\u00eds pol\u00edtico. Tomar\u00e1 muchos a\u00f1os reparar los da\u00f1os sociales y morales que han ocasionado las clases pol\u00edticas a los colombianos, porque decir que Duque y su jefe tienen la culpa es facilismo, ellos son solo quienes est\u00e1n recogiendo la bajezas de sus antecesores. Ellos, los pol\u00edticos, fueron los que sentaron las bases de este sistema actual que luce mal y huele a podrido. La l\u00ednea final de esta obra recita: <strong>La construcci\u00f3n de un nuevo sistema, debe ser resultado de la destrucci\u00f3n del actual.<\/strong><\/p>\n<p>&nbsp;<\/p>\n","protected":false},"excerpt":{"rendered":"<p>Apuntes de un ciudadano que sali\u00f3 a marchar: Colombia&#8230; la obra en la que nadie quiere actuar \u00bfQu\u00e9 dicen sin hablar los actores ausentes de esta tragedia: la iglesia, la banca y la clase pol\u00edtica tradicional? Por Lester Padilla\u00a0S\u00e1nchez oy me llene de valor, tome mi gorra, camisa manga larga para el sol, el tapabocas [&hellip;]<\/p>\n","protected":false},"author":1,"featured_media":5693,"comment_status":"open","ping_status":"open","sticky":false,"template":"","format":"standard","meta":{"footnotes":""},"categories":[85,235,3234,6],"tags":[3247,224,3261,3263,3237,3262],"class_list":["post-5522","post","type-post","status-publish","format-standard","has-post-thumbnail","hentry","category-analisis","category-opinion","category-protestas","category-region","tag-actos-vandalicos","tag-distrito-de-barranquilla","tag-lester-padilla","tag-manifestaciones-populares","tag-paro-nacional-en-colombia","tag-protestas-en-barranquilla"],"_links":{"self":[{"href":"https:\/\/contrastes.com.co\/digital\/wp-json\/wp\/v2\/posts\/5522","targetHints":{"allow":["GET"]}}],"collection":[{"href":"https:\/\/contrastes.com.co\/digital\/wp-json\/wp\/v2\/posts"}],"about":[{"href":"https:\/\/contrastes.com.co\/digital\/wp-json\/wp\/v2\/types\/post"}],"author":[{"embeddable":true,"href":"https:\/\/contrastes.com.co\/digital\/wp-json\/wp\/v2\/users\/1"}],"replies":[{"embeddable":true,"href":"https:\/\/contrastes.com.co\/digital\/wp-json\/wp\/v2\/comments?post=5522"}],"version-history":[{"count":3,"href":"https:\/\/contrastes.com.co\/digital\/wp-json\/wp\/v2\/posts\/5522\/revisions"}],"predecessor-version":[{"id":5529,"href":"https:\/\/contrastes.com.co\/digital\/wp-json\/wp\/v2\/posts\/5522\/revisions\/5529"}],"wp:featuredmedia":[{"embeddable":true,"href":"https:\/\/contrastes.com.co\/digital\/wp-json\/wp\/v2\/media\/5693"}],"wp:attachment":[{"href":"https:\/\/contrastes.com.co\/digital\/wp-json\/wp\/v2\/media?parent=5522"}],"wp:term":[{"taxonomy":"category","embeddable":true,"href":"https:\/\/contrastes.com.co\/digital\/wp-json\/wp\/v2\/categories?post=5522"},{"taxonomy":"post_tag","embeddable":true,"href":"https:\/\/contrastes.com.co\/digital\/wp-json\/wp\/v2\/tags?post=5522"}],"curies":[{"name":"wp","href":"https:\/\/api.w.org\/{rel}","templated":true}]}}