{"id":5812,"date":"2021-05-14T20:08:38","date_gmt":"2021-05-15T01:08:38","guid":{"rendered":"https:\/\/contrastes.com.co\/digital\/?p=5812"},"modified":"2021-05-14T20:08:38","modified_gmt":"2021-05-15T01:08:38","slug":"colombia-supero-las-80-mil-muertes-por-coronavirus-490-fallecidos-en-ultimas-24-horas","status":"publish","type":"post","link":"https:\/\/contrastes.com.co\/digital\/colombia-supero-las-80-mil-muertes-por-coronavirus-490-fallecidos-en-ultimas-24-horas\/","title":{"rendered":"Colombia super\u00f3 las 80 mil muertes por coronavirus, 490 fallecidos en \u00faltimas 24 horas"},"content":{"rendered":"<p><strong>Colombia super\u00f3 las 80.000 muertes por coronavirus, en las \u00faltimas 24 horas se reportaron 490 fallecimientos por este virus<\/strong><\/p>\n<p>El Ministerio de Salud confirm\u00f3 este viernes 16.581 nuevos casos de coronavirus en Colombia, luego de procesar 39.547 pruebas PCR y 31.973 de ant\u00edgenos en las \u00faltimas 24 horas. Con esta cifra, el total de contagios se eleva a 3.084.460.<\/p>\n<p>Por su parte, se reportaron 490 fallecimientos m\u00e1s, lo que aumenta la cifra de muertes a 80.250, mientras que el n\u00famero de recuperados ascendi\u00f3 a 2.888.990.<\/p>\n<p>As\u00ed mismo, el n\u00famero de casos activos se ubic\u00f3 este viernes en 105.019.<\/p>\n<p><a href=\"https:\/\/twitter.com\/MinSaludCol\/status\/1393328869034414081?ref_src=twsrc%5Etfw%7Ctwcamp%5Etweetembed%7Ctwterm%5E1393328869034414081%7Ctwgr%5E%7Ctwcon%5Es1_&#038;ref_url=https%3A%2F%2Fwww.portafolio.co%2Feconomia%2Fcasos-contagios-de-coronavirus-en-colombia-hoy-miercoles-14-de-mayo-de-2021-551959\">https:\/\/twitter.com\/MinSaludCol\/status\/1393328869034414081?ref_src=twsrc%5Etfw%7Ctwcamp%5Etweetembed%7Ctwterm%5E1393328869034414081%7Ctwgr%5E%7Ctwcon%5Es1_&amp;ref_url=https%3A%2F%2Fwww.portafolio.co%2Feconomia%2Fcasos-contagios-de-coronavirus-en-colombia-hoy-miercoles-14-de-mayo-de-2021-551959<\/a><\/p>\n","protected":false},"excerpt":{"rendered":"<p>MinSalud confirm\u00f3 este viernes 16.581 nuevos casos de coronavirus en Colombia, luego de procesar 39.547 pruebas PCR y 31.973 de ant\u00edgenos en las \u00faltimas 24 horas. Con esta cifra, el total de contagios se eleva a 3.084.460.<\/p>\n","protected":false},"author":1,"featured_media":5814,"comment_status":"open","ping_status":"open","sticky":false,"template":"","format":"standard","meta":{"footnotes":""},"categories":[70,4,268],"tags":[3360,61,3361],"class_list":["post-5812","post","type-post","status-publish","format-standard","has-post-thumbnail","hentry","category-coronavirus","category-pais","category-salud","tag-fallecidos-por-covid-en-colombia","tag-ministerio-de-salud","tag-reporte-oficial"],"_links":{"self":[{"href":"https:\/\/contrastes.com.co\/digital\/wp-json\/wp\/v2\/posts\/5812","targetHints":{"allow":["GET"]}}],"collection":[{"href":"https:\/\/contrastes.com.co\/digital\/wp-json\/wp\/v2\/posts"}],"about":[{"href":"https:\/\/contrastes.com.co\/digital\/wp-json\/wp\/v2\/types\/post"}],"author":[{"embeddable":true,"href":"https:\/\/contrastes.com.co\/digital\/wp-json\/wp\/v2\/users\/1"}],"replies":[{"embeddable":true,"href":"https:\/\/contrastes.com.co\/digital\/wp-json\/wp\/v2\/comments?post=5812"}],"version-history":[{"count":1,"href":"https:\/\/contrastes.com.co\/digital\/wp-json\/wp\/v2\/posts\/5812\/revisions"}],"predecessor-version":[{"id":5815,"href":"https:\/\/contrastes.com.co\/digital\/wp-json\/wp\/v2\/posts\/5812\/revisions\/5815"}],"wp:featuredmedia":[{"embeddable":true,"href":"https:\/\/contrastes.com.co\/digital\/wp-json\/wp\/v2\/media\/5814"}],"wp:attachment":[{"href":"https:\/\/contrastes.com.co\/digital\/wp-json\/wp\/v2\/media?parent=5812"}],"wp:term":[{"taxonomy":"category","embeddable":true,"href":"https:\/\/contrastes.com.co\/digital\/wp-json\/wp\/v2\/categories?post=5812"},{"taxonomy":"post_tag","embeddable":true,"href":"https:\/\/contrastes.com.co\/digital\/wp-json\/wp\/v2\/tags?post=5812"}],"curies":[{"name":"wp","href":"https:\/\/api.w.org\/{rel}","templated":true}]}}