{"id":5816,"date":"2021-05-14T20:41:13","date_gmt":"2021-05-15T01:41:13","guid":{"rendered":"https:\/\/contrastes.com.co\/digital\/?p=5816"},"modified":"2021-05-14T21:21:45","modified_gmt":"2021-05-15T02:21:45","slug":"5816-2","status":"publish","type":"post","link":"https:\/\/contrastes.com.co\/digital\/5816-2\/","title":{"rendered":"Denuncian que \u00faltimas dos jornadas de protesta en Barranquilla dejaron 77 heridos"},"content":{"rendered":"<p><strong>Denuncian que \u00faltimas dos jornadas de protesta en Barranquilla dejaron 77 heridos<\/strong><\/p>\n<blockquote><p><strong>Durante el mi\u00e9rcoles 12 y el jueves 13 de mayo, cientos de manifestantes se reunieron en los alrededores del estadio Romelio Mart\u00ednez para pedirle a la alcald\u00eda y a la Confederaci\u00f3n Sudamericana de F\u00fatbol (Conmebol) que suspendieran los partidos que se ten\u00edan previstos por la Copa Libertadores.<\/strong><\/p><\/blockquote>\n<p><em><strong><a href=\"https:\/\/www.elespectador.com\/noticias\/nacional\/denuncian-que-ultimas-dos-jornadas-de-protesta-en-barranquilla-dejaron-77-heridos\/\">elespectador.com<\/a><\/strong><\/em><\/p>\n<p>Los defensores de derechos humanos de la campa\u00f1a \u201cDefender la Libertad\u201d denuncian ataques contra brigadas m\u00e9dicas, dos casos de abuso sexual y robos por parte de miembros de la Polic\u00eda.<\/p>\n<figure id=\"attachment_5818\" aria-describedby=\"caption-attachment-5818\" style=\"width: 1200px\" class=\"wp-caption aligncenter\"><img loading=\"lazy\" decoding=\"async\" class=\"wp-image-5818 size-full\" src=\"https:\/\/contrastes.com.co\/digital\/wp-content\/uploads\/2021\/05\/heridos-quilla.jpg\" alt=\"heridos barranquilla\" width=\"1200\" height=\"670\" srcset=\"https:\/\/contrastes.com.co\/digital\/wp-content\/uploads\/2021\/05\/heridos-quilla.jpg 1200w, https:\/\/contrastes.com.co\/digital\/wp-content\/uploads\/2021\/05\/heridos-quilla-300x168.jpg 300w, https:\/\/contrastes.com.co\/digital\/wp-content\/uploads\/2021\/05\/heridos-quilla-1024x572.jpg 1024w, https:\/\/contrastes.com.co\/digital\/wp-content\/uploads\/2021\/05\/heridos-quilla-768x429.jpg 768w\" sizes=\"auto, (max-width: 1200px) 100vw, 1200px\" \/><figcaption id=\"caption-attachment-5818\" class=\"wp-caption-text\">Durante el mi\u00e9rcoles y jueves de esta semana, cientos de personas se manifestaron en contra de la realizaci\u00f3n de los partidos por Copa Libertadores. Los plantones, inicialmente pac\u00edficos, terminaron en enfrentamientos con la fuerza p\u00fablica. \/ Twitter<\/figcaption><\/figure>\n<p>Durante el mi\u00e9rcoles 12 y el jueves 13 de mayo, cientos de manifestantes se reunieron en los alrededores del estadio Romelio Mart\u00ednez para pedirle a la alcald\u00eda y a la Confederaci\u00f3n Sudamericana de F\u00fatbol (Conmebol) que suspendieran los partidos que se ten\u00edan previstos por la Copa Libertadores. A pesar de las peticiones, los encuentros se disputaron y, m\u00e1s all\u00e1 del resultado, el saldo fue, seg\u00fan miembros de la campa\u00f1a \u201cDefender la Libertad\u201d en el Atl\u00e1ntico, 77 personas heridas. El caso m\u00e1s delicado fue el de un joven que ahogado por el efecto de los gases lacrim\u00f3genos necesit\u00f3 ser reanimado en un centro m\u00e9dico.<\/p>\n<p><a href=\"https:\/\/twitter.com\/elmangle\/status\/1392629303725133824\">https:\/\/twitter.com\/elmangle\/status\/1392629303725133824<\/a><\/p>\n<p>Esta campa\u00f1a, que cuenta con el apoyo de defensores de derechos humanos del Comit\u00e9 de Solidaridad con los Presos Pol\u00edticos (CSPP), denunci\u00f3 tambi\u00e9n ataques contra las brigadas m\u00e9dicas que atend\u00edan a los heridos e, incluso, contra los mismos miembros de la misi\u00f3n de verificaci\u00f3n de derechos humanos.<\/p>\n<p>Otro es el panorama para la Polic\u00eda y el alcalde de la ciudad, Jaime Pumarejo. Seg\u00fan el comandante de la Polic\u00eda Metropolitana de Barranquilla, general Diego Hern\u00e1n Rosero, el mi\u00e9rcoles 12 solo se presentaron 7 heridos, algunos de ellos sufrieron lesiones por impactos de objetos contundentes, as\u00ed como por inhalaci\u00f3n de gases. Frente a la diferencia significativa en el registro de n\u00famero de heridos, argument\u00f3 que los reportes se hicieron desde el Puesto de Mando Unificado coordinado por la Defensor\u00eda del Pueblo y la ONU.<\/p>\n<p><a href=\"https:\/\/twitter.com\/PinoCalad\/status\/1392991068665307139\">https:\/\/twitter.com\/PinoCalad\/status\/1392991068665307139<\/a><\/p>\n<p>Mientras tanto, Pumarejo afirm\u00f3 el jueves en la ma\u00f1ana que \u201cse utiliz\u00f3 la fuerza lo menos que se pod\u00eda emplear para que no hubiera hechos m\u00e1s dram\u00e1ticos que lamentar\u201d. El mandatario tambi\u00e9n se\u00f1al\u00f3 que, aunque el gobierno local es respetuoso de la manifestaci\u00f3n pac\u00edfica, debe garantizar por igual la realizaci\u00f3n de las actividades de quienes no marchan.<\/p>\n<p>A pesar de lo que dicen las autoridades locales, el balance que entregan desde la campa\u00f1a es mucho m\u00e1s grave. Tambi\u00e9n reconocen que algunos de los acuerdos que se han alcanzado con la fuerza p\u00fablica se han cumplido, aunque no en un 100%. Dicen que en un Puesto de Mando Unificado (PMU) llevado a cabo la semana pasada, y en el que tienen espacio, acordaron con la Polic\u00eda que ninguna persona detenida en el marco de las protestas fuera retenida ya que \u201centre el 1\u00ba y el 4 de mayo se retuvieron a 250 personas. A la Unidad Permanente de Justicia (UPJ) no le cab\u00eda m\u00e1s gente\u201d comenta una de las defensoras.<\/p>\n","protected":false},"excerpt":{"rendered":"<p>Durante el mi\u00e9rcoles 12 y el jueves 13 de mayo, cientos de manifestantes se reunieron en los alrededores del estadio Romelio Mart\u00ednez para pedirle a la alcald\u00eda y a la Confederaci\u00f3n Sudamericana de F\u00fatbol (Conmebol) que suspendieran los partidos que se ten\u00edan previstos por la Copa Libertadores.<\/p>\n","protected":false},"author":1,"featured_media":5817,"comment_status":"open","ping_status":"open","sticky":false,"template":"","format":"standard","meta":{"footnotes":""},"categories":[2,3234,1247],"tags":[3363,224,1125,3362],"class_list":["post-5816","post","type-post","status-publish","format-standard","has-post-thumbnail","hentry","category-locales","category-protestas","category-sucesos","tag-detenidos-y-heridos","tag-distrito-de-barranquilla","tag-jaime-pumarejo","tag-protestas-por-partidos-de-futbol"],"_links":{"self":[{"href":"https:\/\/contrastes.com.co\/digital\/wp-json\/wp\/v2\/posts\/5816","targetHints":{"allow":["GET"]}}],"collection":[{"href":"https:\/\/contrastes.com.co\/digital\/wp-json\/wp\/v2\/posts"}],"about":[{"href":"https:\/\/contrastes.com.co\/digital\/wp-json\/wp\/v2\/types\/post"}],"author":[{"embeddable":true,"href":"https:\/\/contrastes.com.co\/digital\/wp-json\/wp\/v2\/users\/1"}],"replies":[{"embeddable":true,"href":"https:\/\/contrastes.com.co\/digital\/wp-json\/wp\/v2\/comments?post=5816"}],"version-history":[{"count":2,"href":"https:\/\/contrastes.com.co\/digital\/wp-json\/wp\/v2\/posts\/5816\/revisions"}],"predecessor-version":[{"id":5825,"href":"https:\/\/contrastes.com.co\/digital\/wp-json\/wp\/v2\/posts\/5816\/revisions\/5825"}],"wp:featuredmedia":[{"embeddable":true,"href":"https:\/\/contrastes.com.co\/digital\/wp-json\/wp\/v2\/media\/5817"}],"wp:attachment":[{"href":"https:\/\/contrastes.com.co\/digital\/wp-json\/wp\/v2\/media?parent=5816"}],"wp:term":[{"taxonomy":"category","embeddable":true,"href":"https:\/\/contrastes.com.co\/digital\/wp-json\/wp\/v2\/categories?post=5816"},{"taxonomy":"post_tag","embeddable":true,"href":"https:\/\/contrastes.com.co\/digital\/wp-json\/wp\/v2\/tags?post=5816"}],"curies":[{"name":"wp","href":"https:\/\/api.w.org\/{rel}","templated":true}]}}