{"id":5833,"date":"2021-05-15T12:44:46","date_gmt":"2021-05-15T17:44:46","guid":{"rendered":"https:\/\/contrastes.com.co\/digital\/?p=5833"},"modified":"2021-05-15T12:44:46","modified_gmt":"2021-05-15T17:44:46","slug":"colombia-alcanzara-la-inmunidad-de-rebano-en-diciembre-ministro-de-salud","status":"publish","type":"post","link":"https:\/\/contrastes.com.co\/digital\/colombia-alcanzara-la-inmunidad-de-rebano-en-diciembre-ministro-de-salud\/","title":{"rendered":"\u00abColombia alcanzar\u00e1 la inmunidad de reba\u00f1o en diciembre\u00bb: ministro de Salud"},"content":{"rendered":"<p><strong>Colombia alcanzar\u00e1 la inmunidad de reba\u00f1o en diciembre y otros anuncios del ministro de Salud<\/strong><\/p>\n<blockquote><p><em><strong>El ministro Fernando Ruiz revel\u00f3, adem\u00e1s, que el Gobierno ya tiene contratos con Rusia para traer la vacuna Sputnik V y dijo los \u2018beneficios\u2019 de la controversial reforma a la salud.<\/strong><\/em><\/p><\/blockquote>\n<h5><em><strong><a href=\"https:\/\/www.infobae.com\/america\/colombia\/2021\/05\/15\/colombia-alcanzara-la-inmunidad-de-rebano-en-diciembre-y-otros-anuncios-del-ministro-de-salud\/\">infobae.com<\/a><\/strong><\/em><\/h5>\n<p>De cara al tercer pico de covid-19 en Colombia, donde se super\u00f3 el lamentable r\u00e9cord de m\u00e1s de 80 mil muertos y 3 millones de contagios, el <strong>ministro de Salud, Fernando Ruiz<\/strong>, sostuvo una entrevista con la revista Semana y se refiri\u00f3 a la situaci\u00f3n actual del pa\u00eds, donde, adem\u00e1s, hizo importantes anuncios sobre la fecha en que el territorio nacional alcanzar\u00eda la anhelada inmunidad de reba\u00f1o.<\/p>\n<p>Sobre el panorama salubrista que enfrenta Bogot\u00e1, la capital del pa\u00eds, el alto funcionario del Gobierno asegur\u00f3 que <strong>\u201cestamos en la parte m\u00e1s alta del pico\u201d<\/strong> y destac\u00f3 que<strong> la vacunaci\u00f3n ha contribuido con la disminuci\u00f3n del virus en \u201clas personas de 80 a\u00f1os\u201d<\/strong> que ya han sido inmunizados contra la enfermedad; adem\u00e1s, alert\u00f3 que el covid-19 est\u00e1 siendo m\u00e1s frecuente en los j\u00f3venes.<\/p>\n<p>Por otro lado, Ruiz reconoci\u00f3 que, <strong>aunque Bogot\u00e1 no tiene un colapso hospitalario actualmente, s\u00ed hay \u201cla mayor ocupaci\u00f3n hospitalaria\u201d<\/strong> y destac\u00f3 las cuarentenas 4&#215;3 que implement\u00f3 la Alcald\u00eda capitalina para contener la pandemia en la ciudad.<\/p>\n<p>El ministro fue indagado sobre la incidencia del paro nacional en los contagios, cit\u00f3 el caso de los Estados Unidos, donde aumentaron los registros de coronavirus luego de las manifestaciones sociales, y asegur\u00f3 que <strong>en Colombia hay un riesgo en que los j\u00f3venes marchantes salen a protestar, se contagian y \u201ccuando regresan a sus viviendas se da el contagio de personas mayores, que terminan demandando unidades de cuidados intensivos\u201d<\/strong>.<\/p>\n<p>En Semana le preguntaron por el arribo de la vacuna rusa Sputnik V, el ministro reconoci\u00f3 que el Gobierno ya posee \u201cun acuerdo de confidencialidad\u201d con la empresa, pero dio a entender que <strong>no hay af\u00e1n porque Colombia ya adquiri\u00f3 \u201c70 millones -de dosis- que nos alcanzan para la poblaci\u00f3n que queremos inmunizar en Colombi<\/strong>a\u201d.<\/p>\n<p>Una de las vacunas con mayor eficacia contra el SARS-CoV-2 es <strong>la de Moderna, el jefe de la cartera de Salud asegur\u00f3 que pronto llegar\u00e1n las 10 millones de dosis que Colombia compr\u00f3 de esa farmac\u00e9utica<\/strong> y adul\u00f3 esta gesti\u00f3n debido a que:<\/p>\n<blockquote><p><strong><img loading=\"lazy\" decoding=\"async\" class=\"alignleft  wp-image-5834\" src=\"https:\/\/contrastes.com.co\/digital\/wp-content\/uploads\/2021\/05\/comillas.png\" alt=\"comillas\" width=\"44\" height=\"44\" srcset=\"https:\/\/contrastes.com.co\/digital\/wp-content\/uploads\/2021\/05\/comillas.png 150w, https:\/\/contrastes.com.co\/digital\/wp-content\/uploads\/2021\/05\/comillas-60x60.png 60w\" sizes=\"auto, (max-width: 44px) 100vw, 44px\" \/>\u201cSomos el \u00fanico pa\u00eds latinoamericano que ha adquirido vacunas de Moderna. Es excelente, y va a llegar a partir de junio con 100.000 dosis y en julio en mayores cantidades\u201d, Ruiz G\u00f3mez en Semana.<\/strong><\/p><\/blockquote>\n<p>En otro de sus pronunciamientos, Ruiz revel\u00f3 que el MinSalud <strong>no se opone a que los colombianos viajen a Estados Unidos a inmunizarse contra el covid, pero enfatiz\u00f3 en que no pueden pretender ponerse una dosis en ese pa\u00eds y regresar a Colombia a solicitar la segunda porque violan \u201clas prioridades del Plan Nacional de Vacunaci\u00f3n\u201d<\/strong>.<\/p>\n<p>Adem\u00e1s, se refiri\u00f3 al llamado \u201cturismo de vacunas\u201d y asegur\u00f3 que e<strong>s: \u201cprofundamente inequitativo en el \u00e1mbito mundial que haya pa\u00edses que ofertan vacunas en exceso, mientras que algunos est\u00e1n con limitaciones\u201d.<\/strong><\/p>\n<p>Fernando Ruiz contin\u00faa con<strong> la meta de que a finales del 2021 se hayan inoculado a 35 millones de colombianos<\/strong> y espera que, de acuerdo a la evidencia cient\u00edfica, se puedan vacunar a m\u00e1s connacionales. <strong>Sobre la inmunidad de reba\u00f1o, asegur\u00f3 que el Gobierno espera que este evento epidemiol\u00f3gico suceda en diciembre.<\/strong><\/p>\n<blockquote><p><strong><img loading=\"lazy\" decoding=\"async\" class=\"alignleft  wp-image-5834\" src=\"https:\/\/contrastes.com.co\/digital\/wp-content\/uploads\/2021\/05\/comillas.png\" alt=\"comillas\" width=\"44\" height=\"44\" srcset=\"https:\/\/contrastes.com.co\/digital\/wp-content\/uploads\/2021\/05\/comillas.png 150w, https:\/\/contrastes.com.co\/digital\/wp-content\/uploads\/2021\/05\/comillas-60x60.png 60w\" sizes=\"auto, (max-width: 44px) 100vw, 44px\" \/>\u201cNuestro horizonte es que en diciembre tengamos inmunidad de reba\u00f1o, o sea, el 70 por ciento de la poblaci\u00f3n vacunada\u201d, anunci\u00f3.<\/strong><\/p><\/blockquote>\n<p>Aunque aclar\u00f3 que esto podr\u00eda cambiar porque \u201cpodr\u00eda ser que necesitemos una proporci\u00f3n mayor de vacunados, cercana al 80 o 90 por ciento\u201d, expres\u00f3 el ministro a Semana. Por otro lado, reconoci\u00f3 que s\u00ed <strong>hay posibilidad de que Colombia enfrente nuevos picos de coronavirus<\/strong> y <strong>reiter\u00f3 el respaldo que el \u201cGobierno, por medio del Ministerio de Salud, le ha dado su pleno respaldo\u201d a la controversial reforma a la salud<\/strong>.<\/p>\n<p>El funcionario destac\u00f3 algunos de los beneficios que, seg\u00fan \u00e9l, traer\u00eda ese esquema para la salud de los colombianos: <strong>\u201cUn modelo de atenci\u00f3n preventiva, redes de atenci\u00f3n integradas y el fin del paseo de la muerte. (&#8230;) Depuraci\u00f3n de EPS, y que queden \u00fanicamente las buenas. (&#8230;) Se busca que los hospitales p\u00fablicos sean eficientes y presten buenos servicios\u201d,<\/strong> expres\u00f3.<\/p>\n<p>Finalmente, asegur\u00f3 que sobre la dicha reforma hay \u201cfalacias\u201d, <strong>desminti\u00f3 que la gente tenga que pagar por \u201csu atenci\u00f3n en salud\u201d, reiter\u00f3 que no acabar\u00e1n con el Instituto Nacional de Cancerolog\u00eda y calific\u00f3 los ataques contra el proyecto, que ya se abre paso en el Congreso, como \u201cun tema de campa\u00f1a electoral\u201d<\/strong>.<\/p>\n","protected":false},"excerpt":{"rendered":"<p>El ministro de Salud, Fernando Ruiz, sostuvo una entrevista con la revista Semana y se refiri\u00f3 a la situaci\u00f3n actual del pa\u00eds, donde, adem\u00e1s, hizo importantes anuncios sobre la fecha en que el territorio nacional alcanzar\u00eda la anhelada inmunidad de reba\u00f1o.<\/p>\n","protected":false},"author":1,"featured_media":5835,"comment_status":"open","ping_status":"open","sticky":false,"template":"","format":"standard","meta":{"footnotes":""},"categories":[70,4,268,2861],"tags":[3372,2408,2582,1452,1862],"class_list":["post-5833","post","type-post","status-publish","format-standard","has-post-thumbnail","hentry","category-coronavirus","category-pais","category-salud","category-vacunacion","tag-coronavirus-en-colombia","tag-fernando-ruiz","tag-inmunidad-de-rebano","tag-ministro-de-salud","tag-vacunacion"],"_links":{"self":[{"href":"https:\/\/contrastes.com.co\/digital\/wp-json\/wp\/v2\/posts\/5833","targetHints":{"allow":["GET"]}}],"collection":[{"href":"https:\/\/contrastes.com.co\/digital\/wp-json\/wp\/v2\/posts"}],"about":[{"href":"https:\/\/contrastes.com.co\/digital\/wp-json\/wp\/v2\/types\/post"}],"author":[{"embeddable":true,"href":"https:\/\/contrastes.com.co\/digital\/wp-json\/wp\/v2\/users\/1"}],"replies":[{"embeddable":true,"href":"https:\/\/contrastes.com.co\/digital\/wp-json\/wp\/v2\/comments?post=5833"}],"version-history":[{"count":1,"href":"https:\/\/contrastes.com.co\/digital\/wp-json\/wp\/v2\/posts\/5833\/revisions"}],"predecessor-version":[{"id":5836,"href":"https:\/\/contrastes.com.co\/digital\/wp-json\/wp\/v2\/posts\/5833\/revisions\/5836"}],"wp:featuredmedia":[{"embeddable":true,"href":"https:\/\/contrastes.com.co\/digital\/wp-json\/wp\/v2\/media\/5835"}],"wp:attachment":[{"href":"https:\/\/contrastes.com.co\/digital\/wp-json\/wp\/v2\/media?parent=5833"}],"wp:term":[{"taxonomy":"category","embeddable":true,"href":"https:\/\/contrastes.com.co\/digital\/wp-json\/wp\/v2\/categories?post=5833"},{"taxonomy":"post_tag","embeddable":true,"href":"https:\/\/contrastes.com.co\/digital\/wp-json\/wp\/v2\/tags?post=5833"}],"curies":[{"name":"wp","href":"https:\/\/api.w.org\/{rel}","templated":true}]}}