{"id":5842,"date":"2021-05-15T18:23:09","date_gmt":"2021-05-15T23:23:09","guid":{"rendered":"https:\/\/contrastes.com.co\/digital\/?p=5842"},"modified":"2021-05-15T18:24:10","modified_gmt":"2021-05-15T23:24:10","slug":"jornada-masiva-de-vacunacion-contra-el-covid-19-en-soledad-continua-durante-15-dias","status":"publish","type":"post","link":"https:\/\/contrastes.com.co\/digital\/jornada-masiva-de-vacunacion-contra-el-covid-19-en-soledad-continua-durante-15-dias\/","title":{"rendered":"Jornada masiva de vacunaci\u00f3n contra el Covid-19 en Soledad contin\u00faa durante 15 d\u00edas"},"content":{"rendered":"<p><strong>Jornada masiva de vacunaci\u00f3n contra el Covid-19 en Soledad contin\u00faa durante 15 d\u00edas<\/strong><\/p>\n<blockquote><p><strong>El horario de atenci\u00f3n en el lugar es de las 8 de la ma\u00f1ana hasta las 4 de la tarde y en \u00e9l se atender\u00e1 a las personas de 60 a\u00f1os en adelante, que no se han vacunado o que ya recibieron la primera dosis y est\u00e1n pendientes de la segunda.<\/strong><\/p><\/blockquote>\n<figure id=\"attachment_5848\" aria-describedby=\"caption-attachment-5848\" style=\"width: 1200px\" class=\"wp-caption alignleft\"><img loading=\"lazy\" decoding=\"async\" class=\"wp-image-5848 size-full\" src=\"https:\/\/contrastes.com.co\/digital\/wp-content\/uploads\/2021\/05\/vacunacion-6.jpg\" alt=\"chino vacuna\" width=\"1200\" height=\"783\" srcset=\"https:\/\/contrastes.com.co\/digital\/wp-content\/uploads\/2021\/05\/vacunacion-6.jpg 1200w, https:\/\/contrastes.com.co\/digital\/wp-content\/uploads\/2021\/05\/vacunacion-6-300x196.jpg 300w, https:\/\/contrastes.com.co\/digital\/wp-content\/uploads\/2021\/05\/vacunacion-6-1024x668.jpg 1024w, https:\/\/contrastes.com.co\/digital\/wp-content\/uploads\/2021\/05\/vacunacion-6-768x501.jpg 768w\" sizes=\"auto, (max-width: 1200px) 100vw, 1200px\" \/><figcaption id=\"caption-attachment-5848\" class=\"wp-caption-text\">El famoso periodista Luis \u00abEl Chino\u00bb Higuera fue uno de los primeros en vacunarse en este Centro Masivo de Vacunaci\u00f3n, lo acompa\u00f1a en la fotograf\u00eda la secretaria Departamental de Salud, Alma Solano.<\/figcaption><\/figure>\n<p><strong>Soledad.-<\/strong> Con el fin de cubrir el total de la poblaci\u00f3n mayor de 60 a\u00f1os, la <strong>Gobernaci\u00f3n del Atl\u00e1ntico, la Alcald\u00eda municipal<\/strong> y el <strong>Hospital Materno Infantil de Soledad<\/strong> acordaron extender la jornada masiva de vacunaci\u00f3n contra el Covid-19, que se desarrolla en<strong> Combarranquilla de la calle 30, durante 15 d\u00edas<\/strong> a partir de este s\u00e1bado.<\/p>\n<p>El horario de atenci\u00f3n en el lugar es de las 8 de la ma\u00f1ana hasta las 4 de la tarde y en \u00e9l se atender\u00e1 a las personas de 60 a\u00f1os en adelante, que no se han vacunado o que ya recibieron la primera dosis y est\u00e1n pendientes de la segunda.<\/p>\n<figure id=\"attachment_5844\" aria-describedby=\"caption-attachment-5844\" style=\"width: 1200px\" class=\"wp-caption aligncenter\"><img loading=\"lazy\" decoding=\"async\" class=\"wp-image-5844 size-full\" src=\"https:\/\/contrastes.com.co\/digital\/wp-content\/uploads\/2021\/05\/vacunacion-2.jpg\" alt=\"combarranquilla 278\" width=\"1200\" height=\"783\" srcset=\"https:\/\/contrastes.com.co\/digital\/wp-content\/uploads\/2021\/05\/vacunacion-2.jpg 1200w, https:\/\/contrastes.com.co\/digital\/wp-content\/uploads\/2021\/05\/vacunacion-2-300x196.jpg 300w, https:\/\/contrastes.com.co\/digital\/wp-content\/uploads\/2021\/05\/vacunacion-2-1024x668.jpg 1024w, https:\/\/contrastes.com.co\/digital\/wp-content\/uploads\/2021\/05\/vacunacion-2-768x501.jpg 768w\" sizes=\"auto, (max-width: 1200px) 100vw, 1200px\" \/><figcaption id=\"caption-attachment-5844\" class=\"wp-caption-text\">La primera persona mayor inmunizada en este puesto fue Ana Carolina Mendoza. \u00abLos invito a todos a que vengan a vacunarse. Yo ten\u00eda miedo, pero decid\u00ed venir para salvar a mi familia y a todos mis amigos. No tengan miedo, con la vacuna saldremos pronto de esta crisis que estamos pasando\u00bb, manifest\u00f3. Foto Adolfo Caballero &#8211; Ofiprensa Soledad<\/figcaption><\/figure>\n<blockquote><p><strong><img loading=\"lazy\" decoding=\"async\" class=\"alignleft wp-image-5834\" src=\"https:\/\/contrastes.com.co\/digital\/wp-content\/uploads\/2021\/05\/comillas.png\" alt=\"comillas\" width=\"54\" height=\"54\" srcset=\"https:\/\/contrastes.com.co\/digital\/wp-content\/uploads\/2021\/05\/comillas.png 150w, https:\/\/contrastes.com.co\/digital\/wp-content\/uploads\/2021\/05\/comillas-60x60.png 60w\" sizes=\"auto, (max-width: 54px) 100vw, 54px\" \/>\u201cEs un lugar con excelente ventilaci\u00f3n y seguridad para disminuir el riesgo de contagio. Invitamos a las personas mayores de 60 a\u00f1os a presentarse con su c\u00e9dula de ciudadan\u00eda y enfatizamos que no necesitan cita\u00bb: Rodolfo Ucr\u00f3s Rosales, alcalde de Soledad.<\/strong><\/p><\/blockquote>\n<p>En el acto de apertura del nuevo punto de vacunaci\u00f3n realizado este viernes, hizo presencia la gobernadora Elsa Noguera de la Espriella, el alcalde Rodolfo Ucr\u00f3s Rosales, la secretaria de Salud municipal, Maiela Barrios; la secretaria de Salud departamental, Alma Solano, y el gerente del Hospital Materno Infantil, Juan S\u00e1nchez P\u00e1ez.<\/p>\n<figure id=\"attachment_5847\" aria-describedby=\"caption-attachment-5847\" style=\"width: 1200px\" class=\"wp-caption aligncenter\"><img loading=\"lazy\" decoding=\"async\" class=\"wp-image-5847 size-full\" src=\"https:\/\/contrastes.com.co\/digital\/wp-content\/uploads\/2021\/05\/combarranquilla-789-45.jpg\" alt=\"combarranquilla 789\" width=\"1200\" height=\"783\" srcset=\"https:\/\/contrastes.com.co\/digital\/wp-content\/uploads\/2021\/05\/combarranquilla-789-45.jpg 1200w, https:\/\/contrastes.com.co\/digital\/wp-content\/uploads\/2021\/05\/combarranquilla-789-45-300x196.jpg 300w, https:\/\/contrastes.com.co\/digital\/wp-content\/uploads\/2021\/05\/combarranquilla-789-45-1024x668.jpg 1024w, https:\/\/contrastes.com.co\/digital\/wp-content\/uploads\/2021\/05\/combarranquilla-789-45-768x501.jpg 768w\" sizes=\"auto, (max-width: 1200px) 100vw, 1200px\" \/><figcaption id=\"caption-attachment-5847\" class=\"wp-caption-text\">\u201cEl municipio hoy cuenta con 35 equipos de vacunadoras que est\u00e1n al frente del proceso de inmunizaci\u00f3n contra el Covid-19\u201d: se\u00f1al\u00f3 Juan S\u00e1nchez P\u00e1ez, gerente de la ESE Hospital Materno Infantil de Soledad. Foto Adolfo Caballero &#8211; Ofiprensa Soledad<\/figcaption><\/figure>\n<p>El alcalde Ucr\u00f3s invit\u00f3 a las personas mayores a vacunarse y resalt\u00f3 que el sitio est\u00e1 muy bien adecuado para la jornada durante los pr\u00f3ximos 15 d\u00edas. <strong>\u201cEs un lugar con excelente ventilaci\u00f3n y seguridad para disminuir el riesgo de contagio. Invitamos a las personas mayores de 60 a\u00f1os a presentarse con su c\u00e9dula de ciudadan\u00eda y enfatizamos que no necesitan cita. Tenemos que vacunarnos todos porque solo cuando todos estemos vacunados, estaremos protegidos\u201d<\/strong>, indic\u00f3 el mandatario municipal.<\/p>\n<figure id=\"attachment_5845\" aria-describedby=\"caption-attachment-5845\" style=\"width: 1200px\" class=\"wp-caption aligncenter\"><img loading=\"lazy\" decoding=\"async\" class=\"wp-image-5845 size-full\" src=\"https:\/\/contrastes.com.co\/digital\/wp-content\/uploads\/2021\/05\/vacunacion-3.jpg\" alt=\"combarranquilla 3 5678\" width=\"1200\" height=\"783\" srcset=\"https:\/\/contrastes.com.co\/digital\/wp-content\/uploads\/2021\/05\/vacunacion-3.jpg 1200w, https:\/\/contrastes.com.co\/digital\/wp-content\/uploads\/2021\/05\/vacunacion-3-300x196.jpg 300w, https:\/\/contrastes.com.co\/digital\/wp-content\/uploads\/2021\/05\/vacunacion-3-1024x668.jpg 1024w, https:\/\/contrastes.com.co\/digital\/wp-content\/uploads\/2021\/05\/vacunacion-3-768x501.jpg 768w\" sizes=\"auto, (max-width: 1200px) 100vw, 1200px\" \/><figcaption id=\"caption-attachment-5845\" class=\"wp-caption-text\">Con el fin de cubrir el total de la poblaci\u00f3n mayor de 60 a\u00f1os, la Gobernaci\u00f3n del Atl\u00e1ntico, la Alcald\u00eda municipal y el Hospital Materno Infantil de Soledad acordaron extender la jornada masiva de vacunaci\u00f3n contra el Covid-19, que se desarrolla en Combarranquilla de la calle 30, durante 15 d\u00edas. Foto Adolfo Caballero &#8211; Ofiprensa Soledad<\/figcaption><\/figure>\n<p>La primera persona mayor inmunizada en este puesto fue Ana Carolina Mendoza. \u00abLos invito a todos a que vengan a vacunarse. Yo ten\u00eda miedo, pero decid\u00ed venir para salvar a mi familia y a todos mis amigos. No tengan miedo, con la vacuna saldremos pronto de esta crisis que estamos pasando\u00bb, manifest\u00f3.<\/p>\n<blockquote><p><strong><img loading=\"lazy\" decoding=\"async\" class=\"alignleft wp-image-5834\" src=\"https:\/\/contrastes.com.co\/digital\/wp-content\/uploads\/2021\/05\/comillas.png\" alt=\"comillas\" width=\"54\" height=\"54\" srcset=\"https:\/\/contrastes.com.co\/digital\/wp-content\/uploads\/2021\/05\/comillas.png 150w, https:\/\/contrastes.com.co\/digital\/wp-content\/uploads\/2021\/05\/comillas-60x60.png 60w\" sizes=\"auto, (max-width: 54px) 100vw, 54px\" \/>\u201cEl municipio hoy cuenta con 35 equipos de vacunadoras que est\u00e1n al frente del proceso de inmunizaci\u00f3n contra el Covid-19\u201d: Juan S\u00e1nchez P\u00e1ez, gerente de la ESE Hospital Materno Infantil de Soledad.<\/strong><\/p><\/blockquote>\n<p>Por su parte, el <strong>gerente del Hospital Materno Infantil, Juan S\u00e1nchez P\u00e1ez<\/strong>, indic\u00f3 que: <strong>\u00abLa idea con este punto es poder cubrir la mayor cantidad de personas que requieren la aplicaci\u00f3n de su vacuna en un espacio seguro, ventilado y cumpliendo con todas las normas de bioseguridad. Esto lo logramos mediante un trabajo en equipo con la Gobernaci\u00f3n del Atl\u00e1ntico, las EPS y el Hospital Materno Infantil. Con la vacunaci\u00f3n, juntos podemos salir de esta pandemia\u00bb, agreg\u00f3 S\u00e1nchez P\u00e1ez.<\/strong><\/p>\n<figure id=\"attachment_5846\" aria-describedby=\"caption-attachment-5846\" style=\"width: 1200px\" class=\"wp-caption aligncenter\"><img loading=\"lazy\" decoding=\"async\" class=\"wp-image-5846 size-full\" src=\"https:\/\/contrastes.com.co\/digital\/wp-content\/uploads\/2021\/05\/vacunacion-8.jpg\" alt=\"combarranquilla 4 789\" width=\"1200\" height=\"783\" srcset=\"https:\/\/contrastes.com.co\/digital\/wp-content\/uploads\/2021\/05\/vacunacion-8.jpg 1200w, https:\/\/contrastes.com.co\/digital\/wp-content\/uploads\/2021\/05\/vacunacion-8-300x196.jpg 300w, https:\/\/contrastes.com.co\/digital\/wp-content\/uploads\/2021\/05\/vacunacion-8-1024x668.jpg 1024w, https:\/\/contrastes.com.co\/digital\/wp-content\/uploads\/2021\/05\/vacunacion-8-768x501.jpg 768w\" sizes=\"auto, (max-width: 1200px) 100vw, 1200px\" \/><figcaption id=\"caption-attachment-5846\" class=\"wp-caption-text\">Los habitantes de Soledad que se encuentren en el rango de edad para ser vacunados tienen la posibilidad de hacerlo de una manera r\u00e1pida y muy bien organizada en este Centro Masivo de Vacunaci\u00f3n promovido por la Gobernaci\u00f3n del Atl\u00e1ntico, la alcald\u00eda de Soledad y el Hospital Materno Infantil. Foto Adolfo Caballero &#8211; Ofiprensa Soledad<\/figcaption><\/figure>\n<p>El funcionario explic\u00f3 que el sitio permite la atenci\u00f3n diaria de muchas personas, mediante agendamiento y demanda espont\u00e1nea. Agreg\u00f3 que: <strong>\u201cEl municipio hoy cuenta con 35 equipos de vacunadoras que est\u00e1n al frente del proceso de inmunizaci\u00f3n contra el Covid-19\u201d.<\/strong><\/p>\n<p>\u201cEste punto se ha adecuado con mucho esfuerzo y con el apoyo de la Gobernaci\u00f3n del Atl\u00e1ntico, la Secretar\u00eda de Salud departamental, la Alcald\u00eda de Soledad, el Hospital Materno Infantil y las EPS para que la comunidad tenga mucha m\u00e1s facilidad de recibir el biol\u00f3gico\u00bb, finaliz\u00f3 el gerente de la ESE.<\/p>\n<figure id=\"attachment_5849\" aria-describedby=\"caption-attachment-5849\" style=\"width: 1200px\" class=\"wp-caption aligncenter\"><img loading=\"lazy\" decoding=\"async\" class=\"wp-image-5849 size-full\" src=\"https:\/\/contrastes.com.co\/digital\/wp-content\/uploads\/2021\/05\/vacunacion-4.jpg\" alt=\"combarranquilla 8794\" width=\"1200\" height=\"783\" srcset=\"https:\/\/contrastes.com.co\/digital\/wp-content\/uploads\/2021\/05\/vacunacion-4.jpg 1200w, https:\/\/contrastes.com.co\/digital\/wp-content\/uploads\/2021\/05\/vacunacion-4-300x196.jpg 300w, https:\/\/contrastes.com.co\/digital\/wp-content\/uploads\/2021\/05\/vacunacion-4-1024x668.jpg 1024w, https:\/\/contrastes.com.co\/digital\/wp-content\/uploads\/2021\/05\/vacunacion-4-768x501.jpg 768w\" sizes=\"auto, (max-width: 1200px) 100vw, 1200px\" \/><figcaption id=\"caption-attachment-5849\" class=\"wp-caption-text\">La secretaria, encargada, de Salud del municipio de Soledad, Mayela Barrios, conversa con la gobernadora del Atl\u00e1ntico, Elsa Noguera y algunos de los solede\u00f1os que asistieron a la apertura del Puesto Masivo de Vacunaci\u00f3n ubicado en Combarranquilla de la calle 30. Foto Adolfo Caballero &#8211; Ofiprensa Soledad<\/figcaption><\/figure>\n","protected":false},"excerpt":{"rendered":"<p>Con el fin de cubrir el total de la poblaci\u00f3n mayor de 60 a\u00f1os, la Gobernaci\u00f3n del Atl\u00e1ntico, la Alcald\u00eda municipal y el Hospital Materno Infantil de Soledad acordaron extender la jornada masiva de vacunaci\u00f3n contra el Covid-19, que se desarrolla en Combarranquilla de la calle 30, durante 15 d\u00edas a partir de este s\u00e1bado.<\/p>\n","protected":false},"author":1,"featured_media":5843,"comment_status":"open","ping_status":"open","sticky":false,"template":"","format":"standard","meta":{"footnotes":""},"categories":[70,2,268,2861],"tags":[35,977,3380,31,3164,2014,3382,38,3381,1848,349],"class_list":["post-5842","post","type-post","status-publish","format-standard","has-post-thumbnail","hentry","category-coronavirus","category-locales","category-salud","category-vacunacion","tag-alcaldia-de-soledad","tag-alma-solano","tag-combarranquilla-de-la-calle-30","tag-elsa-noguera","tag-gerente-del-hospital-materno-infantil","tag-juan-sanchez-paez","tag-mayela-barrios","tag-municipio-de-soledad","tag-puesto-masivo-de-vacunacion","tag-rodolfo-ucros-rosales","tag-secretaria-de-salud-de-soledad"],"_links":{"self":[{"href":"https:\/\/contrastes.com.co\/digital\/wp-json\/wp\/v2\/posts\/5842","targetHints":{"allow":["GET"]}}],"collection":[{"href":"https:\/\/contrastes.com.co\/digital\/wp-json\/wp\/v2\/posts"}],"about":[{"href":"https:\/\/contrastes.com.co\/digital\/wp-json\/wp\/v2\/types\/post"}],"author":[{"embeddable":true,"href":"https:\/\/contrastes.com.co\/digital\/wp-json\/wp\/v2\/users\/1"}],"replies":[{"embeddable":true,"href":"https:\/\/contrastes.com.co\/digital\/wp-json\/wp\/v2\/comments?post=5842"}],"version-history":[{"count":1,"href":"https:\/\/contrastes.com.co\/digital\/wp-json\/wp\/v2\/posts\/5842\/revisions"}],"predecessor-version":[{"id":5850,"href":"https:\/\/contrastes.com.co\/digital\/wp-json\/wp\/v2\/posts\/5842\/revisions\/5850"}],"wp:featuredmedia":[{"embeddable":true,"href":"https:\/\/contrastes.com.co\/digital\/wp-json\/wp\/v2\/media\/5843"}],"wp:attachment":[{"href":"https:\/\/contrastes.com.co\/digital\/wp-json\/wp\/v2\/media?parent=5842"}],"wp:term":[{"taxonomy":"category","embeddable":true,"href":"https:\/\/contrastes.com.co\/digital\/wp-json\/wp\/v2\/categories?post=5842"},{"taxonomy":"post_tag","embeddable":true,"href":"https:\/\/contrastes.com.co\/digital\/wp-json\/wp\/v2\/tags?post=5842"}],"curies":[{"name":"wp","href":"https:\/\/api.w.org\/{rel}","templated":true}]}}