{"id":5904,"date":"2021-05-20T17:18:56","date_gmt":"2021-05-20T22:18:56","guid":{"rendered":"https:\/\/contrastes.com.co\/digital\/?p=5904"},"modified":"2021-05-20T17:21:27","modified_gmt":"2021-05-20T22:21:27","slug":"atlantico-gobernadora-anuncia-que-se-levantan-restricciones-para-este-fin-de-semana","status":"publish","type":"post","link":"https:\/\/contrastes.com.co\/digital\/atlantico-gobernadora-anuncia-que-se-levantan-restricciones-para-este-fin-de-semana\/","title":{"rendered":"Atl\u00e1ntico: Gobernadora anuncia que se levantan restricciones para este fin de semana"},"content":{"rendered":"<p><strong>Gobernadora anuncia que se levantan restricciones para este fin de semana en el Atl\u00e1ntico<\/strong><\/p>\n<blockquote><p><strong>*Con una ocupaci\u00f3n UCI del 78 por ciento, el departamento presenta una considerable disminuci\u00f3n en casos de Covid-19 y en letalidad.<\/strong><\/p>\n<p><strong>*Las playas del departamento y establecimientos comerciales estar\u00e1n abiertos, teniendo en cuenta los aforos que son coordinados por las alcald\u00edas municipales.<\/strong><\/p>\n<p><strong>*El fin de semana del 30 de mayo, fecha en que se celebra el D\u00eda de la Madre, el departamento tendr\u00e1 toque de queda y ley seca, desde el domingo a las 2:00 p.m. hasta el lunes a las 5:00 a.m.<\/strong><\/p><\/blockquote>\n<p><strong>Malambo.-<\/strong> La gobernadora del Atl\u00e1ntico, Elsa Noguera, durante su visita al municipio de Malambo, anunci\u00f3 que este fin de semana se levantan las medidas restrictivas de toque de queda y ley seca vigentes en los 22 municipios del Atl\u00e1ntico.<\/p>\n<p><iframe loading=\"lazy\" title=\"Gobernadora anuncia que se levantan restricciones para este fin de semana en el Atl\u00e1ntico\" width=\"640\" height=\"360\" src=\"https:\/\/www.youtube.com\/embed\/-0HHWfG-NDI?feature=oembed\" frameborder=\"0\" allow=\"accelerometer; autoplay; clipboard-write; encrypted-media; gyroscope; picture-in-picture; web-share\" referrerpolicy=\"strict-origin-when-cross-origin\" allowfullscreen><\/iframe><\/p>\n<p>La mandataria departamental reconoci\u00f3 que hay una considerable disminuci\u00f3n de las cifras de contagios y la letalidad por Covid-19 en el departamento, y que no se puede seguir exigiendo cierres cuando hay gente marchando en las calles, raz\u00f3n por la cual se decidi\u00f3 levantar las medidas.<\/p>\n<p>\u201cDado el gran esfuerzo de todos los atlanticenses y a la reducci\u00f3n considerable del n\u00famero de contagiados, hemos tomado la decisi\u00f3n de levantar medidas. Es decir, no tendremos m\u00e1s toques de queda, ni ley seca en las pr\u00f3ximas semanas\u00bb, expres\u00f3 la Gobernadora.<\/p>\n<p>La mandataria enfatiz\u00f3 en la importancia del autocuidado y explic\u00f3 que la circulaci\u00f3n del virus a\u00fan se mantiene, raz\u00f3n por la cual en esta nueva apertura todos tenemos lo obligaci\u00f3n de ser responsables con las recomendaciones y protocolos de bioseguridad.<\/p>\n<blockquote><p><strong><img loading=\"lazy\" decoding=\"async\" class=\"alignleft wp-image-5834\" src=\"https:\/\/contrastes.com.co\/digital\/wp-content\/uploads\/2021\/05\/comillas.png\" alt=\"comillas\" width=\"37\" height=\"37\" srcset=\"https:\/\/contrastes.com.co\/digital\/wp-content\/uploads\/2021\/05\/comillas.png 150w, https:\/\/contrastes.com.co\/digital\/wp-content\/uploads\/2021\/05\/comillas-60x60.png 60w\" sizes=\"auto, (max-width: 37px) 100vw, 37px\" \/>Elsa Noguera agreg\u00f3 que el pr\u00f3ximo 30 de mayo, D\u00eda de la Madre, habr\u00e1 toque de queda y ley seca, desde las 2:00 p.m. hasta las 5:00 a.m. del d\u00eda siguiente.<\/strong><\/p><\/blockquote>\n<p>\u201cAhora lo m\u00e1s importante es que nos cuidemos. Tanto las playas como los establecimientos p\u00fablicos, comerciales y nocturnos tendr\u00e1n que cumplir con las normas de bioseguridad y los aforos establecidos por las alcald\u00edas\u201d, enfatiz\u00f3 la mandataria departamental.<\/p>\n<p>Noguera explic\u00f3 que el sector comercial ha sido uno de los m\u00e1s afectados y que las cifras que hoy tenemos permiten su apertura y as\u00ed poco a poco reactivar la econom\u00eda del departamento<\/p>\n<p>Por su parte, la secretaria de Salud del departamento, Alma Solano, indic\u00f3 que, en el Atl\u00e1ntico la ocupaci\u00f3n de camas UCI est\u00e1 en un 78 por ciento.<\/p>\n<p>Asimismo, se registran 1.879 casos activos de Covid-19 y, seg\u00fan el informe del Instituto Nacional de Salud, el 19 de mayo se reportaron en el Atl\u00e1ntico 427 nuevos casos de contagios y 38 fallecidos.<\/p>\n","protected":false},"excerpt":{"rendered":"<p>La gobernadora del Atl\u00e1ntico, Elsa Noguera, durante su visita al municipio de Malambo, anunci\u00f3 que este fin de semana se levantan las medidas restrictivas de toque de queda y ley seca vigentes en los 22 municipios del Atl\u00e1ntico.<\/p>\n","protected":false},"author":1,"featured_media":5905,"comment_status":"open","ping_status":"open","sticky":false,"template":"","format":"standard","meta":{"footnotes":""},"categories":[70,6],"tags":[31,30,3396],"class_list":["post-5904","post","type-post","status-publish","format-standard","has-post-thumbnail","hentry","category-coronavirus","category-region","tag-elsa-noguera","tag-gobernacion-del-atlantico","tag-medidas-preventivas-covid-19"],"_links":{"self":[{"href":"https:\/\/contrastes.com.co\/digital\/wp-json\/wp\/v2\/posts\/5904","targetHints":{"allow":["GET"]}}],"collection":[{"href":"https:\/\/contrastes.com.co\/digital\/wp-json\/wp\/v2\/posts"}],"about":[{"href":"https:\/\/contrastes.com.co\/digital\/wp-json\/wp\/v2\/types\/post"}],"author":[{"embeddable":true,"href":"https:\/\/contrastes.com.co\/digital\/wp-json\/wp\/v2\/users\/1"}],"replies":[{"embeddable":true,"href":"https:\/\/contrastes.com.co\/digital\/wp-json\/wp\/v2\/comments?post=5904"}],"version-history":[{"count":3,"href":"https:\/\/contrastes.com.co\/digital\/wp-json\/wp\/v2\/posts\/5904\/revisions"}],"predecessor-version":[{"id":5908,"href":"https:\/\/contrastes.com.co\/digital\/wp-json\/wp\/v2\/posts\/5904\/revisions\/5908"}],"wp:featuredmedia":[{"embeddable":true,"href":"https:\/\/contrastes.com.co\/digital\/wp-json\/wp\/v2\/media\/5905"}],"wp:attachment":[{"href":"https:\/\/contrastes.com.co\/digital\/wp-json\/wp\/v2\/media?parent=5904"}],"wp:term":[{"taxonomy":"category","embeddable":true,"href":"https:\/\/contrastes.com.co\/digital\/wp-json\/wp\/v2\/categories?post=5904"},{"taxonomy":"post_tag","embeddable":true,"href":"https:\/\/contrastes.com.co\/digital\/wp-json\/wp\/v2\/tags?post=5904"}],"curies":[{"name":"wp","href":"https:\/\/api.w.org\/{rel}","templated":true}]}}