{"id":5909,"date":"2021-05-20T17:59:16","date_gmt":"2021-05-20T22:59:16","guid":{"rendered":"https:\/\/contrastes.com.co\/digital\/?p=5909"},"modified":"2021-05-20T18:06:01","modified_gmt":"2021-05-20T23:06:01","slug":"5909-2","status":"publish","type":"post","link":"https:\/\/contrastes.com.co\/digital\/5909-2\/","title":{"rendered":"\u201cAsesinados por la Polic\u00eda\u201d: el informe del Washington Post sobre protestas en Colombia"},"content":{"rendered":"<p><strong>\u201cAsesinados por la Polic\u00eda\u201d: el crudo informe del Washington Post sobre las protestas en Colombia<\/strong><\/p>\n<blockquote><p><strong>El diario estadounidense recogi\u00f3 testimonios y evidencia en video de los abusos que habr\u00edan cometido uniformados contra los manifestantes durante las protestas de los \u00faltimos d\u00edas.<\/strong><\/p><\/blockquote>\n<p>Son cuatro momentos que presenta de manera detallada el diario estadounidense <strong>The Washington Post<\/strong> sobre la muerte de j\u00f3venes manifestantes a manos de la fuerza p\u00fablica durante las protestas en Colombia, que estallaron el pasado 28 de abril.<\/p>\n<p>Santiago Andr\u00e9s Murillo, Brayan Fernando Ni\u00f1o, Joan Nicol\u00e1s Garc\u00eda y Marcelo Agredo Inchima, los nombres de estas cuatro v\u00edctimas mortales que el informe period\u00edstico analiza con la ayuda de videos y testimonios para reconstruir lo que pas\u00f3 con ellos y la responsabilidad de la Polic\u00eda en estas denuncias.<\/p>\n<p>El primer caso que expone esta publicaci\u00f3n de The Post es el de Marcelo Agredo de 17 a\u00f1os, quien muri\u00f3 tras recibir un disparo en su espalda en las protestas del 28 de abril en el barrio Mariano Ramos de Cali. \u201cAlrededor de 12 segundos en el video, Agredo y algunos otros corren hacia un oficial solitario que intenta alejarse en una motocicleta. Se puede ver a otros oficiales parados m\u00e1s atr\u00e1s. Un oficial en la intersecci\u00f3n levanta lo que parece ser un arma y dispara hacia los manifestantes. Agredo se lanza hacia el oficial en la motocicleta y lo patea en la espalda\u201d, cuenta el diario.<\/p>\n<p><a href=\"https:\/\/twitter.com\/i\/status\/1387621991142903810\">https:\/\/twitter.com\/i\/status\/1387621991142903810<\/a><\/p>\n<p>Sobre los disparos que lanza el polic\u00eda, ese medio consult\u00f3 al experto Brian Castner, analista de armas del Equipo de Crisis de Amnist\u00eda Internacional quien les dijo: \u201cDefinitivamente es munici\u00f3n real, basada en el perfil de sonido y el momento de los disparos\u201d. Uno de esos disparos cay\u00f3 en la espalda de Marcelo Agredo quien se desplom\u00f3 al instante como lo dej\u00f3 ver una c\u00e1mara de seguridad de la zona.<\/p>\n<p><iframe loading=\"lazy\" title=\"Muere joven tras darle patada por la espalda a un polic\u00eda: el uniformado le dispar\u00f3\" width=\"640\" height=\"360\" src=\"https:\/\/www.youtube.com\/embed\/29ewugfQIQQ?feature=oembed\" frameborder=\"0\" allow=\"accelerometer; autoplay; clipboard-write; encrypted-media; gyroscope; picture-in-picture; web-share\" referrerpolicy=\"strict-origin-when-cross-origin\" allowfullscreen><\/iframe><\/p>\n<h6><em>Muere joven tras darle patada por la espalda a un polic\u00eda: el uniformado le dispar\u00f3 (Caracol)<\/em><\/h6>\n<p>El pasado 13 de mayo, la Fiscal\u00eda General de la Naci\u00f3n imput\u00f3 cargos de homicidio agravado al patrullero Luis \u00c1ngel Piedrahita Hern\u00e1ndez, el polic\u00eda que dispar\u00f3 contra Marcelo Agredo. \u201cDe acuerdo con la investigaci\u00f3n y el material de prueba recaudado, el uniformado al parecer accion\u00f3 su arma de dotaci\u00f3n contra un adolescente de 17 a\u00f1os, despu\u00e9s de que este supuestamente lo golpe\u00f3 con el pie. Debido a la gravedad de la herida el joven falleci\u00f3\u201d, dijo el ente acusatorio.<\/p>\n<p><strong>The Washington Post<\/strong> tambi\u00e9n analiz\u00f3 el caso de Santiago Murillo, de 19 a\u00f1os, quien muri\u00f3 en Ibagu\u00e9 tras recibir un tiro en su pecho. Cuenta el diario que mientras una multitud corre, muy cerca del lugar donde viv\u00eda el joven, \u201cse escuchan unos 10 disparos en un lapso de unos 15 segundos, seg\u00fan un an\u00e1lisis de Castner. La fuente de los disparos no es visible en el video\u201d.<\/p>\n<figure id=\"attachment_5911\" aria-describedby=\"caption-attachment-5911\" style=\"width: 1200px\" class=\"wp-caption aligncenter\"><img loading=\"lazy\" decoding=\"async\" class=\"wp-image-5911 size-full\" src=\"https:\/\/contrastes.com.co\/digital\/wp-content\/uploads\/2021\/05\/victima-1.jpg\" alt=\"Santiago Andr\u00e9s Murillo\" width=\"1200\" height=\"783\" srcset=\"https:\/\/contrastes.com.co\/digital\/wp-content\/uploads\/2021\/05\/victima-1.jpg 1200w, https:\/\/contrastes.com.co\/digital\/wp-content\/uploads\/2021\/05\/victima-1-300x196.jpg 300w, https:\/\/contrastes.com.co\/digital\/wp-content\/uploads\/2021\/05\/victima-1-1024x668.jpg 1024w, https:\/\/contrastes.com.co\/digital\/wp-content\/uploads\/2021\/05\/victima-1-768x501.jpg 768w\" sizes=\"auto, (max-width: 1200px) 100vw, 1200px\" \/><figcaption id=\"caption-attachment-5911\" class=\"wp-caption-text\">Santiago Andr\u00e9s Murillo. Foto: redes sociales.<\/figcaption><\/figure>\n<p>Este 19 mayo, la Fiscal\u00eda General de la Naci\u00f3n dijo que tiene pruebas suficientes para demostrar que un mayor de la Polic\u00eda fue quien dispar\u00f3 y caus\u00f3 la muerte de Santiago Murillo.<\/p>\n<p>De acuerdo con el ente investigador, el uniformado dispar\u00f3 contra el joven quien caminaba tranquilamente por una zona de la ciudad. Adem\u00e1s, se supo que cuando Murillo recibi\u00f3 el impacto del arma de fuego, sus amigos pidieron ayuda a la Polic\u00eda, pero no fue asistido.<\/p>\n<p>El tercer caso que analiz\u00f3 <strong>The Post<\/strong> con el apoyo de videos fue el de Brayan Fernando Ni\u00f1o Araque, de 24 a\u00f1os, quien muri\u00f3 en medio de protestas del 1 de mayo en Madrid (municipio de Cundinamarca). \u201cEl video verificado por <strong>Human Rights Watch<\/strong> muestra un veh\u00edculo blindado con la palabra \u2018Polic\u00eda\u2019 en un costado que se dirige hacia un grupo de manifestantes que huyen. Trece segundos despu\u00e9s del video, la polic\u00eda dispara lo que parecen ser botes de gas lacrim\u00f3geno\u201d, detalla el informe.<\/p>\n<p>Esa munici\u00f3n disparada choc\u00f3 contra el rostro del joven que muri\u00f3 minutos despu\u00e9s. \u201cEl video gr\u00e1fico muestra a un grupo cargando a Ni\u00f1o, con el ojo derecho ensangrentado y el cuerpo fl\u00e1cido. En un comunicado a The Post, las autoridades dijeron que la causa de la muerte fue un arma afilada\u201d, se\u00f1al\u00f3 el diario estadounidense.<\/p>\n<figure id=\"attachment_5912\" aria-describedby=\"caption-attachment-5912\" style=\"width: 768px\" class=\"wp-caption aligncenter\"><img loading=\"lazy\" decoding=\"async\" class=\"wp-image-5912 size-full\" src=\"https:\/\/contrastes.com.co\/digital\/wp-content\/uploads\/2021\/05\/victima.jpg\" alt=\"Brayan Ni\u00f1o\" width=\"768\" height=\"512\" srcset=\"https:\/\/contrastes.com.co\/digital\/wp-content\/uploads\/2021\/05\/victima.jpg 768w, https:\/\/contrastes.com.co\/digital\/wp-content\/uploads\/2021\/05\/victima-300x200.jpg 300w\" sizes=\"auto, (max-width: 768px) 100vw, 768px\" \/><figcaption id=\"caption-attachment-5912\" class=\"wp-caption-text\">Brayan Ni\u00f1o<\/figcaption><\/figure>\n<p>Tras la muerte del joven, se supo que en la tanqueta se encontraba el mayor de la Polic\u00eda Javier Arenas, quien hab\u00eda acudido al llamado de sus compa\u00f1eros cuando \u00e9l se encontraba en el sector de Cartagenita, en modo preventivo, pero se traslad\u00f3 hasta all\u00ed tras los actos vand\u00e1licos contra sus compa\u00f1eros.<\/p>\n<p>El \u00faltimo caso en ser analizado por el diario The Post fue el de Joan Nicol\u00e1s Garc\u00eda Guerrero, quien desde Cali sali\u00f3 a protestar desde el 28 de abril. De hecho, ese d\u00eda le escribi\u00f3 a su mam\u00e1: \u201cTenemos que tener una guerra civil, es dolorosamente triste, pero cierto\u201d. El joven que pertenec\u00eda a la primera l\u00ednea, muri\u00f3 en la madrugada del 3 de mayo.<\/p>\n<p>\u201cEn la esquina superior derecha del encuadre, se puede ver a un grupo de hombres, incluido Garc\u00eda Guerrero, caminando hacia una pared de gas lacrim\u00f3geno. Un par de segundos despu\u00e9s, se puede escuchar un solo disparo. Garc\u00eda Guerrero cae. Otros se lo llevan\u201d, detalla el medio que analiz\u00f3 el video de este caso.<\/p>\n<p>\u201cEstaba abrumado por sus frustraciones y enojo. Le gustaba su pa\u00eds y no quer\u00eda ser subyugado por nadie. Tom\u00f3 la decisi\u00f3n de ir al frente y lo mataron. Ellos lo mataron\u201d, le dijo la madre de Guerrero a The Post.<\/p>\n<p>El alcalde de Cali, Jorge Iv\u00e1n Ospina, confirm\u00f3 que Nicol\u00e1s, era hijo de su primo, que era un buen muchacho, sostuvo el mandatario.<\/p>\n<p>En la plataforma <strong>Grita de Temblores ONG<\/strong>, dispuesta para denunciar los abusos de autoridad, <strong>se han documentado 2.378 casos de violencia policial \u2014excluyendo los ciudadanos en condici\u00f3n de desaparecidos\u2014, entre las 6 a. m. del 28 de abril y las 12 a. m. del 17 de mayo. <\/strong>De los 2.378 casos de violencia policial figuran 43 homicidios, al parecer perpetrados por la fuerza p\u00fablica.<\/p>\n","protected":false},"excerpt":{"rendered":"<p>\u201cAsesinados por la Polic\u00eda\u201d: el crudo informe del Washington Post sobre las protestas en Colombia El diario estadounidense recogi\u00f3 testimonios y evidencia en video de los abusos que habr\u00edan cometido uniformados contra los manifestantes durante las protestas de los \u00faltimos d\u00edas. Son cuatro momentos que presenta de manera detallada el diario estadounidense The Washington Post [&hellip;]<\/p>\n","protected":false},"author":1,"featured_media":5910,"comment_status":"open","ping_status":"open","sticky":false,"template":"","format":"standard","meta":{"footnotes":""},"categories":[85,1027,11,4,3234],"tags":[1228,3397,1211,3236,3238,3399,3398,3400],"class_list":["post-5909","post","type-post","status-publish","format-standard","has-post-thumbnail","hentry","category-analisis","category-investigacion-periodistica","category-mundo","category-pais","category-protestas","tag-analisis","tag-asesinatos","tag-paro-nacional","tag-protestas-en-colombia","tag-protestas-violentas","tag-reportaje","tag-the-washington-post","tag-victimas-en-colombia"],"_links":{"self":[{"href":"https:\/\/contrastes.com.co\/digital\/wp-json\/wp\/v2\/posts\/5909","targetHints":{"allow":["GET"]}}],"collection":[{"href":"https:\/\/contrastes.com.co\/digital\/wp-json\/wp\/v2\/posts"}],"about":[{"href":"https:\/\/contrastes.com.co\/digital\/wp-json\/wp\/v2\/types\/post"}],"author":[{"embeddable":true,"href":"https:\/\/contrastes.com.co\/digital\/wp-json\/wp\/v2\/users\/1"}],"replies":[{"embeddable":true,"href":"https:\/\/contrastes.com.co\/digital\/wp-json\/wp\/v2\/comments?post=5909"}],"version-history":[{"count":3,"href":"https:\/\/contrastes.com.co\/digital\/wp-json\/wp\/v2\/posts\/5909\/revisions"}],"predecessor-version":[{"id":5915,"href":"https:\/\/contrastes.com.co\/digital\/wp-json\/wp\/v2\/posts\/5909\/revisions\/5915"}],"wp:featuredmedia":[{"embeddable":true,"href":"https:\/\/contrastes.com.co\/digital\/wp-json\/wp\/v2\/media\/5910"}],"wp:attachment":[{"href":"https:\/\/contrastes.com.co\/digital\/wp-json\/wp\/v2\/media?parent=5909"}],"wp:term":[{"taxonomy":"category","embeddable":true,"href":"https:\/\/contrastes.com.co\/digital\/wp-json\/wp\/v2\/categories?post=5909"},{"taxonomy":"post_tag","embeddable":true,"href":"https:\/\/contrastes.com.co\/digital\/wp-json\/wp\/v2\/tags?post=5909"}],"curies":[{"name":"wp","href":"https:\/\/api.w.org\/{rel}","templated":true}]}}